{"id":208403,"date":"2024-01-24T07:30:00","date_gmt":"2024-01-24T06:30:00","guid":{"rendered":"https:\/\/www.tucomarca.com\/wordpress\/segunda\/?p=208403"},"modified":"2024-01-24T20:35:43","modified_gmt":"2024-01-24T19:35:43","slug":"la-diputacio-de-valencia-prorrogara-un-any-els-terminis-del-pla-dinversions-2022-23-aprovat-per-lanterior-equip-de-govern-amb-sis-mesos-de-retard","status":"publish","type":"post","link":"https:\/\/tucomarca.whitekongsoftware.com\/ca\/la-diputacio-de-valencia-prorrogara-un-any-els-terminis-del-pla-dinversions-2022-23-aprovat-per-lanterior-equip-de-govern-amb-sis-mesos-de-retard\/","title":{"rendered":"La Diputaci\u00f3 de Val\u00e8ncia prorrogar\u00e0 un any els terminis del Pla d&#8217;Inversions 2022-23 aprovat per l&#8217;anterior equip de govern amb sis mesos de retard"},"content":{"rendered":"\n<h4 class=\"wp-block-heading\">L&#8217;objectiu \u00e9s facilitar als ajuntaments la finalitzaci\u00f3 de les obres, el nivell d&#8217;execuci\u00f3 de les quals no arriba al 10%. La pr\u00f2rroga s&#8217;aprovar\u00e0 en el ple d&#8217;este mes, a proposta de la vicepresidenta primera i actual responsable de Cooperaci\u00f3, Nat\u00e0lia Enguix.<\/h4>\n\n\n\n<h4 class=\"wp-block-heading\">La causa principal d&#8217;esta baixa execuci\u00f3 del pla 22-23 \u00e9s el retard de sis mesos amb qu\u00e8 el va aprovar l&#8217;anterior govern de PSOE i Comprom\u00eds. &#8220;Hem hagut de fer un gran esfor\u00e7 per a prorrogar el pla anterior i facilitar que els diners es queden en els municipis\u201d, afig Enguix.<\/h4>\n\n\n\n<p class=\"wp-block-paragraph\">La Diputaci\u00f3 de Val\u00e8ncia ha prorrogat un any els terminis del Pla d&#8217;Inversions 2022-23, aprovat per l&#8217;anterior equip de govern, per a facilitar als ajuntaments la finalitzaci\u00f3 de les obres aprovades, el nivell d&#8217;execuci\u00f3 de les quals no arriba al 10%. La pr\u00f2rroga s&#8217;aprovar\u00e0 en el ple d&#8217;este mes, a proposta de la vicepresidenta primera i actual responsable de Cooperaci\u00f3, Nat\u00e0lia Enguix, qui explica que \u201cel principal problema va ser el retard de sis mesos en l&#8217;aprovaci\u00f3 dels projectes per part de l&#8217;anterior govern provincial\u201d. \u201cEn resposta a este problema que ens traslladen els alcaldes, els facilitarem el proc\u00e9s perqu\u00e8 els diners es queden als municipis\u201d, afig Enguix.<\/p>\n\n\n\n<p class=\"wp-block-paragraph\">Les xifres del Pla d&#8217;Inversions 2022-23 justifiquen la decisi\u00f3 del nou govern provincial, encap\u00e7alat per Vicent Momp\u00f3, d&#8217;ampliar els terminis per a tractar d&#8217;ajudar els alcaldes i alcaldesses a portar avant els projectes originals, o actuacions alternatives en cas que l&#8217;obra inicial no puga portar-se a terme. No va ser fins al 20 de setembre de 2022, quan el ple de la Diputaci\u00f3 va donar llum verda a 1.500 projectes presentats pels municipis, la qual cosa ha portat al fet que a penes s&#8217;hagen executat un 9,63% i hi ha un 71% d&#8217;obres sense adjudicar.<\/p>\n\n\n\n<p class=\"wp-block-paragraph\">En este sentit, la vicepresidenta Nat\u00e0lia Enguix explica que \u201chem tingut en compte els retards en l&#8217;aprovaci\u00f3 dels projectes i les dificultats dels ajuntaments per a concretar les inversions en els terminis previstos\u201d. En resposta a les sol\u00b7licituds dels consistoris, la Diputaci\u00f3 amplia del 28 de juny de 2024 al 19 de maig de 2025 el termini per a finalitzar les obres del Pla d&#8217;Inversions 2022-23, i del 30 de setembre d&#8217;enguany al 6 d&#8217;octubre de 2025 la data l\u00edmit per a justificar les actuacions executades.<\/p>\n\n\n\n<p class=\"wp-block-paragraph\">Nat\u00e0lia Enguix insistix que la prioritat \u00e9s \u201cajudar els alcaldes i alcaldesses a executar els projectes que presenten i que els diners que reben de la Diputaci\u00f3 es queden als municipis i no hagen de renunciar a les subvencions\u201d. Per a aix\u00f2, i tenint en compte que hi ha 100 milions d&#8217;euros sense executar dels 140 milions assignats en l&#8217;anterior pla d&#8217;inversions, \u201coferim solucions als ajuntaments no sols ampliant els terminis, sin\u00f3 autoritzant canvis de projectes que ara resulten inviables, sempre pensant que els diners assignats a cada municipi es tradu\u00efsquen en millores reals per als seus habitants\u201d.<\/p>\n\n\n\n<p class=\"wp-block-paragraph\"><strong>Pla Obert d\u2019Inversions<\/strong><\/p>\n\n\n\n<p class=\"wp-block-paragraph\">Els problemes detectats en els anteriors plans d&#8217;inversi\u00f3 \u201cs&#8217;han tingut molt en compte a l&#8217;hora d&#8217;aprovar el nou Pla Obert, un programa quadriennal que no sols recull el major esfor\u00e7 inversor en la hist\u00f2ria de la Diputaci\u00f3, sin\u00f3 que oferix als ajuntaments tot tipus de facilitats per a planificar les seues necessitats i presentar-les en qualsevol moment, contribuint al fet que no es precipiten a l&#8217;hora de decidir les obres i sobretot a executar-les de la manera m\u00e9s \u00e0gil possible una vegada estiguen aprovades\u201d.<\/p>\n\n\n\n<p class=\"wp-block-paragraph\">El nou Pla Obert d\u2019Inversions de la Diputaci\u00f3 de Val\u00e8ncia t\u00e9 una dotaci\u00f3 global de 350 milions d&#8217;euros, 340 milions per a municipis i altres 10 per a les mancomunitats, i comptar\u00e0 amb tres convocat\u00f2ries anuals d&#8217;aprovaci\u00f3 de projectes. El programa mant\u00e9 l&#8217;autonomia d&#8217;alcaldes i alcaldesses a l&#8217;hora de decidir les actuacions que necessiten els seus municipis, al mateix temps que incentivar\u00e0 les millores en les xarxes d&#8217;aigua potable, les iniciatives d&#8217;urbanisme amb perspectiva de g\u00e8nere i, en general, tots els projectes innovadors i arriscats que transformen les comarques valencianes. Els millors projectes, des del punt de vista de les bones pr\u00e0ctiques, seran reconeguts anualment per la Diputaci\u00f3.<\/p>\n","protected":false},"excerpt":{"rendered":"<div class=\"mh-excerpt\">L&#8217;objectiu \u00e9s facilitar als ajuntaments la finalitzaci\u00f3 de les obres, el nivell d&#8217;execuci\u00f3 de les quals no arriba al 10%. La pr\u00f2rroga s&#8217;aprovar\u00e0 en el ple d&#8217;este mes, a proposta de la vicepresidenta primera i <a class=\"mh-excerpt-more\" href=\"https:\/\/tucomarca.whitekongsoftware.com\/ca\/la-diputacio-de-valencia-prorrogara-un-any-els-terminis-del-pla-dinversions-2022-23-aprovat-per-lanterior-equip-de-govern-amb-sis-mesos-de-retard\/\" title=\"La Diputaci\u00f3 de Val\u00e8ncia prorrogar\u00e0 un any els terminis del Pla d&#8217;Inversions 2022-23 aprovat per l&#8217;anterior equip de govern amb sis mesos de retard\">[+] <\/a><\/div>\n","protected":false},"author":12,"featured_media":206951,"comment_status":"open","ping_status":"open","sticky":false,"template":"","format":"standard","meta":{"footnotes":""},"categories":[10890,10951,10892,11046,10898,10948,10963,10894,10912,10902,10947,10909,10896],"tags":[11246,17005],"class_list":["post-208403","post","type-post","status-publish","format-standard","has-post-thumbnail","category-ademus","category-ayora-cofrentes-ca","category-camp-de-turia-ca","category-los-serranos-ca","category-ventana-ca","category-infraestructuras-ca","category-la-canal-de-navarres-ca","category-la-comarca-ca","category-la-hoya-ca","category-la-ribera-ca","category-politica","category-requena-utiel-ca","category-seccion-ca","tag-diputacio-de-valencia-ca","tag-plan-de-inversiones-2022-23-ca"],"_links":{"self":[{"href":"https:\/\/tucomarca.whitekongsoftware.com\/ca\/wp-json\/wp\/v2\/posts\/208403","targetHints":{"allow":["GET"]}}],"collection":[{"href":"https:\/\/tucomarca.whitekongsoftware.com\/ca\/wp-json\/wp\/v2\/posts"}],"about":[{"href":"https:\/\/tucomarca.whitekongsoftware.com\/ca\/wp-json\/wp\/v2\/types\/post"}],"author":[{"embeddable":true,"href":"https:\/\/tucomarca.whitekongsoftware.com\/ca\/wp-json\/wp\/v2\/users\/12"}],"replies":[{"embeddable":true,"href":"https:\/\/tucomarca.whitekongsoftware.com\/ca\/wp-json\/wp\/v2\/comments?post=208403"}],"version-history":[{"count":0,"href":"https:\/\/tucomarca.whitekongsoftware.com\/ca\/wp-json\/wp\/v2\/posts\/208403\/revisions"}],"wp:featuredmedia":[{"embeddable":true,"href":"https:\/\/tucomarca.whitekongsoftware.com\/ca\/wp-json\/wp\/v2\/media\/206951"}],"wp:attachment":[{"href":"https:\/\/tucomarca.whitekongsoftware.com\/ca\/wp-json\/wp\/v2\/media?parent=208403"}],"wp:term":[{"taxonomy":"category","embeddable":true,"href":"https:\/\/tucomarca.whitekongsoftware.com\/ca\/wp-json\/wp\/v2\/categories?post=208403"},{"taxonomy":"post_tag","embeddable":true,"href":"https:\/\/tucomarca.whitekongsoftware.com\/ca\/wp-json\/wp\/v2\/tags?post=208403"}],"curies":[{"name":"wp","href":"https:\/\/api.w.org\/{rel}","templated":true}]}}