{"id":208364,"date":"2024-01-24T07:58:00","date_gmt":"2024-01-24T06:58:00","guid":{"rendered":"https:\/\/www.tucomarca.com\/wordpress\/segunda\/?p=208364"},"modified":"2024-01-24T19:37:52","modified_gmt":"2024-01-24T18:37:52","slug":"el-pla-obert-de-la-diputacio-repartira-54-milions-mes-entre-els-municipis-del-camp-de-turia-i-26-milions-mes-en-los-serranos","status":"publish","type":"post","link":"https:\/\/tucomarca.whitekongsoftware.com\/ca\/el-pla-obert-de-la-diputacio-repartira-54-milions-mes-entre-els-municipis-del-camp-de-turia-i-26-milions-mes-en-los-serranos\/","title":{"rendered":"El Pla Obert de la Diputaci\u00f3 repartir\u00e0 5,4 milions m\u00e9s entre els municipis del Camp de T\u00faria i 2,6 milions m\u00e9s en Los Serranos"},"content":{"rendered":"\n<h4 class=\"wp-block-heading\">L\u2019assignaci\u00f3 d&#8217;este pla a quatre anys, una de les novetats per a facilitar la planificaci\u00f3 i execuci\u00f3 de les obres, creix de manera generalitzada en tots els municipis i assigna 25,8 milions d&#8217;euros al Camp de T\u00faria, 19,1 milions als serrans i 5,9 milions al Rinc\u00f3n de Ademuz.<\/h4>\n\n\n\n<h4 class=\"wp-block-heading\">La vicepresidenta primera i responsable de Cooperaci\u00f3, Nat\u00e0lia Enguix, assegura que \u201cm\u00e9s enll\u00e0 de titulars amb l&#8217;anunci de milions, facilitarem el proc\u00e9s als pobles perqu\u00e8 convertisquen en realitat els seus projectes\u201d.<\/h4>\n\n\n\n<h4 class=\"wp-block-heading\">El ple de gener aprovar\u00e0 un pla que premiar\u00e0 les iniciatives arriscades i noves que transformen els municipis i que tindr\u00e0 tres convocat\u00f2ries anuals, la primera a l&#8217;abril. Es podran presentar projectes durant tot l&#8217;any.<\/h4>\n\n\n\n<p class=\"wp-block-paragraph\">Els municipis del Camp de T\u00faria, Los Serranos i el Rinc\u00f3n de Ademuz han vist incrementada de forma generalitzada la seua assignaci\u00f3 amb el nou Pla Obert d\u2019Inversions de la Diputaci\u00f3 de Val\u00e8ncia. En concret, els 16 ajuntaments del Camp de T\u00faria rebran en el seu conjunt 25.825.731 euros en els pr\u00f2xims quatre anys, 5,4 milions m\u00e9s que en el per\u00edode 2019-23; mentre que els 19 consistoris serrans disposaran de 19.103.865 euros, 2,6 milions m\u00e9s que en la passada legislatura; i els del Rinc\u00f3n de Ademuz es repartiran 5.934.426 euros, 586.000 m\u00e9s que en els \u00faltims plans d&#8217;inversi\u00f3 de la Diputaci\u00f3.<\/p>\n\n\n\n<figure class=\"wp-block-gallery has-nested-images columns-1 is-cropped wp-block-gallery-1 is-layout-flex wp-block-gallery-is-layout-flex\">\n<figure class=\"wp-block-image size-large\"><img loading=\"lazy\" decoding=\"async\" width=\"1945\" height=\"657\" data-id=\"208351\" src=\"http:\/\/www.tucomarca.com\/wordpress\/segunda\/wp-content\/uploads\/2024\/01\/CampdeTuria.jpg\" alt=\"\" class=\"wp-image-208351\" srcset=\"https:\/\/tucomarca.whitekongsoftware.com\/wp-content\/uploads\/2024\/01\/CampdeTuria.jpg 1945w, https:\/\/tucomarca.whitekongsoftware.com\/wp-content\/uploads\/2024\/01\/CampdeTuria-300x101.jpg 300w, https:\/\/tucomarca.whitekongsoftware.com\/wp-content\/uploads\/2024\/01\/CampdeTuria-1024x346.jpg 1024w, https:\/\/tucomarca.whitekongsoftware.com\/wp-content\/uploads\/2024\/01\/CampdeTuria-768x259.jpg 768w, https:\/\/tucomarca.whitekongsoftware.com\/wp-content\/uploads\/2024\/01\/CampdeTuria-1536x519.jpg 1536w\" sizes=\"auto, (max-width: 1945px) 100vw, 1945px\" \/><\/figure>\n\n\n\n<figure class=\"wp-block-image size-large\"><img loading=\"lazy\" decoding=\"async\" width=\"1939\" height=\"366\" data-id=\"208353\" src=\"http:\/\/www.tucomarca.com\/wordpress\/segunda\/wp-content\/uploads\/2024\/01\/RincondeAdemuz.jpg\" alt=\"\" class=\"wp-image-208353\" srcset=\"https:\/\/tucomarca.whitekongsoftware.com\/wp-content\/uploads\/2024\/01\/RincondeAdemuz.jpg 1939w, https:\/\/tucomarca.whitekongsoftware.com\/wp-content\/uploads\/2024\/01\/RincondeAdemuz-300x57.jpg 300w, https:\/\/tucomarca.whitekongsoftware.com\/wp-content\/uploads\/2024\/01\/RincondeAdemuz-1024x193.jpg 1024w, https:\/\/tucomarca.whitekongsoftware.com\/wp-content\/uploads\/2024\/01\/RincondeAdemuz-768x145.jpg 768w, https:\/\/tucomarca.whitekongsoftware.com\/wp-content\/uploads\/2024\/01\/RincondeAdemuz-1536x290.jpg 1536w\" sizes=\"auto, (max-width: 1939px) 100vw, 1939px\" \/><\/figure>\n<\/figure>\n\n\n\n<p class=\"wp-block-paragraph\">Totes les comarques valencianes han vist incrementada de manera considerable l&#8217;assignaci\u00f3 del nou Pla Obert d\u2019Inversions de la Diputaci\u00f3 de Val\u00e8ncia, el major programa inversor en la hist\u00f2ria de la corporaci\u00f3 provincial amb una partida de 350 milions d&#8217;euros a quatre anys. Precisament la planificaci\u00f3 quadriennal \u00e9s una de les principals novetats d&#8217;un pla que pret\u00e9n \u201cfacilitar el proc\u00e9s als ajuntaments, que podran presentar els seus projectes en qualsevol moment, sense pressions, i disposaran del temps suficient per a executar les obres i que els diners es queden als pobles\u201d, destaca la vicepresidenta primera i responsable de Cooperaci\u00f3, Nat\u00e0lia Enguix.<\/p>\n\n\n\n<p class=\"wp-block-paragraph\">Les xifres del Pla Obert d\u2019Inversions, comunicades a cada alcalde i alcaldessa el passat 5 de gener, tal com va avan\u00e7ar la vicepresidenta Enguix en la presentaci\u00f3 del pla, confirmen que 257 de 264 ajuntaments rebran m\u00e9s diners amb el Pla Obert, mentre que els set restants disposaran d&#8217;inversions complement\u00e0ries al llarg de la legislatura perqu\u00e8 puguen igualment incrementar els seus recursos. \u201cLa resposta ha sigut molt positiva per part dels alcaldes i alcaldesses, que valoren sobretot la implicaci\u00f3 de la Diputaci\u00f3 per a facilitar el procediment i agilitzar els projectes\u201d, assegura la vicepresidenta.<\/p>\n\n\n\n<p class=\"wp-block-paragraph\">En paraules d&#8217;Enguix, \u201cqueda acreditat l&#8217;esfor\u00e7 inversor i que els ajuntaments disposaran de m\u00e9s recursos econ\u00f2mics, per\u00f2 no volem que este siga un pla sol de titulars amb una pluja de milions per als pobles, sin\u00f3 que els projectes es plasmen en millores reals per als municipis i que siga tamb\u00e9 un pla de valors, que incentivar\u00e0 la responsabilitat dels alcaldes en actuacions relacionades amb l&#8217;aigua, els espais verds i infantils, les infraestructures esportives o l&#8217;urbanisme amb perspectiva de g\u00e8nere, i reconeixer\u00e0 les bones pr\u00e0ctiques dels ajuntaments i les iniciatives noves que transformen els nostres municipis\u201d.<\/p>\n\n\n\n<p class=\"wp-block-paragraph\"><strong>Repartiment per municipis<\/strong><\/p>\n\n\n\n<p class=\"wp-block-paragraph\">L&#8217;assignaci\u00f3 del nou pla d&#8217;inversions de la Diputaci\u00f3 que dirigix Vicent Momp\u00f3 creix exponencialment en tots els municipis de les tres comarques. En el cas del Camp de T\u00faria, destaquen els 628.000 euros de m\u00e9s que rebr\u00e0 B\u00e9tera (2.373.048 euros); els 478.000 euros addicionals per a La Pobla de Vallbona (2.304.272 euros); els +462.000 de Ll\u00edria (2.563.884 euros); els +440.000 de N\u00e0quera (1.687.431 euros); els +421.000 de Vilamarxant (1.972.177 euros); els +420.000 de Riba-roja (2.368.752 euros); els +414.000 de L&#8217;Eliana (2.099.204 euros); i els +413.000 de San Antonio de Benag\u00e9ber (1.703.716 euros).<\/p>\n\n\n\n<p class=\"wp-block-paragraph\">En Los Serranos, els principals increments es donen a Pedralba, amb 401.000 euros m\u00e9s i 1.374.614 euros d&#8217;assignaci\u00f3; a Loriguilla, amb 292.000 euros m\u00e9s i una assignaci\u00f3 d&#8217;1.214.986 euros; i a Villar del Arzobispo, amb 258.000 euros m\u00e9s i una assignaci\u00f3 d&#8217;1.248.312 euros. A m\u00e9s, Chelva, Alcublas i Tu\u00e9jar superen els 200.000 euros d&#8217;augment respecte a l&#8217;anterior legislatura. En esta comarca hi ha dos municipis, Alpuente i Andilla, que malgrat rebre prop del mili\u00f3 d&#8217;euros quedaran per davall d&#8217;anteriors plans, ja que el Pla Obert tindr\u00e0 en compte les pedanies en altres l\u00ednies d&#8217;inversi\u00f3 que compensaran en el seu moment l&#8217;assignaci\u00f3 rebuda per estos ajuntaments.<\/p>\n\n\n\n<p class=\"wp-block-paragraph\">Finalment, en el Rinc\u00f3n de Ademuz destaquen els 183.000 euros d&#8217;increment a Casas Altas (786.073 euros); els 158.000 euros de m\u00e9s que rebr\u00e0 la Puebla de San Miguel (792.957 euros); i els m\u00e9s de 90.000 euros addicionals per a Ademuz (1.139.738 euros) i Vallanca (800.112 euros). En el mateix cas que Alpuente i Andilla es troba Castielfabib, que perdr\u00e0 d&#8217;inici 15.000 euros d&#8217;una aportaci\u00f3 global d&#8217;1.042.793 euros, que es veur\u00e0 incrementada amb altres l\u00ednies d&#8217;inversi\u00f3.<\/p>\n\n\n\n<p class=\"wp-block-paragraph\">La vicepresidenta Enguix afig que les modulacions en les f\u00f3rmules de repartiment \u201csempre generen canvis puntuals en l&#8217;assignaci\u00f3 als municipis, per\u00f2 esta vegada ha sigut a l&#8217;al\u00e7a per a tots, com no podia ser d&#8217;una altra forma quan s&#8217;ha incrementat la dotaci\u00f3 del pla en 60 milions d&#8217;euros\u201d. \u201cEn esta ocasi\u00f3 ha prevalgut m\u00e9s la poblaci\u00f3 que el territori, en coher\u00e8ncia amb el que els valencians reclamen al sistema de finan\u00e7ament estatal, que ens infrafinan\u00e7a al no tindre en compte la poblaci\u00f3\u201d, conclou la responsable provincial.<\/p>\n","protected":false},"excerpt":{"rendered":"<div class=\"mh-excerpt\">L\u2019assignaci\u00f3 d&#8217;este pla a quatre anys, una de les novetats per a facilitar la planificaci\u00f3 i execuci\u00f3 de les obres, creix de manera generalitzada en tots els municipis i assigna 25,8 milions d&#8217;euros al Camp <a class=\"mh-excerpt-more\" href=\"https:\/\/tucomarca.whitekongsoftware.com\/ca\/el-pla-obert-de-la-diputacio-repartira-54-milions-mes-entre-els-municipis-del-camp-de-turia-i-26-milions-mes-en-los-serranos\/\" title=\"El Pla Obert de la Diputaci\u00f3 repartir\u00e0 5,4 milions m\u00e9s entre els municipis del Camp de T\u00faria i 2,6 milions m\u00e9s en Los Serranos\">[+] <\/a><\/div>\n","protected":false},"author":12,"featured_media":206991,"comment_status":"open","ping_status":"open","sticky":false,"template":"","format":"gallery","meta":{"footnotes":""},"categories":[10890,10926,10952,10938,10937,10892,10923,10924,10930,10925,10929,10948,10894,10915,10960,10928,10893,10932,10936,10935,10947,10906,10934,10896,10933,10961,10962,10927],"tags":[10899,11246,19988,12039],"class_list":["post-208364","post","type-post","status-publish","format-gallery","has-post-thumbnail","category-ademus","category-ademus-ca","category-benaguasil-ca","category-benisano-ca","category-betera-ca","category-camp-de-turia-ca","category-cases-altes","category-cases-baixes","category-casinos-ca","category-castielfabib-ca","category-gatova-ca","category-infraestructuras-ca","category-la-comarca-ca","category-la-pobla-ca","category-la-puebla-de-san-miguel-ca","category-lliria-ca","category-leliana-ca","category-marines-ca","category-naquera-ca","category-olocau-ca","category-politica","category-riba-roja-ca","category-san-antonio-de-benageber-ca","category-seccion-ca","category-serra-ca","category-torrebaja-ca","category-vallanca-ca","category-vilamarxant-ca","tag-camp-de-turia-ca","tag-diputacio-de-valencia-ca","tag-pla-obert-dinversions-ca","tag-rincon-de-ademuz-ca","post_format-post-format-gallery"],"_links":{"self":[{"href":"https:\/\/tucomarca.whitekongsoftware.com\/ca\/wp-json\/wp\/v2\/posts\/208364","targetHints":{"allow":["GET"]}}],"collection":[{"href":"https:\/\/tucomarca.whitekongsoftware.com\/ca\/wp-json\/wp\/v2\/posts"}],"about":[{"href":"https:\/\/tucomarca.whitekongsoftware.com\/ca\/wp-json\/wp\/v2\/types\/post"}],"author":[{"embeddable":true,"href":"https:\/\/tucomarca.whitekongsoftware.com\/ca\/wp-json\/wp\/v2\/users\/12"}],"replies":[{"embeddable":true,"href":"https:\/\/tucomarca.whitekongsoftware.com\/ca\/wp-json\/wp\/v2\/comments?post=208364"}],"version-history":[{"count":0,"href":"https:\/\/tucomarca.whitekongsoftware.com\/ca\/wp-json\/wp\/v2\/posts\/208364\/revisions"}],"wp:featuredmedia":[{"embeddable":true,"href":"https:\/\/tucomarca.whitekongsoftware.com\/ca\/wp-json\/wp\/v2\/media\/206991"}],"wp:attachment":[{"href":"https:\/\/tucomarca.whitekongsoftware.com\/ca\/wp-json\/wp\/v2\/media?parent=208364"}],"wp:term":[{"taxonomy":"category","embeddable":true,"href":"https:\/\/tucomarca.whitekongsoftware.com\/ca\/wp-json\/wp\/v2\/categories?post=208364"},{"taxonomy":"post_tag","embeddable":true,"href":"https:\/\/tucomarca.whitekongsoftware.com\/ca\/wp-json\/wp\/v2\/tags?post=208364"}],"curies":[{"name":"wp","href":"https:\/\/api.w.org\/{rel}","templated":true}]}}