{"id":208198,"date":"2024-01-23T10:00:00","date_gmt":"2024-01-23T09:00:00","guid":{"rendered":"https:\/\/www.tucomarca.com\/wordpress\/segunda\/?p=208198"},"modified":"2024-01-23T13:10:57","modified_gmt":"2024-01-23T12:10:57","slug":"el-prya-dona-suport-a-les-mobilitzacions-agraries-convocades-a-la-comunitat-valenciana","status":"publish","type":"post","link":"https:\/\/tucomarca.whitekongsoftware.com\/ca\/el-prya-dona-suport-a-les-mobilitzacions-agraries-convocades-a-la-comunitat-valenciana\/","title":{"rendered":"El PRyA dona suport a les mobilitzacions agr\u00e0ries convocades a la Comunitat Valenciana"},"content":{"rendered":"\n<p class=\"wp-block-paragraph\">\u201cDes del PRyA secundem i ens sumem a les mobilitzacions del sector agrari convocades per AVA-ASAJA i, especialment, a la &#8216;foguera del vi&#8217; del dia 26 de gener a Caudete de las Fuentes&#8221;, han manifestat des de la formaci\u00f3.\u00a0<br>&#8220;Des de la nostra posici\u00f3 com a partit pol\u00edtic d&#8217;\u00e0mbit local i exclusiu de Requena, com no podria ser d&#8217;una altra manera, sempre hem donat suport a aquest tipus reivindicacions dels nostres agricultors, independentment de qui les convoque&#8221;, han afegit.<br>&#8220;Hem de conjuminar esfor\u00e7os per a aconseguir que les administracions europea, nacional i auton\u00f2mica es comprometen a implantar quantes mesures siguen necess\u00e0ries per a garantir la rendibilitat del nostre camp i aix\u00ed acabar amb la crisi que travessa el nostre sector agrari\u201d.\u00a0<br>\u201cDes del Partit\u00a0 de Requena i Llogarets fem costat al sector agr\u00edcola, i tamb\u00e9 fem una crida a la resta de formacions pol\u00edtiques de la comarca perqu\u00e8 expressen la seua adhesi\u00f3 a les reivindicacions dels agricultors, perqu\u00e8 tot suport \u00e9s necessari per a aconseguir l&#8217;objectiu&#8221;.\u00a0<br>&#8220;Per al PRyA, defensar el nostre \u00e9s prioritari i hem de fer-ho tots junts, per la qual cosa tamb\u00e9 animem a qualsevol ve\u00ed, siga agricultor o no, a sumar-se i donar suport a les reivindicacions del sector agrari\u201d, han finalitzat.<\/p>\n","protected":false},"excerpt":{"rendered":"<div class=\"mh-excerpt\">\u201cDes del PRyA secundem i ens sumem a les mobilitzacions del sector agrari convocades per AVA-ASAJA i, especialment, a la &#8216;foguera del vi&#8217; del dia 26 de gener a Caudete de las Fuentes&#8221;, han manifestat <a class=\"mh-excerpt-more\" href=\"https:\/\/tucomarca.whitekongsoftware.com\/ca\/el-prya-dona-suport-a-les-mobilitzacions-agraries-convocades-a-la-comunitat-valenciana\/\" title=\"El PRyA dona suport a les mobilitzacions agr\u00e0ries convocades a la Comunitat Valenciana\">[+] <\/a><\/div>\n","protected":false},"author":12,"featured_media":208192,"comment_status":"open","ping_status":"open","sticky":false,"template":"","format":"standard","meta":{"footnotes":""},"categories":[10905,10948,10894,10904,10903,10947,10908,10909,10896],"tags":[20129,12796,11099,10910],"class_list":["post-208198","post","type-post","status-publish","format-standard","has-post-thumbnail","category-agricultura-la-comarca-ca","category-infraestructuras-ca","category-la-comarca-ca","category-sin-categorizar-ca","category-medio-ambiente-la-comarca-ca","category-politica","category-requena-ca","category-requena-utiel-ca","category-seccion-ca","tag-movilizaciones-agrarias-ca","tag-prya-ca","tag-requena-ca","tag-requena-utiel-ca"],"_links":{"self":[{"href":"https:\/\/tucomarca.whitekongsoftware.com\/ca\/wp-json\/wp\/v2\/posts\/208198","targetHints":{"allow":["GET"]}}],"collection":[{"href":"https:\/\/tucomarca.whitekongsoftware.com\/ca\/wp-json\/wp\/v2\/posts"}],"about":[{"href":"https:\/\/tucomarca.whitekongsoftware.com\/ca\/wp-json\/wp\/v2\/types\/post"}],"author":[{"embeddable":true,"href":"https:\/\/tucomarca.whitekongsoftware.com\/ca\/wp-json\/wp\/v2\/users\/12"}],"replies":[{"embeddable":true,"href":"https:\/\/tucomarca.whitekongsoftware.com\/ca\/wp-json\/wp\/v2\/comments?post=208198"}],"version-history":[{"count":0,"href":"https:\/\/tucomarca.whitekongsoftware.com\/ca\/wp-json\/wp\/v2\/posts\/208198\/revisions"}],"wp:featuredmedia":[{"embeddable":true,"href":"https:\/\/tucomarca.whitekongsoftware.com\/ca\/wp-json\/wp\/v2\/media\/208192"}],"wp:attachment":[{"href":"https:\/\/tucomarca.whitekongsoftware.com\/ca\/wp-json\/wp\/v2\/media?parent=208198"}],"wp:term":[{"taxonomy":"category","embeddable":true,"href":"https:\/\/tucomarca.whitekongsoftware.com\/ca\/wp-json\/wp\/v2\/categories?post=208198"},{"taxonomy":"post_tag","embeddable":true,"href":"https:\/\/tucomarca.whitekongsoftware.com\/ca\/wp-json\/wp\/v2\/tags?post=208198"}],"curies":[{"name":"wp","href":"https:\/\/api.w.org\/{rel}","templated":true}]}}