{"id":208175,"date":"2024-01-23T09:00:00","date_gmt":"2024-01-23T08:00:00","guid":{"rendered":"https:\/\/www.tucomarca.com\/wordpress\/segunda\/?p=208175"},"modified":"2024-01-23T12:55:40","modified_gmt":"2024-01-23T11:55:40","slug":"un-total-de-14-expositors-es-donaran-cita-en-la-cinquena-edicio-de-la-fira-valenciana-de-la-tofona-a-andilla","status":"publish","type":"post","link":"https:\/\/tucomarca.whitekongsoftware.com\/ca\/un-total-de-14-expositors-es-donaran-cita-en-la-cinquena-edicio-de-la-fira-valenciana-de-la-tofona-a-andilla\/","title":{"rendered":"Un total de 14 expositors es donaran cita en la cinquena edici\u00f3 de la Fira valenciana de la t\u00f2fona a Andilla\u00a0"},"content":{"rendered":"\n<h4 class=\"wp-block-heading\">L&#8217;objectiu de FIVATRUF, que se celebra el 27 i 28 de gener en el recinte firal de La Pobleta (Andilla), \u00e9s posicionar al municipi com a referent de la t\u00f2fona a la prov\u00edncia de Val\u00e8ncia amb un producte local, sostenible, de gran qualitat i focus de desenvolupament d&#8217;una localitat en risc de despoblaci\u00f3.<\/h4>\n\n\n\n<h4 class=\"wp-block-heading\">La t\u00f2fona negra d&#8217;Andilla ser\u00e0 present enguany en la 22\u00e9 edici\u00f3 de Madrid Fusi\u00f3 Aliments d&#8217;Espanya del 29 al 31 de gener degut a la seua gran qualitat.\u00a0<\/h4>\n\n\n\n<p class=\"wp-block-paragraph\">Un total de 14 signatures expositores relacionades amb el m\u00f3n de la t\u00f2fona es donaran cita en la V edici\u00f3 de la Fira Valenciana de la T\u00f2fona (FIVATRUF) organitzada per l&#8217;Ajuntament d&#8217;Andilla en el recinte firal de La Pobleta el dissabte 27 i diumenge 28 de gener.&nbsp;<\/p>\n\n\n\n<p class=\"wp-block-paragraph\">L&#8217;objectiu d&#8217;aquesta trobada \u00e9s posicionar al municipi d&#8217;Andilla com a referent en el cultiu de la t\u00f2fona negra, tuber melanosporum, a la prov\u00edncia de Val\u00e8ncia, amb un producte local, econ\u00f2micament sostenible, de gran qualitat i focus de desenvolupament per a una poblaci\u00f3 en risc de despoblaci\u00f3.&nbsp;<\/p>\n\n\n\n<p class=\"wp-block-paragraph\">Present a Madrid Fusi\u00f3 Aliments d&#8217;Espanya 2024<\/p>\n\n\n\n<p class=\"wp-block-paragraph\">La t\u00f2fona negra d&#8217;Andilla compta amb una gran qualitat que la portar\u00e0 enguany a ser present en la 22\u00e9 edici\u00f3 de Madrid Fusi\u00f3 Aliments d&#8217;Espanya, el congr\u00e9s gastron\u00f2mic m\u00e9s important del m\u00f3n del 29 al 31 de gener de 2024.&nbsp;<\/p>\n\n\n\n<p class=\"wp-block-paragraph\">FIVATRUF, que albergar\u00e0 un total de 14 estands de signatures productores i expositores de Terol, Lle\u00f3, Val\u00e8ncia i Castell\u00f3 comptar\u00e0 amb una demostraci\u00f3 de ca\u00e7a de t\u00f2fona negra amb gossos tofoners a c\u00e0rrec del truficultor Ernesto Engu\u00eddanos .&nbsp;<\/p>\n\n\n\n<p class=\"wp-block-paragraph\">Com a novetats de FIVATRUF, ja consolidada en la seua V edici\u00f3, destaca la I edici\u00f3 del Concurs Popular de Tapes Trufadas en el qual els participants inscrits portaran preparada de casa la seua tapa, i l&#8217;objectiu de la qual \u00e9s incentivar l&#8217;\u00fas de t\u00f2fona entre els ve\u00efns de la zona. I l&#8217;exposici\u00f3 durant els dos dies de l&#8217;esdeveniment d&#8217;una exhibici\u00f3 de cotxes 4&#215;4 que preveu atraure a un gran nombre de p\u00fablic.<\/p>\n\n\n\n<p class=\"wp-block-paragraph\">FIVATRUF comptar\u00e0 tamb\u00e9 amb un showcooking i tast del plat guanyador del VI Concurs Gastron\u00f2mic Valenci\u00e0 de la T\u00f2fona d&#8217;Andilla que es va celebrar el 15 de gener en l&#8217;edifici Ves-los e Vents de Val\u00e8ncia. A m\u00e9s d&#8217;un tast de vins amb t\u00f2fona d&#8217;Andilla.&nbsp;<\/p>\n\n\n\n<p class=\"wp-block-paragraph\">En l&#8217;apartat m\u00e9s did\u00e0ctic, la V edici\u00f3 de FIVATRUF comptar\u00e0 amb interessants pon\u00e8ncies. El dissabte 27 de gener el AEDL de AMUFOR, Javier Mart\u00ednez dirigir\u00e0 la pon\u00e8ncia \u201cT\u00f2fona i altres productes forestals per a l&#8217;impuls sociecon\u00f3mico de La Regi\u00f3 muntanyenca\u201d, i presentar\u00e0 el projecte \u201cDel bosc a la teua casa\u201d. Aix\u00ed com la impartida pel t\u00e8cnic de l&#8217;empresa Truficultura T\u00e8cnica, Antonio N\u00fa\u00f1ez Domingo amb el t\u00edtol \u201cElaboraci\u00f3 de nius per a la producci\u00f3 de t\u00f2fones\u201d.&nbsp;<\/p>\n\n\n\n<p class=\"wp-block-paragraph\">El diumenge 28 de gener es desenvoluparan les pon\u00e8ncies \u201cLes claus de l&#8217;\u00e8xit en una plantaci\u00f3 tofonera, com aconseguir altes produccions en planta jove i mantindre-les en el temps\u201d, de la m\u00e0 de la directora t\u00e8cnica de Micolab, Llum Cuina Romero i \u201cValors afegits a la t\u00f2fona negra i innovaci\u00f3 en el sector comercial tofoner\u201d, a c\u00e0rrec de Atanasi Boix i Rosa Mar\u00eda Catal\u00e1 de la companyia Fruits de la Terra.&nbsp;<\/p>\n\n\n\n<p class=\"wp-block-paragraph\"><strong>Hist\u00f2ria de la t\u00f2fona negra a Andilla i La Pobleta<\/strong><\/p>\n\n\n\n<p class=\"wp-block-paragraph\">La tradici\u00f3 de la t\u00f2fona negra a Andilla es remunta a fa m\u00e9s de 50 anys. En aquest moment en el nucli de La Pobleta, que comptava amb una posada, s&#8217;allotjaven forasters catalans que venien a recol\u00b7lectar t\u00f2fona negra que creixia de manera silvestre en els boscos de la zona. Les persones d&#8217;aquesta zona, que van batejar a aquest producte com a \u201ccre\u00eflles pudentas\u201d, en veure que aquests forasters vestien i menjaven molt b\u00e9 van mostrar curiositat. I van aprendre l&#8217;art d&#8217;aquesta recol\u00b7lecci\u00f3 en els boscos.&nbsp;<\/p>\n\n\n\n<p class=\"wp-block-paragraph\">Aquestes agrupacions de recol\u00b7lectors van pert\u00e0nyer a la Pobleta i m\u00e9s tard tamb\u00e9 es van unir algunes d&#8217;Andilla. L&#8217;agrupaci\u00f3 va observar com en altres zones com Fran\u00e7a i S\u00f2ria, davant l&#8217;escassetat de t\u00f2fones negres silvestres, s&#8217;havia comen\u00e7at a cultivar amb plantacions. D&#8217;aquesta manera, viatgen a aquestes zones per a implantar la t\u00e8cnica de les plantacions a Andilla i La Pobleta.&nbsp;<\/p>\n\n\n\n<p class=\"wp-block-paragraph\">I \u00e9s per aquesta \u00e8poca quan es crea l&#8217;Associaci\u00f3 de Truficultores i Recol\u00b7lectors de la prov\u00edncia de Val\u00e8ncia amb seu en La Pobleta, una de les m\u00e9s antigues a nivell nacional, al costat de la de S\u00f2ria.&nbsp;<\/p>\n\n\n\n<p class=\"wp-block-paragraph\">En aquest sentit l&#8217;alcalde d&#8217;Andilla, Miguel Sebasti\u00e1n Ara destaca com \u201cla t\u00f2fona i FIVATRUF \u00e9s, en un municipi amb el risc de despoblaci\u00f3 i de la Regi\u00f3 muntanyenca, com \u00e9s Andilla, el nostre motor de desenvolupament ja que es tracta d&#8217;un producte endogen, sostenible econ\u00f2micament, i de gran qualitat amb el qual volem posicionar a Andilla com a referent de la t\u00f2fona a la prov\u00edncia de Val\u00e8ncia i en el mapa de la truficultura nacional\u201d.<\/p>\n\n\n\n<p class=\"wp-block-paragraph\"><\/p>\n","protected":false},"excerpt":{"rendered":"<div class=\"mh-excerpt\">L&#8217;objectiu de FIVATRUF, que se celebra el 27 i 28 de gener en el recinte firal de La Pobleta (Andilla), \u00e9s posicionar al municipi com a referent de la t\u00f2fona a la prov\u00edncia de Val\u00e8ncia <a class=\"mh-excerpt-more\" href=\"https:\/\/tucomarca.whitekongsoftware.com\/ca\/un-total-de-14-expositors-es-donaran-cita-en-la-cinquena-edicio-de-la-fira-valenciana-de-la-tofona-a-andilla\/\" title=\"Un total de 14 expositors es donaran cita en la cinquena edici\u00f3 de la Fira valenciana de la t\u00f2fona a Andilla\u00a0\">[+] <\/a><\/div>\n","protected":false},"author":12,"featured_media":208174,"comment_status":"open","ping_status":"open","sticky":false,"template":"","format":"standard","meta":{"footnotes":""},"categories":[11043,11046,10894,11007,10896],"tags":[11188,20123,11928,11080],"class_list":["post-208175","post","type-post","status-publish","format-standard","has-post-thumbnail","category-andilla-ca","category-los-serranos-ca","category-la-comarca-ca","category-ocio-y-cultura-ca","category-seccion-ca","tag-andilla-ca","tag-feria-valenciana-de-la-trufa-ca","tag-la-serrania-ca","tag-los-serranos-ca"],"_links":{"self":[{"href":"https:\/\/tucomarca.whitekongsoftware.com\/ca\/wp-json\/wp\/v2\/posts\/208175","targetHints":{"allow":["GET"]}}],"collection":[{"href":"https:\/\/tucomarca.whitekongsoftware.com\/ca\/wp-json\/wp\/v2\/posts"}],"about":[{"href":"https:\/\/tucomarca.whitekongsoftware.com\/ca\/wp-json\/wp\/v2\/types\/post"}],"author":[{"embeddable":true,"href":"https:\/\/tucomarca.whitekongsoftware.com\/ca\/wp-json\/wp\/v2\/users\/12"}],"replies":[{"embeddable":true,"href":"https:\/\/tucomarca.whitekongsoftware.com\/ca\/wp-json\/wp\/v2\/comments?post=208175"}],"version-history":[{"count":0,"href":"https:\/\/tucomarca.whitekongsoftware.com\/ca\/wp-json\/wp\/v2\/posts\/208175\/revisions"}],"wp:featuredmedia":[{"embeddable":true,"href":"https:\/\/tucomarca.whitekongsoftware.com\/ca\/wp-json\/wp\/v2\/media\/208174"}],"wp:attachment":[{"href":"https:\/\/tucomarca.whitekongsoftware.com\/ca\/wp-json\/wp\/v2\/media?parent=208175"}],"wp:term":[{"taxonomy":"category","embeddable":true,"href":"https:\/\/tucomarca.whitekongsoftware.com\/ca\/wp-json\/wp\/v2\/categories?post=208175"},{"taxonomy":"post_tag","embeddable":true,"href":"https:\/\/tucomarca.whitekongsoftware.com\/ca\/wp-json\/wp\/v2\/tags?post=208175"}],"curies":[{"name":"wp","href":"https:\/\/api.w.org\/{rel}","templated":true}]}}