{"id":208036,"date":"2024-01-22T13:00:00","date_gmt":"2024-01-22T12:00:00","guid":{"rendered":"https:\/\/www.tucomarca.com\/wordpress\/segunda\/?p=208036"},"modified":"2024-01-22T13:56:22","modified_gmt":"2024-01-22T12:56:22","slug":"vicent-mompo-situa-a-galo-valle-com-a-coordinador-del-pp-a-requena-utiel-i-a-sandra-murgui-com-a-secretaria-comarcal","status":"publish","type":"post","link":"https:\/\/tucomarca.whitekongsoftware.com\/ca\/vicent-mompo-situa-a-galo-valle-com-a-coordinador-del-pp-a-requena-utiel-i-a-sandra-murgui-com-a-secretaria-comarcal\/","title":{"rendered":"Vicent Momp\u00f3 situa a Galo Valle com a coordinador del PP a Requena-Utiel i a Sandra Murgui com a secret\u00e0ria comarcal\u00a0"},"content":{"rendered":"\n<figure class=\"wp-block-image size-full\"><img loading=\"lazy\" decoding=\"async\" width=\"225\" height=\"225\" src=\"http:\/\/www.tucomarca.com\/wordpress\/segunda\/wp-content\/uploads\/2024\/01\/GaloVallePPVillargordo.jpg\" alt=\"\" class=\"wp-image-208032\"\/><\/figure>\n\n\n\n<p class=\"wp-block-paragraph\">Amb la vista posada en les eleccions municipals de 2027, el president del PP a la prov\u00edncia de Val\u00e8ncia, Vicent Momp\u00f3, ha renovat a bona part dels coordinadors comarcals del partit.\u00a0 A partir d&#8217;ara l&#8217;alcalde de Villargordo del Cabriel, Galo Valle, ser\u00e0 el coordinador del partit a Requena-Utiel i Sandra Murgui ostentar\u00e0 funcions de secret\u00e0ria comarcal; i el Comit\u00e9 Executiu Provincial del PP tamb\u00e9 ha nomenat a Sandra Murgui, secret\u00e0ria comarcal.<\/p>\n\n\n\n<p class=\"wp-block-paragraph\">Per a Galo Valle, &#8220;l&#8217;objectiu \u00e9s aconseguir m\u00e9s suports en 2027 perqu\u00e8 la comarca es tinya definitivament de blava&#8221;. Igualment, ha explicat &#8220;que hem de consolidar les cinc alcaldies que vam aconseguir l&#8217;any passat, hem d&#8217;aconseguir-ho amb un treball seri\u00f3s i una gesti\u00f3 efica\u00e7 tal com estem fent&#8221;.<\/p>\n\n\n\n<p class=\"wp-block-paragraph\">En la mateixa l\u00ednia, ha defensat el coordinador comarcal, &#8220;treballem per a vertebrar la comarca i lluitar contra la despoblaci\u00f3, volem que els nostres ve\u00efns i ve\u00efnes tinguen serveis de qualitat&#8221;.<\/p>\n\n\n\n<p class=\"wp-block-paragraph\">Finalment, Galo Valle ha agra\u00eft a Vicent Momp\u00f3 que &#8220;haja comptat amb perfils joves&#8221; com el seu i s&#8217;ha comprom\u00e9s &#8220;a treballar per la comarca i la prov\u00edncia en favor del seu progr\u00e9s i el benestar de la ciutadania&#8221;.<\/p>\n","protected":false},"excerpt":{"rendered":"<div class=\"mh-excerpt\">Amb la vista posada en les eleccions municipals de 2027, el president del PP a la prov\u00edncia de Val\u00e8ncia, Vicent Momp\u00f3, ha renovat a bona part dels coordinadors comarcals del partit.\u00a0 A partir d&#8217;ara l&#8217;alcalde <a class=\"mh-excerpt-more\" href=\"https:\/\/tucomarca.whitekongsoftware.com\/ca\/vicent-mompo-situa-a-galo-valle-com-a-coordinador-del-pp-a-requena-utiel-i-a-sandra-murgui-com-a-secretaria-comarcal\/\" title=\"Vicent Momp\u00f3 situa a Galo Valle com a coordinador del PP a Requena-Utiel i a Sandra Murgui com a secret\u00e0ria comarcal\u00a0\">[+] <\/a><\/div>\n","protected":false},"author":1,"featured_media":208033,"comment_status":"open","ping_status":"open","sticky":false,"template":"","format":"standard","meta":{"footnotes":""},"categories":[10948,10894,10947,10909,10896,11061],"tags":[11978,10910,13837],"class_list":["post-208036","post","type-post","status-publish","format-standard","has-post-thumbnail","category-infraestructuras-ca","category-la-comarca-ca","category-politica","category-requena-utiel-ca","category-seccion-ca","category-villargordo-del-cabriel-ca","tag-partido-popular-ca","tag-requena-utiel-ca","tag-villargordo-del-cabriel-ca"],"_links":{"self":[{"href":"https:\/\/tucomarca.whitekongsoftware.com\/ca\/wp-json\/wp\/v2\/posts\/208036","targetHints":{"allow":["GET"]}}],"collection":[{"href":"https:\/\/tucomarca.whitekongsoftware.com\/ca\/wp-json\/wp\/v2\/posts"}],"about":[{"href":"https:\/\/tucomarca.whitekongsoftware.com\/ca\/wp-json\/wp\/v2\/types\/post"}],"author":[{"embeddable":true,"href":"https:\/\/tucomarca.whitekongsoftware.com\/ca\/wp-json\/wp\/v2\/users\/1"}],"replies":[{"embeddable":true,"href":"https:\/\/tucomarca.whitekongsoftware.com\/ca\/wp-json\/wp\/v2\/comments?post=208036"}],"version-history":[{"count":0,"href":"https:\/\/tucomarca.whitekongsoftware.com\/ca\/wp-json\/wp\/v2\/posts\/208036\/revisions"}],"wp:featuredmedia":[{"embeddable":true,"href":"https:\/\/tucomarca.whitekongsoftware.com\/ca\/wp-json\/wp\/v2\/media\/208033"}],"wp:attachment":[{"href":"https:\/\/tucomarca.whitekongsoftware.com\/ca\/wp-json\/wp\/v2\/media?parent=208036"}],"wp:term":[{"taxonomy":"category","embeddable":true,"href":"https:\/\/tucomarca.whitekongsoftware.com\/ca\/wp-json\/wp\/v2\/categories?post=208036"},{"taxonomy":"post_tag","embeddable":true,"href":"https:\/\/tucomarca.whitekongsoftware.com\/ca\/wp-json\/wp\/v2\/tags?post=208036"}],"curies":[{"name":"wp","href":"https:\/\/api.w.org\/{rel}","templated":true}]}}