{"id":207892,"date":"2024-01-19T13:00:00","date_gmt":"2024-01-19T12:00:00","guid":{"rendered":"https:\/\/www.tucomarca.com\/wordpress\/segunda\/?p=207892"},"modified":"2024-01-19T22:03:10","modified_gmt":"2024-01-19T21:03:10","slug":"javier-cortes-es-nomenat-coordinador-del-partit-popular-en-el-raco-dademus-i-teresa-tortajada-secretaria","status":"publish","type":"post","link":"https:\/\/tucomarca.whitekongsoftware.com\/ca\/javier-cortes-es-nomenat-coordinador-del-partit-popular-en-el-raco-dademus-i-teresa-tortajada-secretaria\/","title":{"rendered":"Javier Cort\u00e9s \u00e9s nomenat coordinador del Partit Popular en el Rac\u00f3 d&#8217;Adem\u00fas i Teresa Tortajada secret\u00e0ria"},"content":{"rendered":"\n<h4 class=\"wp-block-heading\">El Comit\u00e9 Executiu Provincial del PP tamb\u00e9 nomena la regidora de Torrebaixa Teresa Tortajada, secret\u00e0ria.<\/h4>\n\n\n\n<figure class=\"wp-block-image size-full\"><img loading=\"lazy\" decoding=\"async\" width=\"442\" height=\"386\" src=\"http:\/\/www.tucomarca.com\/wordpress\/segunda\/wp-content\/uploads\/2024\/01\/PPAdemuz.jpg\" alt=\"\" class=\"wp-image-207891\" srcset=\"https:\/\/tucomarca.whitekongsoftware.com\/wp-content\/uploads\/2024\/01\/PPAdemuz.jpg 442w, https:\/\/tucomarca.whitekongsoftware.com\/wp-content\/uploads\/2024\/01\/PPAdemuz-300x262.jpg 300w\" sizes=\"auto, (max-width: 442px) 100vw, 442px\" \/><\/figure>\n\n\n\n<p class=\"wp-block-paragraph\">El PP de la prov\u00edncia de Val\u00e8ncia, encap\u00e7alat pel president Vicent Momp\u00f3, ha tornat a confiar en Javier Cort\u00e9s com a coordinador comarcal en el Rac\u00f3 d&#8217;Adem\u00fas. El tamb\u00e9 regidor de Castielfabib ha destacat que el seu objectiu \u00e9s \u201ccontinuar lluitant contra la despoblaci\u00f3 amb la col\u00b7laboraci\u00f3 institucional per a oferir serveis dignes\u201d.<\/p>\n\n\n\n<p class=\"wp-block-paragraph\">En la mateixa l\u00ednia, ha explicat, \u201cel nostre esfor\u00e7 est\u00e0 dedicat a mantindre viva la nostra comarca, tenint en compte a cada ve\u00ed\u201d. En aquest sentit, ha defensat, \u201c\u00e9s important mantindre l&#8217;acostament entre el partit i la poblaci\u00f3 del Rac\u00f3 d&#8217;Adem\u00fas, que tinguen clar que estem a la seua disposici\u00f3 per a cobrir les seues necessitats i solucionar els seus problemes\u201d.<\/p>\n\n\n\n<p class=\"wp-block-paragraph\">Finalment, ha ressaltat, \u201csom el partit de refer\u00e8ncia a la comarca i continuarem treballant per a continuar sent-ho\u201d. \u201cAgra\u00efm al president, Vicent Momp\u00f3, la confian\u00e7a depositada en nosaltres per a seguir per aquesta l\u00ednia de consolidaci\u00f3 del PP en el Rac\u00f3 d&#8217;Adem\u00fas\u201d, ha concl\u00f2s.<\/p>\n","protected":false},"excerpt":{"rendered":"<div class=\"mh-excerpt\">El Comit\u00e9 Executiu Provincial del PP tamb\u00e9 nomena la regidora de Torrebaixa Teresa Tortajada, secret\u00e0ria. El PP de la prov\u00edncia de Val\u00e8ncia, encap\u00e7alat pel president Vicent Momp\u00f3, ha tornat a confiar en Javier Cort\u00e9s com <a class=\"mh-excerpt-more\" href=\"https:\/\/tucomarca.whitekongsoftware.com\/ca\/javier-cortes-es-nomenat-coordinador-del-partit-popular-en-el-raco-dademus-i-teresa-tortajada-secretaria\/\" title=\"Javier Cort\u00e9s \u00e9s nomenat coordinador del Partit Popular en el Rac\u00f3 d&#8217;Adem\u00fas i Teresa Tortajada secret\u00e0ria\">[+] <\/a><\/div>\n","protected":false},"author":12,"featured_media":207891,"comment_status":"open","ping_status":"open","sticky":false,"template":"","format":"standard","meta":{"footnotes":""},"categories":[10890,10925,10894,10947,10896,10961],"tags":[11097,11978,12039],"class_list":["post-207892","post","type-post","status-publish","format-standard","has-post-thumbnail","category-ademus","category-castielfabib-ca","category-la-comarca-ca","category-politica","category-seccion-ca","category-torrebaja-ca","tag-ademuz-ca","tag-partido-popular-ca","tag-rincon-de-ademuz-ca"],"_links":{"self":[{"href":"https:\/\/tucomarca.whitekongsoftware.com\/ca\/wp-json\/wp\/v2\/posts\/207892","targetHints":{"allow":["GET"]}}],"collection":[{"href":"https:\/\/tucomarca.whitekongsoftware.com\/ca\/wp-json\/wp\/v2\/posts"}],"about":[{"href":"https:\/\/tucomarca.whitekongsoftware.com\/ca\/wp-json\/wp\/v2\/types\/post"}],"author":[{"embeddable":true,"href":"https:\/\/tucomarca.whitekongsoftware.com\/ca\/wp-json\/wp\/v2\/users\/12"}],"replies":[{"embeddable":true,"href":"https:\/\/tucomarca.whitekongsoftware.com\/ca\/wp-json\/wp\/v2\/comments?post=207892"}],"version-history":[{"count":0,"href":"https:\/\/tucomarca.whitekongsoftware.com\/ca\/wp-json\/wp\/v2\/posts\/207892\/revisions"}],"wp:featuredmedia":[{"embeddable":true,"href":"https:\/\/tucomarca.whitekongsoftware.com\/ca\/wp-json\/wp\/v2\/media\/207891"}],"wp:attachment":[{"href":"https:\/\/tucomarca.whitekongsoftware.com\/ca\/wp-json\/wp\/v2\/media?parent=207892"}],"wp:term":[{"taxonomy":"category","embeddable":true,"href":"https:\/\/tucomarca.whitekongsoftware.com\/ca\/wp-json\/wp\/v2\/categories?post=207892"},{"taxonomy":"post_tag","embeddable":true,"href":"https:\/\/tucomarca.whitekongsoftware.com\/ca\/wp-json\/wp\/v2\/tags?post=207892"}],"curies":[{"name":"wp","href":"https:\/\/api.w.org\/{rel}","templated":true}]}}