{"id":207741,"date":"2024-01-18T08:10:00","date_gmt":"2024-01-18T07:10:00","guid":{"rendered":"https:\/\/www.tucomarca.com\/wordpress\/segunda\/?p=207741"},"modified":"2024-01-18T21:45:02","modified_gmt":"2024-01-18T20:45:02","slug":"la-pobla-celebra-les-seues-festes-patronals-en-honor-a-sant-sebastia","status":"publish","type":"post","link":"https:\/\/tucomarca.whitekongsoftware.com\/ca\/la-pobla-celebra-les-seues-festes-patronals-en-honor-a-sant-sebastia\/","title":{"rendered":"La Pobla celebra les seues festes patronals en honor a Sant Sebasti\u00e0"},"content":{"rendered":"\n<h4 class=\"wp-block-heading\">El cap de setmana del 19, 20 i 21 de gener el municipi celebra sus festes patronals<\/h4>\n\n\n\n<h4 class=\"wp-block-heading\">La p\u00f3lvora ser\u00e0 present amb focs artificials, masclet\u00e0 o amb les m\u00e9s de 5.000 salves que ressonaran als carrers al pas de la imatge del patr\u00f3 de la Pobla de Vallbona<\/h4>\n\n\n\n<p class=\"wp-block-paragraph\">L&#8217;arribada del nou any suposa tamb\u00e9 per a la Pobla de Vallbona la celebraci\u00f3 de les seues festes patronals en honor a Sant Sebasti\u00e0 i el municipi es vestir\u00e0 de gala el pr\u00f2xim cap de setmana per a oferir un ambient festiu, ple de passi\u00f3 i alegria per a celebrar estos dies tan especials.<\/p>\n\n\n\n<p class=\"wp-block-paragraph\">Les celebracions ja van comen\u00e7ar dies arrere amb actes com la baixada del patr\u00f3 o les tradicionals vig\u00edlies. No obstant aix\u00f2, ser\u00e0 a partir del 19 de gener quan tot el municipi, encap\u00e7alats pels clavaris, es veja inundat de fervor, fent un any m\u00e9s que Sant Sebasti\u00e0 siga el portador d&#8217;uns dies de festes que estaran plens d&#8217;actes que arrebossaran i il\u00b7luminaran el municipi.<\/p>\n\n\n\n<p class=\"wp-block-paragraph\">El divendres a les 19:00 hores se celebrar\u00e0 una cercavila amb m\u00fasica i balls tradicionals valencians en el qual participar\u00e0 el ve\u00efnat per a omplir cada carrer del poble de l&#8217;alegria pr\u00f2pia per l&#8217;arribada de les seues festes patronals. Este sentiment es mostrar\u00e0 en el cel de la Pobla a trav\u00e9s de la \u2018desc\u00e0rrega\u2019 oferida per l&#8217;associaci\u00f3 Amics del coet, a partir de les 23:30 hores amb un espectacle de coets al llarg de tot el poble gr\u00e0cies als d\u00edhuit punts de llan\u00e7aments que s&#8217;han repartit pel nucli urb\u00e0.<\/p>\n\n\n\n<p class=\"wp-block-paragraph\">El trasllat de la imatge de Sant Sebasti\u00e0 a l&#8217;ermita tindr\u00e0 lloc el dissabte al mat\u00ed, mentre que a la vesprada, a les huit, se celebrar\u00e0 la process\u00f3 per l&#8217;itinerari tradicional, la qual estar\u00e0 acompanyada d&#8217;un castell de focs artificials. I per a tancar la jornada, l&#8217;Orquestra Gamma oferir\u00e0 el seu espectacle musical en la carpa habilitada al parc municipal, gr\u00e0cies a la qual totes les persones podran seguir la festa durant tota la nit.<\/p>\n\n\n\n<p class=\"wp-block-paragraph\"><strong>Honors militars<\/strong><\/p>\n\n\n\n<p class=\"wp-block-paragraph\">La p\u00f3lvora ser\u00e0 present durant tot el cap de setmana. I \u00e9s que al pas de la imatge del patr\u00f3 es llan\u00e7aran m\u00e9s de 5.000 salves en reconeixement a la condici\u00f3 militar del m\u00e0rtir Sant Sebasti\u00e0. Este espectacle far\u00e0 les del\u00edcies de totes les persones assistents, omplint de solemnitat els actes al llarg de tot el municipi gr\u00e0cies a una tradici\u00f3 singular que, tal com comenta l&#8217;alcalde de la Pobla de Vallbona \u201ctreballem perqu\u00e8 tinga el reconeixement que mereix tamb\u00e9 fora del nostre municipi, per la seua particularitat i tamb\u00e9 per gran nivell d&#8217;espectacle\u201d.<\/p>\n\n\n\n<p class=\"wp-block-paragraph\">A les salves i la ja esmentada \u2018Desc\u00e0rrega\u2019, li acompanyar\u00e0 tamb\u00e9 una masclet\u00e0 correguda, que tindr\u00e0 lloc el diumenge al migdia per a culminar una alta dosi de p\u00f3lvora que ser\u00e0 present durant un cap de setmana de fervor, sentiment, alegria i espectacle, que far\u00e0 que la Pobla de Vallbona es converteix en la refer\u00e8ncia social i cultural durant estos dies gr\u00e0cies a Sant Sebasti\u00e0.<\/p>\n\n\n\n<p class=\"wp-block-paragraph\"><\/p>\n","protected":false},"excerpt":{"rendered":"<div class=\"mh-excerpt\">El cap de setmana del 19, 20 i 21 de gener el municipi celebra sus festes patronals La p\u00f3lvora ser\u00e0 present amb focs artificials, masclet\u00e0 o amb les m\u00e9s de 5.000 salves que ressonaran als <a class=\"mh-excerpt-more\" href=\"https:\/\/tucomarca.whitekongsoftware.com\/ca\/la-pobla-celebra-les-seues-festes-patronals-en-honor-a-sant-sebastia\/\" title=\"La Pobla celebra les seues festes patronals en honor a Sant Sebasti\u00e0\">[+] <\/a><\/div>\n","protected":false},"author":12,"featured_media":207740,"comment_status":"open","ping_status":"open","sticky":false,"template":"","format":"standard","meta":{"footnotes":""},"categories":[11019,10892,10894,10915,11007,10896],"tags":[10899,10916],"class_list":["post-207741","post","type-post","status-publish","format-standard","has-post-thumbnail","category-agenda-ca","category-camp-de-turia-ca","category-la-comarca-ca","category-la-pobla-ca","category-ocio-y-cultura-ca","category-seccion-ca","tag-camp-de-turia-ca","tag-la-pobla-de-vallbona-ca"],"_links":{"self":[{"href":"https:\/\/tucomarca.whitekongsoftware.com\/ca\/wp-json\/wp\/v2\/posts\/207741","targetHints":{"allow":["GET"]}}],"collection":[{"href":"https:\/\/tucomarca.whitekongsoftware.com\/ca\/wp-json\/wp\/v2\/posts"}],"about":[{"href":"https:\/\/tucomarca.whitekongsoftware.com\/ca\/wp-json\/wp\/v2\/types\/post"}],"author":[{"embeddable":true,"href":"https:\/\/tucomarca.whitekongsoftware.com\/ca\/wp-json\/wp\/v2\/users\/12"}],"replies":[{"embeddable":true,"href":"https:\/\/tucomarca.whitekongsoftware.com\/ca\/wp-json\/wp\/v2\/comments?post=207741"}],"version-history":[{"count":0,"href":"https:\/\/tucomarca.whitekongsoftware.com\/ca\/wp-json\/wp\/v2\/posts\/207741\/revisions"}],"wp:featuredmedia":[{"embeddable":true,"href":"https:\/\/tucomarca.whitekongsoftware.com\/ca\/wp-json\/wp\/v2\/media\/207740"}],"wp:attachment":[{"href":"https:\/\/tucomarca.whitekongsoftware.com\/ca\/wp-json\/wp\/v2\/media?parent=207741"}],"wp:term":[{"taxonomy":"category","embeddable":true,"href":"https:\/\/tucomarca.whitekongsoftware.com\/ca\/wp-json\/wp\/v2\/categories?post=207741"},{"taxonomy":"post_tag","embeddable":true,"href":"https:\/\/tucomarca.whitekongsoftware.com\/ca\/wp-json\/wp\/v2\/tags?post=207741"}],"curies":[{"name":"wp","href":"https:\/\/api.w.org\/{rel}","templated":true}]}}