{"id":207730,"date":"2024-01-18T07:55:00","date_gmt":"2024-01-18T06:55:00","guid":{"rendered":"https:\/\/www.tucomarca.com\/wordpress\/segunda\/?p=207730"},"modified":"2024-01-18T15:08:39","modified_gmt":"2024-01-18T14:08:39","slug":"la-unio-rebutja-els-grans-projectes-fotovoltaics-que-destrossaran-terrenys-agraris-productius-i-generen-un-impacte-negatiu-en-zones-rurals-de-la-comunitat","status":"publish","type":"post","link":"https:\/\/tucomarca.whitekongsoftware.com\/ca\/la-unio-rebutja-els-grans-projectes-fotovoltaics-que-destrossaran-terrenys-agraris-productius-i-generen-un-impacte-negatiu-en-zones-rurals-de-la-comunitat\/","title":{"rendered":"La Uni\u00f3 rebutja els grans projectes fotovoltaics que destrossaran terrenys agraris productius i generen un impacte negatiu en zones rurals de la Comunitat"},"content":{"rendered":"\n<h4 class=\"wp-block-heading\">Dona el seu suport i participar\u00e0 el dissabte en la manifestaci\u00f3 convocada a Val\u00e8ncia per la Coordinadora Valenciana per la Ubicaci\u00f3 Racional dels Energies Renovables, al costat de m\u00e9s de 60 associacions<\/h4>\n\n\n\n<p class=\"wp-block-paragraph\">La Uni\u00f3 Llauradora i Ramadera reitera el seu rebuig als grans projectes fotovoltaics que es preveuen en la Comunitat Valenciana i que pretenen destrossar importants superf\u00edcies agr\u00e0ries en plena producci\u00f3.<\/p>\n\n\n\n<p class=\"wp-block-paragraph\">Per aix\u00f2 l&#8217;organitzaci\u00f3 dona suport a la manifestaci\u00f3 convocada aquest pr\u00f2xim dissabte 20 de gener, a les 12 hores, per la Coordinadora Valenciana per la Ubicaci\u00f3 Racional dels Energies Renovables al costat de m\u00e9s de 60 associacions i que transcorrer\u00e0 des de la pla\u00e7a de la Verge a Delegaci\u00f3 del Govern. Una representaci\u00f3 de la comissi\u00f3 executiva de La Uni\u00f3, amb el secretari general Carles Peris al capdavant, participar\u00e0 en aquesta protesta que demanar\u00e0 \u201cuna transici\u00f3 energ\u00e8tica planificada, que no sacrifique el m\u00f3n rural\u201d.<\/p>\n\n\n\n<p class=\"wp-block-paragraph\">La Uni\u00f3 diu que \u00e9s molt necess\u00e0ria la m\u00e0xima unitat social enfront de tots aquests projectes especuladors i expoliadores que afecten els habitants i al mitj\u00e0 de vida de moltes fam\u00edlies de les nostres zones rurals.<\/p>\n\n\n\n<p class=\"wp-block-paragraph\">Per aix\u00f2 La Uni\u00f3, com a \u00fanica organitzaci\u00f3 professional agr\u00e0ria auton\u00f2mica i vertebradora del territori, s&#8217;integra en nombroses plataformes que lluiten en tota la Comunitat Valenciana per salvaguardar les nostres zones rurals. L&#8217;admissi\u00f3 a tr\u00e0mit per la Comissi\u00f3 de Peticions del Parlament Europeu de la petici\u00f3 d&#8217;investigaci\u00f3 de les parcs e\u00f2lics i plantes fotovoltaiques que s&#8217;estan tramitant a la prov\u00edncia de Castell\u00f3 \u00e9s una gran not\u00edcia, fruit de la gran faena realitzada per les associacions \u2018Defensem els nostres arrels\u2019 (Les Useres), \u2018Nostra Terra\u2019 (Les Coves de Vinrom\u00e0), \u2018Per un Cabanes viu\u2019 (Cabanes), \u2018Junts per la Terra\u2019 (la Vall d&#8217;Alba) i \u2018La terra, casa nostra\u2019 (Vilafam\u00e9s), on participa La Uni\u00f3.<\/p>\n\n\n\n<p class=\"wp-block-paragraph\">La Uni\u00f3 insisteix una vegada m\u00e9s que es prioritze l&#8217;autoconsum energ\u00e8tic en comptes de grans plantes fotovoltaiques que destrossen el territori rural i que posen en perill una important superf\u00edcie de terrenys agr\u00edcoles en plena producci\u00f3, a m\u00e9s d&#8217;aniquilar la forma de vida de les persones que tenen el seu projecte vital en aquestes zones.<\/p>\n\n\n\n<p class=\"wp-block-paragraph\">La Uni\u00f3 aposta aix\u00ed de manera ferma per potenciar l&#8217;autoconsum en les teulades de les zones urbanes, en els pol\u00edgons industrials, en zones degradades i en infraestructures o edificis de propietat p\u00fablica en les zones demandants d&#8217;energia per a no destruir el territori rural.<\/p>\n\n\n\n<p class=\"wp-block-paragraph\">La concentraci\u00f3 d&#8217;instal\u00b7lacions fotovoltaiques en grans plantes concentrades en s\u00f2l agr\u00edcola o forestal \u00e9s una clara agressi\u00f3 al m\u00f3n rural. \u201cEns volen imposar grans projectes fotovoltaics sense cap mena de racionalitat quan caldria acostar la producci\u00f3 energ\u00e8tica a les grans \u00e0rees urbanes i industrials de consum, amb l&#8217;objectiu d&#8217;evitar les p\u00e8rdues i l&#8217;impacte del transport de l&#8217;energia a grans dist\u00e0ncies a trav\u00e9s de les vies d&#8217;evacuaci\u00f3 que tamb\u00e9 afecten durant quil\u00f2metres a zones d&#8217;activitats rurals d&#8217;inter\u00e9s\u201d, assegura La Uni\u00f3<\/p>\n\n\n\n<p class=\"wp-block-paragraph\">Les dades d&#8217;aband\u00f3 de superf\u00edcie de cultiu en la Comunitat Valenciana durant 2023, m\u00e9s de 2.200 hect\u00e0rees, \u00e9s una prova evident que cal parar aquest ritme decreixent. \u201cNo ens podem permetre el luxe que es perda m\u00e9s superf\u00edcie agr\u00e0ria \u00fatil de persones que volen continuar vivint de la seua professi\u00f3 quan a m\u00e9s tenim zones degradades en les quals es podrien instal\u00b7lar eixes plantes fotovoltaiques\u201d, assenyala Carles Peris.<\/p>\n","protected":false},"excerpt":{"rendered":"<div class=\"mh-excerpt\">Dona el seu suport i participar\u00e0 el dissabte en la manifestaci\u00f3 convocada a Val\u00e8ncia per la Coordinadora Valenciana per la Ubicaci\u00f3 Racional dels Energies Renovables, al costat de m\u00e9s de 60 associacions La Uni\u00f3 Llauradora <a class=\"mh-excerpt-more\" href=\"https:\/\/tucomarca.whitekongsoftware.com\/ca\/la-unio-rebutja-els-grans-projectes-fotovoltaics-que-destrossaran-terrenys-agraris-productius-i-generen-un-impacte-negatiu-en-zones-rurals-de-la-comunitat\/\" title=\"La Uni\u00f3 rebutja els grans projectes fotovoltaics que destrossaran terrenys agraris productius i generen un impacte negatiu en zones rurals de la Comunitat\">[+] <\/a><\/div>\n","protected":false},"author":12,"featured_media":207729,"comment_status":"open","ping_status":"open","sticky":false,"template":"","format":"standard","meta":{"footnotes":""},"categories":[10890,10905,10951,10892,11046,10898,10948,10963,10894,10904,10912,10902,10903,10947,10909,10896],"tags":[18022,20114],"class_list":["post-207730","post","type-post","status-publish","format-standard","has-post-thumbnail","category-ademus","category-agricultura-la-comarca-ca","category-ayora-cofrentes-ca","category-camp-de-turia-ca","category-los-serranos-ca","category-ventana-ca","category-infraestructuras-ca","category-la-canal-de-navarres-ca","category-la-comarca-ca","category-sin-categorizar-ca","category-la-hoya-ca","category-la-ribera-ca","category-medio-ambiente-la-comarca-ca","category-politica","category-requena-utiel-ca","category-seccion-ca","tag-la-unio-llauradora-ca","tag-proyectos-fotovoltaicos-ca"],"_links":{"self":[{"href":"https:\/\/tucomarca.whitekongsoftware.com\/ca\/wp-json\/wp\/v2\/posts\/207730","targetHints":{"allow":["GET"]}}],"collection":[{"href":"https:\/\/tucomarca.whitekongsoftware.com\/ca\/wp-json\/wp\/v2\/posts"}],"about":[{"href":"https:\/\/tucomarca.whitekongsoftware.com\/ca\/wp-json\/wp\/v2\/types\/post"}],"author":[{"embeddable":true,"href":"https:\/\/tucomarca.whitekongsoftware.com\/ca\/wp-json\/wp\/v2\/users\/12"}],"replies":[{"embeddable":true,"href":"https:\/\/tucomarca.whitekongsoftware.com\/ca\/wp-json\/wp\/v2\/comments?post=207730"}],"version-history":[{"count":0,"href":"https:\/\/tucomarca.whitekongsoftware.com\/ca\/wp-json\/wp\/v2\/posts\/207730\/revisions"}],"wp:featuredmedia":[{"embeddable":true,"href":"https:\/\/tucomarca.whitekongsoftware.com\/ca\/wp-json\/wp\/v2\/media\/207729"}],"wp:attachment":[{"href":"https:\/\/tucomarca.whitekongsoftware.com\/ca\/wp-json\/wp\/v2\/media?parent=207730"}],"wp:term":[{"taxonomy":"category","embeddable":true,"href":"https:\/\/tucomarca.whitekongsoftware.com\/ca\/wp-json\/wp\/v2\/categories?post=207730"},{"taxonomy":"post_tag","embeddable":true,"href":"https:\/\/tucomarca.whitekongsoftware.com\/ca\/wp-json\/wp\/v2\/tags?post=207730"}],"curies":[{"name":"wp","href":"https:\/\/api.w.org\/{rel}","templated":true}]}}