{"id":207727,"date":"2024-01-18T08:15:00","date_gmt":"2024-01-18T07:15:00","guid":{"rendered":"https:\/\/www.tucomarca.com\/wordpress\/segunda\/?p=207727"},"modified":"2024-01-18T14:55:20","modified_gmt":"2024-01-18T13:55:20","slug":"la-diputacio-de-valencia-presentara-en-fitur-sota-el-lema-espectacular-la-diversitat-turistica-de-la-nostra-provincia-i-apostara-pels-xicotets-municipis-en-risc-de-despoblacio","status":"publish","type":"post","link":"https:\/\/tucomarca.whitekongsoftware.com\/ca\/la-diputacio-de-valencia-presentara-en-fitur-sota-el-lema-espectacular-la-diversitat-turistica-de-la-nostra-provincia-i-apostara-pels-xicotets-municipis-en-risc-de-despoblacio\/","title":{"rendered":"La Diputaci\u00f3 de Val\u00e8ncia presentar\u00e0 en Fitur sota el lema &#8216;Espectacular&#8217; la diversitat tur\u00edstica de la nostra prov\u00edncia i apostar\u00e0 pels xicotets municipis en risc de despoblaci\u00f3"},"content":{"rendered":"\n<h3 class=\"wp-block-heading\"><strong><strong>En l&#8217;edici\u00f3 d&#8217;enguany destaca l&#8217;aposta pels municipis xicotets i en risc de despoblaci\u00f3, que comptaran amb un espai propi, i la inclusi\u00f3 d&#8217;un espai gastron\u00f2mic en col\u00b7laboraci\u00f3 amb la Fundaci\u00f3 Asindown<\/strong><\/strong>.<\/h3>\n\n\n\n<h3 class=\"wp-block-heading\"><strong><strong>Baix eixe lema el diputat de Turisme, Pedro Cuesta, ha explicat les novetats que Val\u00e8ncia Turisme portar\u00e0 a la Fira Internacional de Turisme que se celebra a Madrid entre el 24 i el 28 de gener<\/strong><\/strong>.<\/h3>\n\n\n\n<h3 class=\"wp-block-heading\"><strong><strong>La corporaci\u00f3 provincial disposa d&#8217;un espai de 205 metres quadrats en el qual participaran un total de 34 municipis i 5 mancomunitats de la prov\u00edncia<\/strong><\/strong>.<\/h3>\n\n\n\n<figure class=\"wp-block-image size-large\"><img loading=\"lazy\" decoding=\"async\" width=\"1024\" height=\"415\" src=\"http:\/\/www.tucomarca.com\/wordpress\/segunda\/wp-content\/uploads\/2024\/01\/PedroCuestaFitur-1024x415.jpg\" alt=\"\" class=\"wp-image-207718\" srcset=\"https:\/\/tucomarca.whitekongsoftware.com\/wp-content\/uploads\/2024\/01\/PedroCuestaFitur-1024x415.jpg 1024w, https:\/\/tucomarca.whitekongsoftware.com\/wp-content\/uploads\/2024\/01\/PedroCuestaFitur-300x122.jpg 300w, https:\/\/tucomarca.whitekongsoftware.com\/wp-content\/uploads\/2024\/01\/PedroCuestaFitur-768x311.jpg 768w, https:\/\/tucomarca.whitekongsoftware.com\/wp-content\/uploads\/2024\/01\/PedroCuestaFitur-1536x622.jpg 1536w, https:\/\/tucomarca.whitekongsoftware.com\/wp-content\/uploads\/2024\/01\/PedroCuestaFitur-2048x830.jpg 2048w\" sizes=\"auto, (max-width: 1024px) 100vw, 1024px\" \/><\/figure>\n\n\n\n<p class=\"wp-block-paragraph\">La Diputaci\u00f3 de Val\u00e8ncia ha presentat este dijous les propostes amb les quals acudir\u00e0 a la 44 Fira Internacional de Turisme (Fitur), que se celebra a Madrid entre el 24 i el 28 de gener. En un acte que ha tingut lloc en l&#8217;espai La Mare Que Va, el centre de formaci\u00f3 en hostaleria i turisme posat en marxa per la Fundaci\u00f3 Asindown, el diputat de Turisme, Pedro Cuesta, ha desgranat les principals novetats que oferir\u00e0 la corporaci\u00f3 en esta edici\u00f3.<\/p>\n\n\n\n<p class=\"wp-block-paragraph\">Baix el lema \u2018Espectacular\u2019, Cuesta ha subratllat que \u201cl&#8217;objectiu que ens hem proposat \u00e9s fer brillar la nostra prov\u00edncia enmig de tota l&#8217;oferta tur\u00edstica. Per a aix\u00f2 tenim nous projectes i iniciatives que es donaran a con\u00e9ixer en l&#8217;acte institucional que tindr\u00e0 lloc en la fira el dimecres 24 gener a la vesprada. \u201cEl que tenim clar \u00e9s que, sobre els pilars de la nostra gastronomia, la nostra cultura, la nostra naturalesa i el nostre patrimoni material i immaterial, mostrarem en FITUR tot el que \u00e9s, suposa i ofereix el dest\u00ed Val\u00e8ncia per al visitant\u201d, ha afirmat en un acte en el qual tamb\u00e9 han estat presents diversos alcaldes i regidors dels municipis que acudiran a la fira.<\/p>\n\n\n\n<p class=\"wp-block-paragraph\">D&#8217;esta manera, la marca Val\u00e8ncia Turisme acompanyar\u00e0 un any m\u00e9s a les principals destinacions tur\u00edstiques de la prov\u00edncia en Fitur, amb un estand de 205 metres quadrats, integrat en l&#8217;espai expositiu de la Comunitat, en el qual participaran un total de 34 municipis i cinc mancomunitats. Baix el paraigua de la Diputaci\u00f3 de Val\u00e8ncia, els ajuntaments d&#8217;estes localitats celebraran durant la fira prop de 100 activitats entre les quals s&#8217;inclouen presentacions d&#8217;experi\u00e8ncies tur\u00edstiques, showcookings, degustacions de productes i activitats de dinamitzaci\u00f3 de cara al cap de setmana, que \u00e9s quan Fitur obri les seues portes al p\u00fablic en general.<\/p>\n\n\n\n<figure class=\"wp-block-image size-large\"><img loading=\"lazy\" decoding=\"async\" width=\"1024\" height=\"683\" src=\"http:\/\/www.tucomarca.com\/wordpress\/segunda\/wp-content\/uploads\/2024\/01\/PresFitur2024_4-1024x683.jpg\" alt=\"\" class=\"wp-image-207713\" srcset=\"https:\/\/tucomarca.whitekongsoftware.com\/wp-content\/uploads\/2024\/01\/PresFitur2024_4-1024x683.jpg 1024w, https:\/\/tucomarca.whitekongsoftware.com\/wp-content\/uploads\/2024\/01\/PresFitur2024_4-300x200.jpg 300w, https:\/\/tucomarca.whitekongsoftware.com\/wp-content\/uploads\/2024\/01\/PresFitur2024_4-768x512.jpg 768w, https:\/\/tucomarca.whitekongsoftware.com\/wp-content\/uploads\/2024\/01\/PresFitur2024_4.jpg 1181w\" sizes=\"auto, (max-width: 1024px) 100vw, 1024px\" \/><\/figure>\n\n\n\n<p class=\"wp-block-paragraph\"><strong><strong>Novetats esta edici\u00f3<\/strong><\/strong><\/p>\n\n\n\n<p class=\"wp-block-paragraph\">Entre les novetats que la Diputaci\u00f3 de Val\u00e8ncia presenta enguany en Fitur cal assenyalar la destacada pres\u00e8ncia dels municipis xicotets i en risc de despoblaci\u00f3, que comptaran amb un espai espec\u00edfic dedicat al programa provincial \u201cFem Poble, Turisme contra la Despoblaci\u00f3\u201d, posat en marxa per la corporaci\u00f3 provincial.<\/p>\n\n\n\n<p class=\"wp-block-paragraph\">Aix\u00ed, entre els municipis de l&#8217;interior de la prov\u00edncia de Val\u00e8ncia que participaran enguany sota l&#8217;empara de la Diputaci\u00f3 es troba varis de les comarques de La Foia de Bunyol-Xiva (com \u00e9s el cas de Bunyol), Requena-Utiel (Requena i Utiel), Camp de T\u00faria (B\u00e9tera, Lll\u00edria, Riba-roja de T\u00faria i Vilamarxant), el Rac\u00f3 d&#8217;Adem\u00fas (Adem\u00fas), La Ribera Alta (Algemes\u00ed i Alzira) i La Vall d&#8217;Aiora-Cofrents (Aiora i Cofrents). A m\u00e9s, tamb\u00e9 portaran els seus atractius tur\u00edstics fins a Madrid les mancomunitats de La Canal de Navarr\u00e9s i El Rac\u00f3 d&#8217;Adem\u00fas.<\/p>\n\n\n\n<figure class=\"wp-block-image size-large\"><img loading=\"lazy\" decoding=\"async\" width=\"1024\" height=\"682\" src=\"http:\/\/www.tucomarca.com\/wordpress\/segunda\/wp-content\/uploads\/2024\/01\/PresFitur2024_3-1024x682.jpg\" alt=\"\" class=\"wp-image-207711\" srcset=\"https:\/\/tucomarca.whitekongsoftware.com\/wp-content\/uploads\/2024\/01\/PresFitur2024_3-1024x682.jpg 1024w, https:\/\/tucomarca.whitekongsoftware.com\/wp-content\/uploads\/2024\/01\/PresFitur2024_3-300x200.jpg 300w, https:\/\/tucomarca.whitekongsoftware.com\/wp-content\/uploads\/2024\/01\/PresFitur2024_3-768x512.jpg 768w, https:\/\/tucomarca.whitekongsoftware.com\/wp-content\/uploads\/2024\/01\/PresFitur2024_3.jpg 1181w\" sizes=\"auto, (max-width: 1024px) 100vw, 1024px\" \/><\/figure>\n\n\n\n<p class=\"wp-block-paragraph\">L&#8217;altra gran novetat d&#8217;esta edici\u00f3 \u00e9s la creaci\u00f3 d&#8217;un espai gastron\u00f2mic, dins del propi estand de Val\u00e8ncia Turisme, amb la finalitat de promocionar productes t\u00edpics de la prov\u00edncia. Aix\u00f2 es duu a terme en col\u00b7laboraci\u00f3 amb la Fundaci\u00f3 Asindown, ja que l&#8217;espai ser\u00e0 gestionat per alumnes i personal del centre de formaci\u00f3 en hostaleria i turisme d&#8217;inclusi\u00f3 soci-laboral La Mare Que Va, \u201cen el qual hui hem volgut celebrar este acte amb el mateix objectiu, que \u00e9s potenciar el nostre suport a este projecte i donar-li visibilitat i projecci\u00f3\u201d, segons ha declarat el diputat Pedro Cuesta. Els alumnes comptaran amb l&#8217;assist\u00e8ncia de l&#8217;empresa Goumet Catering.<\/p>\n\n\n\n<p class=\"wp-block-paragraph\">Tamb\u00e9 cal ressaltar el suport que es donar\u00e0 des de la Diputaci\u00f3 a empreses xicotetes del sector tur\u00edstic de la prov\u00edncia amb pres\u00e8ncia en el certamen, per a aix\u00f2 s&#8217;ha ampliat l&#8217;espai per a reunions i trobades de treball entre els professionals. Aix\u00ed mateix, s&#8217;ha generat un fotoreclam en l&#8217;estand per a incrementar i multiplicar la projecci\u00f3 de la prov\u00edncia de manera instant\u00e0nia i molt din\u00e0mica en la fira.<\/p>\n\n\n\n<p class=\"wp-block-paragraph\">La promoci\u00f3 de l&#8217;oferta tur\u00edstica provincial es vor\u00e0 refor\u00e7ada mitjan\u00e7ant la difusi\u00f3 del Cat\u00e0leg d&#8217;Experi\u00e8ncies Tur\u00edstiques de la prov\u00edncia (que reunix m\u00e9s de 100 experi\u00e8ncies dels diferents \u00e0mbits tur\u00edstics) i del Cat\u00e0leg d&#8217;Experi\u00e8ncies Tur\u00edstiques \u2018Fem Poble\u2019 de la Diputaci\u00f3.<\/p>\n\n\n\n<figure class=\"wp-block-image size-large\"><img loading=\"lazy\" decoding=\"async\" width=\"1024\" height=\"682\" src=\"http:\/\/www.tucomarca.com\/wordpress\/segunda\/wp-content\/uploads\/2024\/01\/PresFitur2024_5-1024x682.jpg\" alt=\"\" class=\"wp-image-207715\" srcset=\"https:\/\/tucomarca.whitekongsoftware.com\/wp-content\/uploads\/2024\/01\/PresFitur2024_5-1024x682.jpg 1024w, https:\/\/tucomarca.whitekongsoftware.com\/wp-content\/uploads\/2024\/01\/PresFitur2024_5-300x200.jpg 300w, https:\/\/tucomarca.whitekongsoftware.com\/wp-content\/uploads\/2024\/01\/PresFitur2024_5-768x512.jpg 768w, https:\/\/tucomarca.whitekongsoftware.com\/wp-content\/uploads\/2024\/01\/PresFitur2024_5.jpg 1181w\" sizes=\"auto, (max-width: 1024px) 100vw, 1024px\" \/><\/figure>\n\n\n\n<p class=\"wp-block-paragraph\"><strong><strong>Diversificaci\u00f3 del turismo<\/strong><\/strong><\/p>\n\n\n\n<p class=\"wp-block-paragraph\">A m\u00e9s de donar a con\u00e9ixer els grans destins de platja, com Gandia, Cullera, Canet i Oliva, culturals, com Sagunt, i d&#8217;interior; la Diputaci\u00f3 de Val\u00e8ncia tamb\u00e9 potenciar\u00e0 altres tipus de turisme. Per aix\u00f2 estar\u00e0 present en esta edici\u00f3 en Fitur Screen-Cinema, l&#8217;espai de Fitur on es connecten la ind\u00fastria tur\u00edstica i la cinematogr\u00e0fica, a trav\u00e9s de Film Val\u00e8ncia. De la mateixa manera, la corporaci\u00f3 participar\u00e0 tamb\u00e9 en Fitur LGTBIQ+, en l&#8217;estand de la C.Valenciana. En este espai es promociona la nostra prov\u00edncia com a dest\u00ed de turisme LGTBIQ+ i inclusiu en tots els aspectes, en col\u00b7laboraci\u00f3 amb els destins Gandia i Cullera.<\/p>\n\n\n\n<figure class=\"wp-block-gallery has-nested-images columns-1 is-cropped wp-block-gallery-1 is-layout-flex wp-block-gallery-is-layout-flex\">\n<figure class=\"wp-block-image size-large\"><img loading=\"lazy\" decoding=\"async\" width=\"2560\" height=\"1440\" data-id=\"207721\" src=\"http:\/\/www.tucomarca.com\/wordpress\/segunda\/wp-content\/uploads\/2024\/01\/VivirValencia-scaled.jpg\" alt=\"\" class=\"wp-image-207721\" srcset=\"https:\/\/tucomarca.whitekongsoftware.com\/wp-content\/uploads\/2024\/01\/VivirValencia-scaled.jpg 2560w, https:\/\/tucomarca.whitekongsoftware.com\/wp-content\/uploads\/2024\/01\/VivirValencia-300x169.jpg 300w, https:\/\/tucomarca.whitekongsoftware.com\/wp-content\/uploads\/2024\/01\/VivirValencia-1024x576.jpg 1024w, https:\/\/tucomarca.whitekongsoftware.com\/wp-content\/uploads\/2024\/01\/VivirValencia-768x432.jpg 768w, https:\/\/tucomarca.whitekongsoftware.com\/wp-content\/uploads\/2024\/01\/VivirValencia-1536x864.jpg 1536w, https:\/\/tucomarca.whitekongsoftware.com\/wp-content\/uploads\/2024\/01\/VivirValencia-2048x1152.jpg 2048w, https:\/\/tucomarca.whitekongsoftware.com\/wp-content\/uploads\/2024\/01\/VivirValencia-678x381.jpg 678w\" sizes=\"auto, (max-width: 2560px) 100vw, 2560px\" \/><\/figure>\n\n\n\n<figure class=\"wp-block-image size-large\"><img loading=\"lazy\" decoding=\"async\" width=\"1181\" height=\"787\" data-id=\"207706\" src=\"http:\/\/www.tucomarca.com\/wordpress\/segunda\/wp-content\/uploads\/2024\/01\/PresFitur2024.jpg\" alt=\"\" class=\"wp-image-207706\" srcset=\"https:\/\/tucomarca.whitekongsoftware.com\/wp-content\/uploads\/2024\/01\/PresFitur2024.jpg 1181w, https:\/\/tucomarca.whitekongsoftware.com\/wp-content\/uploads\/2024\/01\/PresFitur2024-300x200.jpg 300w, https:\/\/tucomarca.whitekongsoftware.com\/wp-content\/uploads\/2024\/01\/PresFitur2024-1024x682.jpg 1024w, https:\/\/tucomarca.whitekongsoftware.com\/wp-content\/uploads\/2024\/01\/PresFitur2024-768x512.jpg 768w\" sizes=\"auto, (max-width: 1181px) 100vw, 1181px\" \/><\/figure>\n\n\n\n<figure class=\"wp-block-image size-large\"><img loading=\"lazy\" decoding=\"async\" width=\"1181\" height=\"809\" data-id=\"207709\" src=\"http:\/\/www.tucomarca.com\/wordpress\/segunda\/wp-content\/uploads\/2024\/01\/PresFitur2024_1.jpg\" alt=\"\" class=\"wp-image-207709\" srcset=\"https:\/\/tucomarca.whitekongsoftware.com\/wp-content\/uploads\/2024\/01\/PresFitur2024_1.jpg 1181w, https:\/\/tucomarca.whitekongsoftware.com\/wp-content\/uploads\/2024\/01\/PresFitur2024_1-300x206.jpg 300w, https:\/\/tucomarca.whitekongsoftware.com\/wp-content\/uploads\/2024\/01\/PresFitur2024_1-1024x701.jpg 1024w, https:\/\/tucomarca.whitekongsoftware.com\/wp-content\/uploads\/2024\/01\/PresFitur2024_1-768x526.jpg 768w\" sizes=\"auto, (max-width: 1181px) 100vw, 1181px\" \/><\/figure>\n<\/figure>\n","protected":false},"excerpt":{"rendered":"<div class=\"mh-excerpt\">En l&#8217;edici\u00f3 d&#8217;enguany destaca l&#8217;aposta pels municipis xicotets i en risc de despoblaci\u00f3, que comptaran amb un espai propi, i la inclusi\u00f3 d&#8217;un espai gastron\u00f2mic en col\u00b7laboraci\u00f3 amb la Fundaci\u00f3 Asindown. Baix eixe lema el <a class=\"mh-excerpt-more\" href=\"https:\/\/tucomarca.whitekongsoftware.com\/ca\/la-diputacio-de-valencia-presentara-en-fitur-sota-el-lema-espectacular-la-diversitat-turistica-de-la-nostra-provincia-i-apostara-pels-xicotets-municipis-en-risc-de-despoblacio\/\" title=\"La Diputaci\u00f3 de Val\u00e8ncia presentar\u00e0 en Fitur sota el lema &#8216;Espectacular&#8217; la diversitat tur\u00edstica de la nostra prov\u00edncia i apostar\u00e0 pels xicotets municipis en risc de despoblaci\u00f3\">[+] <\/a><\/div>\n","protected":false},"author":1,"featured_media":207719,"comment_status":"open","ping_status":"open","sticky":false,"template":"","format":"gallery","meta":{"footnotes":""},"categories":[10890,10951,10892,11046,10898,10948,10963,10894,10904,10912,10902,11007,10947,10909,10896],"tags":[11216,11094,10914,10910],"class_list":["post-207727","post","type-post","status-publish","format-gallery","has-post-thumbnail","category-ademus","category-ayora-cofrentes-ca","category-camp-de-turia-ca","category-los-serranos-ca","category-ventana-ca","category-infraestructuras-ca","category-la-canal-de-navarres-ca","category-la-comarca-ca","category-sin-categorizar-ca","category-la-hoya-ca","category-la-ribera-ca","category-ocio-y-cultura-ca","category-politica","category-requena-utiel-ca","category-seccion-ca","tag-ayora-cofrentes-ca","tag-la-canal-de-navarres","tag-la-hoya-de-bunol-chiva-ca","tag-requena-utiel-ca","post_format-post-format-gallery"],"_links":{"self":[{"href":"https:\/\/tucomarca.whitekongsoftware.com\/ca\/wp-json\/wp\/v2\/posts\/207727","targetHints":{"allow":["GET"]}}],"collection":[{"href":"https:\/\/tucomarca.whitekongsoftware.com\/ca\/wp-json\/wp\/v2\/posts"}],"about":[{"href":"https:\/\/tucomarca.whitekongsoftware.com\/ca\/wp-json\/wp\/v2\/types\/post"}],"author":[{"embeddable":true,"href":"https:\/\/tucomarca.whitekongsoftware.com\/ca\/wp-json\/wp\/v2\/users\/1"}],"replies":[{"embeddable":true,"href":"https:\/\/tucomarca.whitekongsoftware.com\/ca\/wp-json\/wp\/v2\/comments?post=207727"}],"version-history":[{"count":0,"href":"https:\/\/tucomarca.whitekongsoftware.com\/ca\/wp-json\/wp\/v2\/posts\/207727\/revisions"}],"wp:featuredmedia":[{"embeddable":true,"href":"https:\/\/tucomarca.whitekongsoftware.com\/ca\/wp-json\/wp\/v2\/media\/207719"}],"wp:attachment":[{"href":"https:\/\/tucomarca.whitekongsoftware.com\/ca\/wp-json\/wp\/v2\/media?parent=207727"}],"wp:term":[{"taxonomy":"category","embeddable":true,"href":"https:\/\/tucomarca.whitekongsoftware.com\/ca\/wp-json\/wp\/v2\/categories?post=207727"},{"taxonomy":"post_tag","embeddable":true,"href":"https:\/\/tucomarca.whitekongsoftware.com\/ca\/wp-json\/wp\/v2\/tags?post=207727"}],"curies":[{"name":"wp","href":"https:\/\/api.w.org\/{rel}","templated":true}]}}