{"id":207681,"date":"2024-01-17T19:00:00","date_gmt":"2024-01-17T18:00:00","guid":{"rendered":"https:\/\/www.tucomarca.com\/wordpress\/segunda\/?p=207681"},"modified":"2024-01-18T08:42:56","modified_gmt":"2024-01-18T07:42:56","slug":"el-comite-executiu-provincial-del-pp-nomena-a-elia-ferrer-coordinadora-comarcal-i-a-sergi-alonso-secretari-a-la-ribera-alta","status":"publish","type":"post","link":"https:\/\/tucomarca.whitekongsoftware.com\/ca\/el-comite-executiu-provincial-del-pp-nomena-a-elia-ferrer-coordinadora-comarcal-i-a-sergi-alonso-secretari-a-la-ribera-alta\/","title":{"rendered":"El Comit\u00e9 Executiu Provincial del PP nomena a Elia Ferrer coordinadora comarcal i a Sergi Alonso secretari a la Ribera Alta"},"content":{"rendered":"\n<h3 class=\"wp-block-heading\">Momp\u00f3 tria a Elia Ferrer i Sergi Alonso per a dirigir el PP a la Ribera Alta.<\/h3>\n\n\n\n<figure class=\"wp-block-gallery has-nested-images columns-default is-cropped wp-block-gallery-1 is-layout-flex wp-block-gallery-is-layout-flex\">\n<figure class=\"wp-block-image size-large\"><img loading=\"lazy\" decoding=\"async\" width=\"1024\" height=\"1024\" data-id=\"207671\" src=\"http:\/\/www.tucomarca.com\/wordpress\/segunda\/wp-content\/uploads\/2024\/01\/EliaFerrer-1024x1024.jpg\" alt=\"\" class=\"wp-image-207671\" srcset=\"https:\/\/tucomarca.whitekongsoftware.com\/wp-content\/uploads\/2024\/01\/EliaFerrer.jpg 1024w, https:\/\/tucomarca.whitekongsoftware.com\/wp-content\/uploads\/2024\/01\/EliaFerrer-300x300.jpg 300w, https:\/\/tucomarca.whitekongsoftware.com\/wp-content\/uploads\/2024\/01\/EliaFerrer-290x290.jpg 290w, https:\/\/tucomarca.whitekongsoftware.com\/wp-content\/uploads\/2024\/01\/EliaFerrer-768x768.jpg 768w\" sizes=\"auto, (max-width: 1024px) 100vw, 1024px\" \/><\/figure>\n\n\n\n<figure class=\"wp-block-image size-large\"><img loading=\"lazy\" decoding=\"async\" width=\"613\" height=\"576\" data-id=\"207675\" src=\"http:\/\/www.tucomarca.com\/wordpress\/segunda\/wp-content\/uploads\/2024\/01\/SergiAlonso.jpg\" alt=\"\" class=\"wp-image-207675\" srcset=\"https:\/\/tucomarca.whitekongsoftware.com\/wp-content\/uploads\/2024\/01\/SergiAlonso.jpg 613w, https:\/\/tucomarca.whitekongsoftware.com\/wp-content\/uploads\/2024\/01\/SergiAlonso-300x282.jpg 300w\" sizes=\"auto, (max-width: 613px) 100vw, 613px\" \/><\/figure>\n<\/figure>\n\n\n\n<p class=\"wp-block-paragraph\">Amb la vista posada en les eleccions municipals de 2027, el president del PP a la prov\u00edncia de Val\u00e8ncia, Vicent Momp\u00f3, ha renovat a bona part dels coordinadors comarcals del partit.&nbsp; A partir d&#8217;ara l&#8217;alcaldessa d&#8217;Alginet, Elia Ferrer, ser\u00e0 la coordinadora del partit a la Ribera Alta i el regidor d&#8217;Alberic, Sergi Alonso, ostentar\u00e0 funcions de secretari comarcal.<br><br>\u201cEns deixarem la pell per a millorar els nostres resultats en 2027 i guanyar a Alzira\u201d, ha assegurat Ferrer, qui ha destacat que \u201csom un equip preparat, amb ganes i il\u00b7lusi\u00f3 per a aconseguir aquest repte\u201d.<br><br>En la mateixa l\u00ednia, ha advocat per \u201cla coordinaci\u00f3 amb la Ribera Baixa per a millorar la totalitat de la Ribera\u201d. Igualment, ha defensat, \u201cla cooperaci\u00f3 amb la resta de comarques \u00e9s fonamental en el progr\u00e9s de la prov\u00edncia\u201d. \u201cTenim un projecte municipalista clar i estem treballant ja per a dur-lo a terme\u201d, ha explicat.<br><br>Finalment, Ferrer ha agra\u00eft a Momp\u00f3 que haja confiat en \u201cperfils joves\u201d com el seu i el del secretari, l&#8217;edil d&#8217;Alberic Sergi Alonso. \u201cEstarem a l&#8217;altura perqu\u00e8 aix\u00f2 ser\u00e0 estar al servei dels nostres ve\u00efns i ve\u00efnes, que al cap i a la fi \u00e9s el que pretenem, millorar les seues vides, fer avan\u00e7ar els nostres pobles\u201d.<\/p>\n","protected":false},"excerpt":{"rendered":"<div class=\"mh-excerpt\">Momp\u00f3 tria a Elia Ferrer i Sergi Alonso per a dirigir el PP a la Ribera Alta. Amb la vista posada en les eleccions municipals de 2027, el president del PP a la prov\u00edncia de <a class=\"mh-excerpt-more\" href=\"https:\/\/tucomarca.whitekongsoftware.com\/ca\/el-comite-executiu-provincial-del-pp-nomena-a-elia-ferrer-coordinadora-comarcal-i-a-sergi-alonso-secretari-a-la-ribera-alta\/\" title=\"El Comit\u00e9 Executiu Provincial del PP nomena a Elia Ferrer coordinadora comarcal i a Sergi Alonso secretari a la Ribera Alta\">[+] <\/a><\/div>\n","protected":false},"author":12,"featured_media":207674,"comment_status":"open","ping_status":"open","sticky":false,"template":"","format":"standard","meta":{"footnotes":""},"categories":[10894,10902,10947,10896],"tags":[20112,11356],"class_list":["post-207681","post","type-post","status-publish","format-standard","has-post-thumbnail","category-la-comarca-ca","category-la-ribera-ca","category-politica","category-seccion-ca","tag-pp-ribera-alta-ca","tag-ribera-alta-ca"],"_links":{"self":[{"href":"https:\/\/tucomarca.whitekongsoftware.com\/ca\/wp-json\/wp\/v2\/posts\/207681","targetHints":{"allow":["GET"]}}],"collection":[{"href":"https:\/\/tucomarca.whitekongsoftware.com\/ca\/wp-json\/wp\/v2\/posts"}],"about":[{"href":"https:\/\/tucomarca.whitekongsoftware.com\/ca\/wp-json\/wp\/v2\/types\/post"}],"author":[{"embeddable":true,"href":"https:\/\/tucomarca.whitekongsoftware.com\/ca\/wp-json\/wp\/v2\/users\/12"}],"replies":[{"embeddable":true,"href":"https:\/\/tucomarca.whitekongsoftware.com\/ca\/wp-json\/wp\/v2\/comments?post=207681"}],"version-history":[{"count":0,"href":"https:\/\/tucomarca.whitekongsoftware.com\/ca\/wp-json\/wp\/v2\/posts\/207681\/revisions"}],"wp:featuredmedia":[{"embeddable":true,"href":"https:\/\/tucomarca.whitekongsoftware.com\/ca\/wp-json\/wp\/v2\/media\/207674"}],"wp:attachment":[{"href":"https:\/\/tucomarca.whitekongsoftware.com\/ca\/wp-json\/wp\/v2\/media?parent=207681"}],"wp:term":[{"taxonomy":"category","embeddable":true,"href":"https:\/\/tucomarca.whitekongsoftware.com\/ca\/wp-json\/wp\/v2\/categories?post=207681"},{"taxonomy":"post_tag","embeddable":true,"href":"https:\/\/tucomarca.whitekongsoftware.com\/ca\/wp-json\/wp\/v2\/tags?post=207681"}],"curies":[{"name":"wp","href":"https:\/\/api.w.org\/{rel}","templated":true}]}}