{"id":207630,"date":"2024-01-17T11:00:00","date_gmt":"2024-01-17T10:00:00","guid":{"rendered":"https:\/\/www.tucomarca.com\/wordpress\/segunda\/?p=207630"},"modified":"2024-01-17T12:27:51","modified_gmt":"2024-01-17T11:27:51","slug":"la-guardia-civil-dete-a-dues-persones-per-trafic-de-drogues-a-requena","status":"publish","type":"post","link":"https:\/\/tucomarca.whitekongsoftware.com\/ca\/la-guardia-civil-dete-a-dues-persones-per-trafic-de-drogues-a-requena\/","title":{"rendered":"La Gu\u00e0rdia Civil det\u00e9 a dues persones per tr\u00e0fic de drogues a Requena"},"content":{"rendered":"\n<h3 class=\"wp-block-heading\">Els detinguts utilitzaven dos habitatges, una per a emmagatzemar droga i una altra com a punt de venda. 200.000 euros, fruit de l&#8217;activitat criminal, van ser enviats a Col\u00f2mbia&nbsp;<\/h3>\n\n\n\n<p class=\"wp-block-paragraph\">La Gu\u00e0rdia Civil de Val\u00e8ncia, en el marc de l&#8217;operaci\u00f3 \u201cColval\u201d, ha detingut a dues persones per un delicte contra la salut p\u00fablica (tr\u00e0fic de drogues), un altre de blanqueig de capitals i pertinen\u00e7a a organitzaci\u00f3 criminal.<\/p>\n\n\n\n<p class=\"wp-block-paragraph\">La investigaci\u00f3 va comen\u00e7ar quan els gu\u00e0rdies civils van detectar un punt de venda de coca\u00efna en un domicili en la localitat de Requena. Fruit de les investigacions s&#8217;identifiquen dos habitatges, una en la qual emmagatzemava la droga i una altra utilitzada per a la venda. Tamb\u00e9 es va comprovar que dues persones tenien funcions diferents en l&#8217;organitzaci\u00f3, una guardava la droga i l&#8217;altre la venia.<\/p>\n\n\n\n<p class=\"wp-block-paragraph\">Fruit de les dilig\u00e8ncies, es van poder dur a terme dos registres domiciliaris. En total es van localitzar 200 grams de coca\u00efna i 6.775 euros en efectiu, a m\u00e9s d&#8217;\u00fatils necessaris per a la manipulaci\u00f3 de la droga abans de la seua venda.&nbsp;<\/p>\n\n\n\n<p class=\"wp-block-paragraph\">Finalment, es va comprovar que els diners obtinguts del tr\u00e0fic de drogues era enviat a Col\u00f2mbia, havent-se acreditat l&#8217;enviament de 200.000 euros a eixe pa\u00eds.&nbsp;<\/p>\n\n\n\n<p class=\"wp-block-paragraph\">L&#8217;operaci\u00f3 es va saldar amb la detenci\u00f3 d&#8217;un home de 26 anys d&#8217;edat de nacionalitat colombiana i una dona de 31 anys de nacionalitat brasilera. Se&#8217;ls imputen: un delicte contra la salut p\u00fablica, un delicte de blanqueig de capitals i un delicte de pertinen\u00e7a a organitzaci\u00f3 criminal.<\/p>\n\n\n\n<p class=\"wp-block-paragraph\">Les dilig\u00e8ncies han sigut entregades en el Jutjat de Primera Inst\u00e0ncia i Instrucci\u00f3 N\u00famero 2 de Requena.<\/p>\n\n\n\n<figure class=\"wp-block-image size-large\"><img loading=\"lazy\" decoding=\"async\" width=\"1024\" height=\"576\" src=\"http:\/\/www.tucomarca.com\/wordpress\/segunda\/wp-content\/uploads\/2024\/01\/RequenaGCDroga2-1024x576.jpg\" alt=\"\" class=\"wp-image-207634\" srcset=\"https:\/\/tucomarca.whitekongsoftware.com\/wp-content\/uploads\/2024\/01\/RequenaGCDroga2-1024x576.jpg 1024w, https:\/\/tucomarca.whitekongsoftware.com\/wp-content\/uploads\/2024\/01\/RequenaGCDroga2-300x169.jpg 300w, https:\/\/tucomarca.whitekongsoftware.com\/wp-content\/uploads\/2024\/01\/RequenaGCDroga2-768x432.jpg 768w, https:\/\/tucomarca.whitekongsoftware.com\/wp-content\/uploads\/2024\/01\/RequenaGCDroga2-1536x864.jpg 1536w, https:\/\/tucomarca.whitekongsoftware.com\/wp-content\/uploads\/2024\/01\/RequenaGCDroga2-678x381.jpg 678w, https:\/\/tucomarca.whitekongsoftware.com\/wp-content\/uploads\/2024\/01\/RequenaGCDroga2.jpg 1920w\" sizes=\"auto, (max-width: 1024px) 100vw, 1024px\" \/><\/figure>\n","protected":false},"excerpt":{"rendered":"<div class=\"mh-excerpt\">Els detinguts utilitzaven dos habitatges, una per a emmagatzemar droga i una altra com a punt de venda. 200.000 euros, fruit de l&#8217;activitat criminal, van ser enviats a Col\u00f2mbia&nbsp; La Gu\u00e0rdia Civil de Val\u00e8ncia, en <a class=\"mh-excerpt-more\" href=\"https:\/\/tucomarca.whitekongsoftware.com\/ca\/la-guardia-civil-dete-a-dues-persones-per-trafic-de-drogues-a-requena\/\" title=\"La Gu\u00e0rdia Civil det\u00e9 a dues persones per tr\u00e0fic de drogues a Requena\">[+] <\/a><\/div>\n","protected":false},"author":1,"featured_media":207628,"comment_status":"open","ping_status":"open","sticky":false,"template":"","format":"image","meta":{"footnotes":""},"categories":[10898,10894,10904,10908,10909,10896,10897],"tags":[11118,11099,10910],"class_list":["post-207630","post","type-post","status-publish","format-image","has-post-thumbnail","category-ventana-ca","category-la-comarca-ca","category-sin-categorizar-ca","category-requena-ca","category-requena-utiel-ca","category-seccion-ca","category-sucesos-la-comarca-ca","tag-guardia-civil-ca","tag-requena-ca","tag-requena-utiel-ca","post_format-post-format-image"],"_links":{"self":[{"href":"https:\/\/tucomarca.whitekongsoftware.com\/ca\/wp-json\/wp\/v2\/posts\/207630","targetHints":{"allow":["GET"]}}],"collection":[{"href":"https:\/\/tucomarca.whitekongsoftware.com\/ca\/wp-json\/wp\/v2\/posts"}],"about":[{"href":"https:\/\/tucomarca.whitekongsoftware.com\/ca\/wp-json\/wp\/v2\/types\/post"}],"author":[{"embeddable":true,"href":"https:\/\/tucomarca.whitekongsoftware.com\/ca\/wp-json\/wp\/v2\/users\/1"}],"replies":[{"embeddable":true,"href":"https:\/\/tucomarca.whitekongsoftware.com\/ca\/wp-json\/wp\/v2\/comments?post=207630"}],"version-history":[{"count":0,"href":"https:\/\/tucomarca.whitekongsoftware.com\/ca\/wp-json\/wp\/v2\/posts\/207630\/revisions"}],"wp:featuredmedia":[{"embeddable":true,"href":"https:\/\/tucomarca.whitekongsoftware.com\/ca\/wp-json\/wp\/v2\/media\/207628"}],"wp:attachment":[{"href":"https:\/\/tucomarca.whitekongsoftware.com\/ca\/wp-json\/wp\/v2\/media?parent=207630"}],"wp:term":[{"taxonomy":"category","embeddable":true,"href":"https:\/\/tucomarca.whitekongsoftware.com\/ca\/wp-json\/wp\/v2\/categories?post=207630"},{"taxonomy":"post_tag","embeddable":true,"href":"https:\/\/tucomarca.whitekongsoftware.com\/ca\/wp-json\/wp\/v2\/tags?post=207630"}],"curies":[{"name":"wp","href":"https:\/\/api.w.org\/{rel}","templated":true}]}}