{"id":207543,"date":"2024-01-16T11:00:00","date_gmt":"2024-01-16T10:00:00","guid":{"rendered":"https:\/\/www.tucomarca.com\/wordpress\/segunda\/?p=207543"},"modified":"2024-01-16T15:25:47","modified_gmt":"2024-01-16T14:25:47","slug":"torna-el-programa-ment-sana-a-benaguasil-amb-una-xarrada-sobre-trastorns-mentals","status":"publish","type":"post","link":"https:\/\/tucomarca.whitekongsoftware.com\/ca\/torna-el-programa-ment-sana-a-benaguasil-amb-una-xarrada-sobre-trastorns-mentals\/","title":{"rendered":"Torna el programa \u2018Ment Sana\u2019 a Benaguasil amb una xarrada sobre trastorns mentals"},"content":{"rendered":"\n<h4 class=\"wp-block-heading\">La prevenci\u00f3, detecci\u00f3 i actuaci\u00f3 enfront dels trastorns mentals, l&#8217;assertivitat i les ruptures de parella seran alguns dels temes del nou cicle de xarrades organitzat per l&#8217;Ajuntament.<\/h4>\n\n\n\n<p class=\"wp-block-paragraph\">L&#8217;Ajuntament de Benaguasil, a trav\u00e9s de la regidoria d&#8217;Igualtat, torna a posar el focus en la salut mental amb un nou cicle de xarrades mensuals que donar\u00e0 inici hui, a les 18:30h en el Espai de la Dona.<br>\u2018Quant saps de trastorns mentals? Entendre \u00e9s Conviure\u2019 ser\u00e0 el tema central de la xarrada que les ponents i expertes Araceli Albiol, Nairoby Desborde i Alba Silvestre impartiran aquesta vesprada.\u00a0<br>Tamb\u00e9 al gener, concretament el dia 23, tindr\u00e0 lloc una nova xarrada sobre la comunicaci\u00f3 assertiva, una habilitat fonamental per al conviure; i el 27 de febrer s&#8217;abordar\u00e0 la xarrada \u2018Com afrontar les ruptures de parella\u2019.<br>Es tracta d&#8217;una iniciativa posada en marxa per l&#8217;Ajuntament en 2022 per a conscienciar, ajudar i sensibilitzar a la ciutadania sobre la import\u00e0ncia de la cura del benestar i la salut mental i oferir eines.<br>La regidor de l&#8217;\u00e0rea, Alicia Molina, ha explicat que &#8220;s\u00f3n xarrades impartides per professionals especialitzades en la mat\u00e8ria que abordaran diferents q\u00fcestions d&#8217;inter\u00e9s enfocades al p\u00fablic en general, i que s&#8217;emmarquen en el programa \u2018Ment Sana\u2019 que promou el Consistori en el seu comprom\u00eds de portar avant pol\u00edtiques muniipals que contribu\u00efsquen en la millora de la qualitat de vida de la ciutadania\u201d.<br>Cal destacar que totes les xarrades s\u00f3n d&#8217;acc\u00e9s lliure i gratu\u00eft.<\/p>\n","protected":false},"excerpt":{"rendered":"<div class=\"mh-excerpt\">La prevenci\u00f3, detecci\u00f3 i actuaci\u00f3 enfront dels trastorns mentals, l&#8217;assertivitat i les ruptures de parella seran alguns dels temes del nou cicle de xarrades organitzat per l&#8217;Ajuntament. L&#8217;Ajuntament de Benaguasil, a trav\u00e9s de la regidoria <a class=\"mh-excerpt-more\" href=\"https:\/\/tucomarca.whitekongsoftware.com\/ca\/torna-el-programa-ment-sana-a-benaguasil-amb-una-xarrada-sobre-trastorns-mentals\/\" title=\"Torna el programa \u2018Ment Sana\u2019 a Benaguasil amb una xarrada sobre trastorns mentals\">[+] <\/a><\/div>\n","protected":false},"author":12,"featured_media":207542,"comment_status":"open","ping_status":"open","sticky":false,"template":"","format":"standard","meta":{"footnotes":""},"categories":[11019,10952,10892,11010,10894,10896],"tags":[11136,10899,20106],"class_list":["post-207543","post","type-post","status-publish","format-standard","has-post-thumbnail","category-agenda-ca","category-benaguasil-ca","category-camp-de-turia-ca","category-canal-salud","category-la-comarca-ca","category-seccion-ca","tag-benaguasil-ca","tag-camp-de-turia-ca","tag-ment-sana-ca"],"_links":{"self":[{"href":"https:\/\/tucomarca.whitekongsoftware.com\/ca\/wp-json\/wp\/v2\/posts\/207543","targetHints":{"allow":["GET"]}}],"collection":[{"href":"https:\/\/tucomarca.whitekongsoftware.com\/ca\/wp-json\/wp\/v2\/posts"}],"about":[{"href":"https:\/\/tucomarca.whitekongsoftware.com\/ca\/wp-json\/wp\/v2\/types\/post"}],"author":[{"embeddable":true,"href":"https:\/\/tucomarca.whitekongsoftware.com\/ca\/wp-json\/wp\/v2\/users\/12"}],"replies":[{"embeddable":true,"href":"https:\/\/tucomarca.whitekongsoftware.com\/ca\/wp-json\/wp\/v2\/comments?post=207543"}],"version-history":[{"count":0,"href":"https:\/\/tucomarca.whitekongsoftware.com\/ca\/wp-json\/wp\/v2\/posts\/207543\/revisions"}],"wp:featuredmedia":[{"embeddable":true,"href":"https:\/\/tucomarca.whitekongsoftware.com\/ca\/wp-json\/wp\/v2\/media\/207542"}],"wp:attachment":[{"href":"https:\/\/tucomarca.whitekongsoftware.com\/ca\/wp-json\/wp\/v2\/media?parent=207543"}],"wp:term":[{"taxonomy":"category","embeddable":true,"href":"https:\/\/tucomarca.whitekongsoftware.com\/ca\/wp-json\/wp\/v2\/categories?post=207543"},{"taxonomy":"post_tag","embeddable":true,"href":"https:\/\/tucomarca.whitekongsoftware.com\/ca\/wp-json\/wp\/v2\/tags?post=207543"}],"curies":[{"name":"wp","href":"https:\/\/api.w.org\/{rel}","templated":true}]}}