{"id":207516,"date":"2024-01-16T10:15:00","date_gmt":"2024-01-16T09:15:00","guid":{"rendered":"https:\/\/www.tucomarca.com\/wordpress\/segunda\/?p=207516"},"modified":"2024-01-16T15:30:43","modified_gmt":"2024-01-16T14:30:43","slug":"la-institucio-alfons-el-magnanim-radiografia-la-realitat-actual-amb-el-llibre-aproximacions-a-lesperit-del-temps","status":"publish","type":"post","link":"https:\/\/tucomarca.whitekongsoftware.com\/ca\/la-institucio-alfons-el-magnanim-radiografia-la-realitat-actual-amb-el-llibre-aproximacions-a-lesperit-del-temps\/","title":{"rendered":"La Instituci\u00f3 Alfons el Magn\u00e0nim radiografia la realitat actual amb el llibre &#8216;Aproximacions a l\u2019esperit del temps&#8217;"},"content":{"rendered":"\n<h4 class=\"wp-block-heading\">L&#8217;editorial de la Diputaci\u00f3 de Val\u00e8ncia publica este volum que coordina l&#8217;assagista i economista Gustau Mu\u00f1oz i que recull les reflexions d&#8217;onze prestigiosos autors<\/h4>\n\n\n\n<p class=\"wp-block-paragraph\">La Instituci\u00f3 Alfons el Magn\u00e0nim-Centre Valenci\u00e0 d\u2019Estudis i d\u2019Investigaci\u00f3 publica el volum col\u00b7lectiu <em>Aproximacions a l\u2019esperit del temps<\/em>, coordinat per l&#8217;assagista i economista Gustau Mu\u00f1oz, el n\u00famero 43 de la col\u00b7lecci\u00f3 \u00abPensament i Societat\u00bb, que dirigix el mateix Mu\u00f1oz.<\/p>\n\n\n\n<p class=\"wp-block-paragraph\">El llibre que publica l&#8217;editorial de la Diputaci\u00f3 de Val\u00e8ncia reunix les reflexions d&#8217;onze autors de reconeguda solv\u00e8ncia en el panorama de la doc\u00e8ncia i la investigaci\u00f3 acad\u00e8mica, amb l&#8217;objectiu d&#8217;aconseguir una radiografia dels problemes actuals m\u00e9s candents que ajuden la reflexi\u00f3, a pensar el m\u00f3n i a crear opini\u00f3.<\/p>\n\n\n\n<p class=\"wp-block-paragraph\">L&#8217;aportaci\u00f3 pren en consideraci\u00f3 un ventall de temes altament significatius, com \u00e9s el cas de la for\u00e7a de la democr\u00e0cia, la crisi ecol\u00f2gica, el nou paper d&#8217;Europa en el m\u00f3n, la pol\u00edtica en les societats actuals, l&#8217;economia i la crisi de la globalitzaci\u00f3, el sentit del nou segle, la revoluci\u00f3 feminista, les cultures nacionals, la teoria cr\u00edtica, la problem\u00e0tica de l&#8217;art i el paper del pensament en el m\u00f3n de hui. Un conjunt de q\u00fcestions capitals sobre les quals \u2013sens dubte\u2013 cal reflexionar.<\/p>\n\n\n\n<p class=\"wp-block-paragraph\"><strong>Els autors<\/strong><\/p>\n\n\n\n<p class=\"wp-block-paragraph\">A m\u00e9s de l&#8217;economista, assagista, editor i actual codirector de L&#8217;Espill, Gustau Mu\u00f1oz, el llibre est\u00e0 escrit per la doctora en Ci\u00e8ncia Pol\u00edtica, Anna I. L\u00f3pez; el professor de Filosofia a la Universitat Aut\u00f2noma de Barcelona, Jordi Riba; el catedr\u00e0tic de Sociologia de la Universitat de Val\u00e8ncia, Ernest Garcia; el catedr\u00e0tic de Geografia Humana de la Universitat de Val\u00e8ncia, Joan Romero; el professor de Dret Constitucional de la Universitat d&#8217;Alacant, Manuel Alcaraz; el catedr\u00e0tic d&#8217;Economia Aplicada de la Universitat de Val\u00e8ncia, Ernest Reig; la professora del Departament de Sociologia i Antropologia Social de la Universitat de Val\u00e8ncia, Sandra Obiol; el professor del Departament d&#8217;Hist\u00f2ria Moderna i Contempor\u00e0nia de la Universitat de Val\u00e8ncia, Ferran Archil\u00e9s; la professora del Departament d&#8217;Hist\u00f2ria de l&#8217;Art de la Universitat de Val\u00e8ncia, Raquel Baixauli; i el catedr\u00e0tic de Filosofia de la Universitat de Val\u00e8ncia, Tobies Grimaltos.<\/p>\n","protected":false},"excerpt":{"rendered":"<div class=\"mh-excerpt\">L&#8217;editorial de la Diputaci\u00f3 de Val\u00e8ncia publica este volum que coordina l&#8217;assagista i economista Gustau Mu\u00f1oz i que recull les reflexions d&#8217;onze prestigiosos autors La Instituci\u00f3 Alfons el Magn\u00e0nim-Centre Valenci\u00e0 d\u2019Estudis i d\u2019Investigaci\u00f3 publica el <a class=\"mh-excerpt-more\" href=\"https:\/\/tucomarca.whitekongsoftware.com\/ca\/la-institucio-alfons-el-magnanim-radiografia-la-realitat-actual-amb-el-llibre-aproximacions-a-lesperit-del-temps\/\" title=\"La Instituci\u00f3 Alfons el Magn\u00e0nim radiografia la realitat actual amb el llibre &#8216;Aproximacions a l\u2019esperit del temps&#8217;\">[+] <\/a><\/div>\n","protected":false},"author":12,"featured_media":207515,"comment_status":"open","ping_status":"open","sticky":false,"template":"","format":"standard","meta":{"footnotes":""},"categories":[10894,10904,11007,10896],"tags":[11246,20102],"class_list":["post-207516","post","type-post","status-publish","format-standard","has-post-thumbnail","category-la-comarca-ca","category-sin-categorizar-ca","category-ocio-y-cultura-ca","category-seccion-ca","tag-diputacio-de-valencia-ca","tag-institucion-alfons-el-magnanim-ca"],"_links":{"self":[{"href":"https:\/\/tucomarca.whitekongsoftware.com\/ca\/wp-json\/wp\/v2\/posts\/207516","targetHints":{"allow":["GET"]}}],"collection":[{"href":"https:\/\/tucomarca.whitekongsoftware.com\/ca\/wp-json\/wp\/v2\/posts"}],"about":[{"href":"https:\/\/tucomarca.whitekongsoftware.com\/ca\/wp-json\/wp\/v2\/types\/post"}],"author":[{"embeddable":true,"href":"https:\/\/tucomarca.whitekongsoftware.com\/ca\/wp-json\/wp\/v2\/users\/12"}],"replies":[{"embeddable":true,"href":"https:\/\/tucomarca.whitekongsoftware.com\/ca\/wp-json\/wp\/v2\/comments?post=207516"}],"version-history":[{"count":0,"href":"https:\/\/tucomarca.whitekongsoftware.com\/ca\/wp-json\/wp\/v2\/posts\/207516\/revisions"}],"wp:featuredmedia":[{"embeddable":true,"href":"https:\/\/tucomarca.whitekongsoftware.com\/ca\/wp-json\/wp\/v2\/media\/207515"}],"wp:attachment":[{"href":"https:\/\/tucomarca.whitekongsoftware.com\/ca\/wp-json\/wp\/v2\/media?parent=207516"}],"wp:term":[{"taxonomy":"category","embeddable":true,"href":"https:\/\/tucomarca.whitekongsoftware.com\/ca\/wp-json\/wp\/v2\/categories?post=207516"},{"taxonomy":"post_tag","embeddable":true,"href":"https:\/\/tucomarca.whitekongsoftware.com\/ca\/wp-json\/wp\/v2\/tags?post=207516"}],"curies":[{"name":"wp","href":"https:\/\/api.w.org\/{rel}","templated":true}]}}