{"id":207439,"date":"2024-01-15T09:30:00","date_gmt":"2024-01-15T08:30:00","guid":{"rendered":"https:\/\/www.tucomarca.com\/wordpress\/segunda\/?p=207439"},"modified":"2024-01-15T20:35:43","modified_gmt":"2024-01-15T19:35:43","slug":"requena-acollira-la-presentacio-dun-llibre-sobre-la-mobilitzacio-agraria","status":"publish","type":"post","link":"https:\/\/tucomarca.whitekongsoftware.com\/ca\/requena-acollira-la-presentacio-dun-llibre-sobre-la-mobilitzacio-agraria\/","title":{"rendered":"Requena acollir\u00e0 la presentaci\u00f3 d&#8217;un llibre sobre la mobilitzaci\u00f3 agr\u00e0ria"},"content":{"rendered":"\n<p class=\"wp-block-paragraph\">Divendres que ve, 19 de gener, a les 19 hores, en la sala d&#8217;actes de la cooperativa Covi\u00f1as, de Requena, es realitzar\u00e0 la presentaci\u00f3 del llibre sobre la mobilitzaci\u00f3 agr\u00e0ria de base durant la transici\u00f3 en el m\u00f3n rural valenci\u00e0, per part del seu autor, Arnau Zapata Tar\u00edn i membres de la CCPV-COAG (Coordinadora Llauradora del Pa\u00eds Valenci\u00e0).<br>Aquesta publicaci\u00f3 revela el paper crucial de la pagesia, la seua lluita contra les institucions franquistes i el canvi cap a un sindicalisme democr\u00e0tic. A trav\u00e9s del treball d&#8217;Arnau Zapata Tar\u00edn, es destaca l&#8217;apoderament d&#8217;un sector pr\u00e8viament marginat. Encara que la realitat del camp ha canviat, nous agricultors busquen transformar l&#8217;agricultura, rescatar sabers llauradors i trencar amb estereotips. Aquest relat \u00e9s una contribuci\u00f3 a la mem\u00f2ria col\u00b7lectiva de la pagesia valenciana i el seu paper essencial en la societat actual. Informa, <strong>Luis Ib\u00e1\u00f1ez.<\/strong><\/p>\n","protected":false},"excerpt":{"rendered":"<div class=\"mh-excerpt\">Divendres que ve, 19 de gener, a les 19 hores, en la sala d&#8217;actes de la cooperativa Covi\u00f1as, de Requena, es realitzar\u00e0 la presentaci\u00f3 del llibre sobre la mobilitzaci\u00f3 agr\u00e0ria de base durant la transici\u00f3 <a class=\"mh-excerpt-more\" href=\"https:\/\/tucomarca.whitekongsoftware.com\/ca\/requena-acollira-la-presentacio-dun-llibre-sobre-la-mobilitzacio-agraria\/\" title=\"Requena acollir\u00e0 la presentaci\u00f3 d&#8217;un llibre sobre la mobilitzaci\u00f3 agr\u00e0ria\">[+] <\/a><\/div>\n","protected":false},"author":12,"featured_media":207438,"comment_status":"open","ping_status":"open","sticky":false,"template":"","format":"standard","meta":{"footnotes":""},"categories":[11019,10894,10908,10909,10896],"tags":[12895,11099,10910],"class_list":["post-207439","post","type-post","status-publish","format-standard","has-post-thumbnail","category-agenda-ca","category-la-comarca-ca","category-requena-ca","category-requena-utiel-ca","category-seccion-ca","tag-covinas-ca","tag-requena-ca","tag-requena-utiel-ca"],"_links":{"self":[{"href":"https:\/\/tucomarca.whitekongsoftware.com\/ca\/wp-json\/wp\/v2\/posts\/207439","targetHints":{"allow":["GET"]}}],"collection":[{"href":"https:\/\/tucomarca.whitekongsoftware.com\/ca\/wp-json\/wp\/v2\/posts"}],"about":[{"href":"https:\/\/tucomarca.whitekongsoftware.com\/ca\/wp-json\/wp\/v2\/types\/post"}],"author":[{"embeddable":true,"href":"https:\/\/tucomarca.whitekongsoftware.com\/ca\/wp-json\/wp\/v2\/users\/12"}],"replies":[{"embeddable":true,"href":"https:\/\/tucomarca.whitekongsoftware.com\/ca\/wp-json\/wp\/v2\/comments?post=207439"}],"version-history":[{"count":0,"href":"https:\/\/tucomarca.whitekongsoftware.com\/ca\/wp-json\/wp\/v2\/posts\/207439\/revisions"}],"wp:featuredmedia":[{"embeddable":true,"href":"https:\/\/tucomarca.whitekongsoftware.com\/ca\/wp-json\/wp\/v2\/media\/207438"}],"wp:attachment":[{"href":"https:\/\/tucomarca.whitekongsoftware.com\/ca\/wp-json\/wp\/v2\/media?parent=207439"}],"wp:term":[{"taxonomy":"category","embeddable":true,"href":"https:\/\/tucomarca.whitekongsoftware.com\/ca\/wp-json\/wp\/v2\/categories?post=207439"},{"taxonomy":"post_tag","embeddable":true,"href":"https:\/\/tucomarca.whitekongsoftware.com\/ca\/wp-json\/wp\/v2\/tags?post=207439"}],"curies":[{"name":"wp","href":"https:\/\/api.w.org\/{rel}","templated":true}]}}