{"id":207240,"date":"2024-01-13T11:00:00","date_gmt":"2024-01-13T10:00:00","guid":{"rendered":"https:\/\/www.tucomarca.com\/wordpress\/segunda\/?p=207240"},"modified":"2024-01-13T11:51:24","modified_gmt":"2024-01-13T10:51:24","slug":"detenen-en-torrent-despres-duna-ardua-persecucio-policial-per-la3-i-la7-al-lladre-dun-camio-que-havia-sigut-robat-a-conca","status":"publish","type":"post","link":"https:\/\/tucomarca.whitekongsoftware.com\/ca\/detenen-en-torrent-despres-duna-ardua-persecucio-policial-per-la3-i-la7-al-lladre-dun-camio-que-havia-sigut-robat-a-conca\/","title":{"rendered":"Detenen en Torrent despr\u00e9s d&#8217;una \u00e0rdua persecuci\u00f3 policial per l&#8217;A3 i l&#8217;A7 al lladre d&#8217;un cami\u00f3 que havia sigut robat a Conca"},"content":{"rendered":"\n<p class=\"wp-block-paragraph\">Efectius de la Gu\u00e0rdia Civil han detingut a un home de 33 anys i de nacionalitat espanyola aquest passat dijous, dia 11, a les 7,30 hores, despr\u00e9s d&#8217;una \u00e0rdua persecuci\u00f3 per les autovia A3 i A7 que es va iniciar a Conca, on el detingut havia sostret un cami\u00f3 amb el qual va fugir i va ser detingut en Torrent.&nbsp;<\/p>\n\n\n\n<p class=\"wp-block-paragraph\">Fonts de la Comand\u00e0ncia de la Gu\u00e0rdia Civil de Val\u00e8ncia han informat que el cami\u00f3 &#8220;va ser sostret de matinada a Conca. En revisar el GPS d&#8217;aquest, va ser possible la seua localitzaci\u00f3 a la prov\u00edncia de Val\u00e8ncia. Finament, despr\u00e9s d&#8217;un ardu seguiment en el qual va fer cas om\u00eds als senyals dels agents circul\u00f3 de manera temer\u00e0ria, provocant diversos sinistres sense ferits en l&#8217;A3 i l&#8217;A7, el cami\u00f3 va ser localitzat en la CV 405 sentit Montserrat&#8221;.<\/p>\n\n\n\n<p class=\"wp-block-paragraph\">L&#8217;\u00fanic ocupant del vehicle va fugir a peu per uns camps de taronges confrontants a la via, iniciant-se una cerca per la zona, on finalment, s&#8217;aconsegueix la seua localitzaci\u00f3 i detenci\u00f3 en la qual han intervingut patrulles de la Companyia de Sueca, Paiporta i Tr\u00e0nsit.<\/p>\n\n\n\n<p class=\"wp-block-paragraph\">Les mateixes fonts han informat que que s&#8217;han instru\u00eft dilig\u00e8ncies pels delictes de conducci\u00f3 temer\u00e0ria, conduir sota la influ\u00e8ncia de drogues, p\u00e8rdua de vig\u00e8ncia del perm\u00eds de conduir i atemptat.<\/p>\n\n\n\n<figure class=\"wp-block-image size-full\"><img loading=\"lazy\" decoding=\"async\" width=\"768\" height=\"1024\" src=\"http:\/\/www.tucomarca.com\/wordpress\/segunda\/wp-content\/uploads\/2024\/01\/DetencionA301.jpeg\" alt=\"\" class=\"wp-image-207234\" srcset=\"https:\/\/tucomarca.whitekongsoftware.com\/wp-content\/uploads\/2024\/01\/DetencionA301.jpeg 768w, https:\/\/tucomarca.whitekongsoftware.com\/wp-content\/uploads\/2024\/01\/DetencionA301-225x300.jpeg 225w\" sizes=\"auto, (max-width: 768px) 100vw, 768px\" \/><\/figure>\n","protected":false},"excerpt":{"rendered":"<div class=\"mh-excerpt\">Efectius de la Gu\u00e0rdia Civil han detingut a un home de 33 anys i de nacionalitat espanyola aquest passat dijous, dia 11, a les 7,30 hores, despr\u00e9s d&#8217;una \u00e0rdua persecuci\u00f3 per les autovia A3 i <a class=\"mh-excerpt-more\" href=\"https:\/\/tucomarca.whitekongsoftware.com\/ca\/detenen-en-torrent-despres-duna-ardua-persecucio-policial-per-la3-i-la7-al-lladre-dun-camio-que-havia-sigut-robat-a-conca\/\" title=\"Detenen en Torrent despr\u00e9s d&#8217;una \u00e0rdua persecuci\u00f3 policial per l&#8217;A3 i l&#8217;A7 al lladre d&#8217;un cami\u00f3 que havia sigut robat a Conca\">[+] <\/a><\/div>\n","protected":false},"author":1,"featured_media":207237,"comment_status":"open","ping_status":"open","sticky":false,"template":"","format":"image","meta":{"footnotes":""},"categories":[10898,10894,10904,10912,10902,11000,10909,10896,10897],"tags":[11118,10914,10910],"class_list":["post-207240","post","type-post","status-publish","format-image","has-post-thumbnail","category-ventana-ca","category-la-comarca-ca","category-sin-categorizar-ca","category-la-hoya-ca","category-la-ribera-ca","category-monserrat-ca","category-requena-utiel-ca","category-seccion-ca","category-sucesos-la-comarca-ca","tag-guardia-civil-ca","tag-la-hoya-de-bunol-chiva-ca","tag-requena-utiel-ca","post_format-post-format-image"],"_links":{"self":[{"href":"https:\/\/tucomarca.whitekongsoftware.com\/ca\/wp-json\/wp\/v2\/posts\/207240","targetHints":{"allow":["GET"]}}],"collection":[{"href":"https:\/\/tucomarca.whitekongsoftware.com\/ca\/wp-json\/wp\/v2\/posts"}],"about":[{"href":"https:\/\/tucomarca.whitekongsoftware.com\/ca\/wp-json\/wp\/v2\/types\/post"}],"author":[{"embeddable":true,"href":"https:\/\/tucomarca.whitekongsoftware.com\/ca\/wp-json\/wp\/v2\/users\/1"}],"replies":[{"embeddable":true,"href":"https:\/\/tucomarca.whitekongsoftware.com\/ca\/wp-json\/wp\/v2\/comments?post=207240"}],"version-history":[{"count":0,"href":"https:\/\/tucomarca.whitekongsoftware.com\/ca\/wp-json\/wp\/v2\/posts\/207240\/revisions"}],"wp:featuredmedia":[{"embeddable":true,"href":"https:\/\/tucomarca.whitekongsoftware.com\/ca\/wp-json\/wp\/v2\/media\/207237"}],"wp:attachment":[{"href":"https:\/\/tucomarca.whitekongsoftware.com\/ca\/wp-json\/wp\/v2\/media?parent=207240"}],"wp:term":[{"taxonomy":"category","embeddable":true,"href":"https:\/\/tucomarca.whitekongsoftware.com\/ca\/wp-json\/wp\/v2\/categories?post=207240"},{"taxonomy":"post_tag","embeddable":true,"href":"https:\/\/tucomarca.whitekongsoftware.com\/ca\/wp-json\/wp\/v2\/tags?post=207240"}],"curies":[{"name":"wp","href":"https:\/\/api.w.org\/{rel}","templated":true}]}}