{"id":207216,"date":"2024-01-12T18:00:00","date_gmt":"2024-01-12T17:00:00","guid":{"rendered":"https:\/\/www.tucomarca.com\/wordpress\/segunda\/?p=207216"},"modified":"2024-01-12T20:40:53","modified_gmt":"2024-01-12T19:40:53","slug":"video-elisa-nunez-anuncia-que-xiva-acollira-la-jornada-de-portes-obertes-demergencies-i-seguretat-publica-el-proxim-24-febrer","status":"publish","type":"post","link":"https:\/\/tucomarca.whitekongsoftware.com\/ca\/video-elisa-nunez-anuncia-que-xiva-acollira-la-jornada-de-portes-obertes-demergencies-i-seguretat-publica-el-proxim-24-febrer\/","title":{"rendered":"V\u00eddeo: Elisa N\u00fa\u00f1ez anuncia que Xiva acollir\u00e0 la Jornada de portes obertes d&#8217;Emerg\u00e8ncies i Seguretat P\u00fablica el pr\u00f2xim 24 febrer"},"content":{"rendered":"\n<figure class=\"wp-block-embed is-type-video is-provider-youtube wp-block-embed-youtube wp-embed-aspect-16-9 wp-has-aspect-ratio\"><div class=\"wp-block-embed__wrapper\">\n<iframe loading=\"lazy\" title=\"V\u00eddeo: Jornada de puertas abiertas de Emergencias y Seguridad P\u00fablica que acoge Chiva el 24 febrero\" width=\"500\" height=\"281\" src=\"https:\/\/www.youtube.com\/embed\/K53H5m8hHro?feature=oembed\" frameborder=\"0\" allow=\"accelerometer; autoplay; clipboard-write; encrypted-media; gyroscope; picture-in-picture; web-share\" referrerpolicy=\"strict-origin-when-cross-origin\" allowfullscreen><\/iframe>\n<\/div><\/figure>\n\n\n\n<p class=\"wp-block-paragraph\">El municipi de Xiva acollir\u00e0 la Jornada de portes obertes sobre Emerg\u00e8ncies i Seguretat P\u00fablica 2024 que organitza la Conselleria de Just\u00edcia i Interior. <\/p>\n\n\n\n<p class=\"wp-block-paragraph\">La pr\u00f2pia consellera responsable de l&#8217;\u00e0rea, Elisa N\u00fa\u00f1ez, ha visitat Xiva on en declaracions a <strong>tucomarca televisi\u00f3<\/strong>&nbsp;ha animat als ve\u00efns de la comarca a assistir \u201cper a con\u00e9ixer de primera m\u00e0 el treball dels professionals que vetlen per la nostra seguretat\u201d. <\/p>\n\n\n\n<p class=\"wp-block-paragraph\">La Jornada de portes obertes sobre Emerg\u00e8ncies i Seguretat P\u00fablica t\u00e9 car\u00e0cter itinerant en la Comunitat Valenciana i se celebrar\u00e0 el 24 de febrer per a commemorar el Dia Europeu del Tel\u00e8fon 1\u00b71\u00b72. <\/p>\n\n\n\n<p class=\"wp-block-paragraph\">L&#8217;alcaldessa de Xiva, Amparo Fort, ha aprofitat per a transmetre a la consellera les necessitats de la localitat en mat\u00e8ria de Just\u00edcia, entre les quals destaca la creaci\u00f3 d&#8217;un nou jutjat de Primera Inst\u00e0ncia, aix\u00ed com una nova seu judicial.<\/p>\n","protected":false},"excerpt":{"rendered":"<div class=\"mh-excerpt\">El municipi de Xiva acollir\u00e0 la Jornada de portes obertes sobre Emerg\u00e8ncies i Seguretat P\u00fablica 2024 que organitza la Conselleria de Just\u00edcia i Interior. La pr\u00f2pia consellera responsable de l&#8217;\u00e0rea, Elisa N\u00fa\u00f1ez, ha visitat Xiva <a class=\"mh-excerpt-more\" href=\"https:\/\/tucomarca.whitekongsoftware.com\/ca\/video-elisa-nunez-anuncia-que-xiva-acollira-la-jornada-de-portes-obertes-demergencies-i-seguretat-publica-el-proxim-24-febrer\/\" title=\"V\u00eddeo: Elisa N\u00fa\u00f1ez anuncia que Xiva acollir\u00e0 la Jornada de portes obertes d&#8217;Emerg\u00e8ncies i Seguretat P\u00fablica el pr\u00f2xim 24 febrer\">[+] <\/a><\/div>\n","protected":false},"author":1,"featured_media":207211,"comment_status":"open","ping_status":"open","sticky":false,"template":"","format":"video","meta":{"footnotes":""},"categories":[10898,10948,10894,10904,10912,11007,10947,10896,11062,10975],"tags":[11195,20090,20091,10914],"class_list":["post-207216","post","type-post","status-publish","format-video","has-post-thumbnail","category-ventana-ca","category-infraestructuras-ca","category-la-comarca-ca","category-sin-categorizar-ca","category-la-hoya-ca","category-ocio-y-cultura-ca","category-politica","category-seccion-ca","category-videos","category-chiva-ca","tag-chiva-ca","tag-elisa-nunez-ca","tag-justicia-e-interior-ca","tag-la-hoya-de-bunol-chiva-ca","post_format-post-format-video"],"_links":{"self":[{"href":"https:\/\/tucomarca.whitekongsoftware.com\/ca\/wp-json\/wp\/v2\/posts\/207216","targetHints":{"allow":["GET"]}}],"collection":[{"href":"https:\/\/tucomarca.whitekongsoftware.com\/ca\/wp-json\/wp\/v2\/posts"}],"about":[{"href":"https:\/\/tucomarca.whitekongsoftware.com\/ca\/wp-json\/wp\/v2\/types\/post"}],"author":[{"embeddable":true,"href":"https:\/\/tucomarca.whitekongsoftware.com\/ca\/wp-json\/wp\/v2\/users\/1"}],"replies":[{"embeddable":true,"href":"https:\/\/tucomarca.whitekongsoftware.com\/ca\/wp-json\/wp\/v2\/comments?post=207216"}],"version-history":[{"count":0,"href":"https:\/\/tucomarca.whitekongsoftware.com\/ca\/wp-json\/wp\/v2\/posts\/207216\/revisions"}],"wp:featuredmedia":[{"embeddable":true,"href":"https:\/\/tucomarca.whitekongsoftware.com\/ca\/wp-json\/wp\/v2\/media\/207211"}],"wp:attachment":[{"href":"https:\/\/tucomarca.whitekongsoftware.com\/ca\/wp-json\/wp\/v2\/media?parent=207216"}],"wp:term":[{"taxonomy":"category","embeddable":true,"href":"https:\/\/tucomarca.whitekongsoftware.com\/ca\/wp-json\/wp\/v2\/categories?post=207216"},{"taxonomy":"post_tag","embeddable":true,"href":"https:\/\/tucomarca.whitekongsoftware.com\/ca\/wp-json\/wp\/v2\/tags?post=207216"}],"curies":[{"name":"wp","href":"https:\/\/api.w.org\/{rel}","templated":true}]}}