{"id":207195,"date":"2024-01-12T07:55:00","date_gmt":"2024-01-12T06:55:00","guid":{"rendered":"https:\/\/www.tucomarca.com\/wordpress\/segunda\/?p=207195"},"modified":"2024-01-12T19:32:38","modified_gmt":"2024-01-12T18:32:38","slug":"la-unio-protestara-amb-una-tractorada-el-21-de-febrer-davant-el-ministeri-dagricultura-per-a-defensar-els-interessos-dels-llauradors-i-ramaders-valencians","status":"publish","type":"post","link":"https:\/\/tucomarca.whitekongsoftware.com\/ca\/la-unio-protestara-amb-una-tractorada-el-21-de-febrer-davant-el-ministeri-dagricultura-per-a-defensar-els-interessos-dels-llauradors-i-ramaders-valencians\/","title":{"rendered":"La Uni\u00f3 protestar\u00e0 amb una tractorada el 21 de febrer davant el Ministeri d&#8217;Agricultura per a defensar els interessos dels llauradors i ramaders valencians"},"content":{"rendered":"\n<p class=\"wp-block-paragraph\">La Uni\u00f3 Llauradora i Ramadera tornar\u00e0 a manifestar-se aquest pr\u00f2xim 21 de febrer a les portes del Ministeri d&#8217;Agricultura a Madrid per a denunciar la cr\u00edtica situaci\u00f3 que viuen els llauradors i ramaders de la Comunitat Valenciana a causa de les males collites i els alts costos de producci\u00f3, que es topen amb la insufici\u00e8ncia de les mesures posades en marxa i l&#8217;assetjament al qual est\u00e0 sotm\u00e9s el sector.<\/p>\n\n\n\n<p class=\"wp-block-paragraph\">Les organitzacions territorials de la Uni\u00f3n de Uniones, despr\u00e9s d&#8217;analitzar els greus problemes pels quals travessa el camp i la falta de respostes per part del Govern i les comunitats aut\u00f2nomes, han convocat una nova tractorada, insistint en la duta a terme el 5 de juliol de l&#8217;any passat. \u201cJa vam dir llavors que si no es prenien mesures eficaces an\u00e0vem a tornar i per aix\u00f2 hem convocat aquesta nova protesta\u201d, assenyala La Uni\u00f3.<\/p>\n\n\n\n<p class=\"wp-block-paragraph\">L&#8217;organitzaci\u00f3 considera que hi ha suficients motius de pes per a convocar al sector a la mobilitzaci\u00f3. \u201cEls olivicultors i viticultors valencians s&#8217;han quedat fora de les ajudes de totes les Administracions; els cerealistes han tingut mala collita i baixos preus igual que molts altres sectors, el Govern signa un acord internacional per a retirar les ajudes al gasoil agr\u00edcola, els ramaders continuen sacrificant animals per uns plans de sanitat irracionals i patint els efectes de la falta de pastures, l&#8217;aprovaci\u00f3 constant de noves exig\u00e8ncies ambientals ens carreguen de m\u00e9s costos i m\u00e9s burocr\u00e0cia\u201d, s\u00f3n alguns dels assumptes sense resposta.<\/p>\n\n\n\n<p class=\"wp-block-paragraph\">Tamb\u00e9 insisteix La Uni\u00f3 que \u201cel Govern incompleix les lleis i les sent\u00e8ncies dels tribunals com la del contracte de doble tarifa per al regadiu quan hi ha un increment de cost per la sequera i es rega m\u00e9s i m\u00e9s car, patim la compet\u00e8ncia deslleial de les importacions que no respecten les normes que ens imposen a nosaltres, no s&#8217;atallen els danys als cultius ni la infecci\u00f3 al nostre bestiar que provoca la fauna silvestre, les assegurances agr\u00e0ries s\u00f3n cada vegada m\u00e9s cares i protegeixen menys. Sobren les raons per a eixir al carrer una altra vegada\u201d, opina l&#8217;organitzaci\u00f3 agr\u00e0ria.<\/p>\n\n\n\n<p class=\"wp-block-paragraph\">A causa del preocupant del present escenari, Uni\u00f3n de Uniones s&#8217;ha dirigit per escrit als m\u00e0xims responsables de ASAJA, UPA, COAG i Cooperatives Agroaliment\u00e0ries per a oferir-los que se sumen a la mobilitzaci\u00f3 i presentar una unitat d&#8217;acci\u00f3 en defensa dels professionals del sector i donar aix\u00ed un toc d&#8217;atenci\u00f3 contundent al Govern\u201d. L&#8217;organitzaci\u00f3 fa tamb\u00e9 una crida a totes aquelles associacions i plataformes de llauradors i ramaders que desitgen unir-se a aquesta.<\/p>\n","protected":false},"excerpt":{"rendered":"<div class=\"mh-excerpt\">La Uni\u00f3 Llauradora i Ramadera tornar\u00e0 a manifestar-se aquest pr\u00f2xim 21 de febrer a les portes del Ministeri d&#8217;Agricultura a Madrid per a denunciar la cr\u00edtica situaci\u00f3 que viuen els llauradors i ramaders de la <a class=\"mh-excerpt-more\" href=\"https:\/\/tucomarca.whitekongsoftware.com\/ca\/la-unio-protestara-amb-una-tractorada-el-21-de-febrer-davant-el-ministeri-dagricultura-per-a-defensar-els-interessos-dels-llauradors-i-ramaders-valencians\/\" title=\"La Uni\u00f3 protestar\u00e0 amb una tractorada el 21 de febrer davant el Ministeri d&#8217;Agricultura per a defensar els interessos dels llauradors i ramaders valencians\">[+] <\/a><\/div>\n","protected":false},"author":1,"featured_media":207193,"comment_status":"open","ping_status":"open","sticky":false,"template":"","format":"standard","meta":{"footnotes":""},"categories":[10890,10905,10892,11046,10898,10948,10963,10894,10904,10912,10902,11007,10947,10909,10896],"tags":[11199,18022],"class_list":["post-207195","post","type-post","status-publish","format-standard","has-post-thumbnail","category-ademus","category-agricultura-la-comarca-ca","category-camp-de-turia-ca","category-los-serranos-ca","category-ventana-ca","category-infraestructuras-ca","category-la-canal-de-navarres-ca","category-la-comarca-ca","category-sin-categorizar-ca","category-la-hoya-ca","category-la-ribera-ca","category-ocio-y-cultura-ca","category-politica","category-requena-utiel-ca","category-seccion-ca","tag-la-comunitat-ca","tag-la-unio-llauradora-ca"],"_links":{"self":[{"href":"https:\/\/tucomarca.whitekongsoftware.com\/ca\/wp-json\/wp\/v2\/posts\/207195","targetHints":{"allow":["GET"]}}],"collection":[{"href":"https:\/\/tucomarca.whitekongsoftware.com\/ca\/wp-json\/wp\/v2\/posts"}],"about":[{"href":"https:\/\/tucomarca.whitekongsoftware.com\/ca\/wp-json\/wp\/v2\/types\/post"}],"author":[{"embeddable":true,"href":"https:\/\/tucomarca.whitekongsoftware.com\/ca\/wp-json\/wp\/v2\/users\/1"}],"replies":[{"embeddable":true,"href":"https:\/\/tucomarca.whitekongsoftware.com\/ca\/wp-json\/wp\/v2\/comments?post=207195"}],"version-history":[{"count":0,"href":"https:\/\/tucomarca.whitekongsoftware.com\/ca\/wp-json\/wp\/v2\/posts\/207195\/revisions"}],"wp:featuredmedia":[{"embeddable":true,"href":"https:\/\/tucomarca.whitekongsoftware.com\/ca\/wp-json\/wp\/v2\/media\/207193"}],"wp:attachment":[{"href":"https:\/\/tucomarca.whitekongsoftware.com\/ca\/wp-json\/wp\/v2\/media?parent=207195"}],"wp:term":[{"taxonomy":"category","embeddable":true,"href":"https:\/\/tucomarca.whitekongsoftware.com\/ca\/wp-json\/wp\/v2\/categories?post=207195"},{"taxonomy":"post_tag","embeddable":true,"href":"https:\/\/tucomarca.whitekongsoftware.com\/ca\/wp-json\/wp\/v2\/tags?post=207195"}],"curies":[{"name":"wp","href":"https:\/\/api.w.org\/{rel}","templated":true}]}}