{"id":207160,"date":"2024-01-12T09:00:00","date_gmt":"2024-01-12T08:00:00","guid":{"rendered":"https:\/\/www.tucomarca.com\/wordpress\/segunda\/?p=207160"},"modified":"2024-01-12T19:14:33","modified_gmt":"2024-01-12T18:14:33","slug":"opinio-lampliacio-del-port-una-realitat-per-robert-raga-alcalde-de-riba-roja-de-turia","status":"publish","type":"post","link":"https:\/\/tucomarca.whitekongsoftware.com\/ca\/opinio-lampliacio-del-port-una-realitat-per-robert-raga-alcalde-de-riba-roja-de-turia\/","title":{"rendered":"Opini\u00f3: \u201cL&#8217;ampliaci\u00f3 del Port, una realitat\u201d, per Robert Raga, alcalde de Riba-roja de T\u00faria&nbsp;"},"content":{"rendered":"\n<figure class=\"wp-block-image size-full is-resized\"><img loading=\"lazy\" decoding=\"async\" src=\"http:\/\/www.tucomarca.com\/wordpress\/segunda\/wp-content\/uploads\/2023\/05\/RobertRaga2.jpg\" alt=\"\" class=\"wp-image-186551\" width=\"299\" height=\"199\" srcset=\"https:\/\/tucomarca.whitekongsoftware.com\/wp-content\/uploads\/2023\/05\/RobertRaga2.jpg 707w, https:\/\/tucomarca.whitekongsoftware.com\/wp-content\/uploads\/2023\/05\/RobertRaga2-300x200.jpg 300w\" sizes=\"auto, (max-width: 299px) 100vw, 299px\" \/><\/figure>\n\n\n\n<p class=\"wp-block-paragraph\">Ha transcorregut poc m\u00e9s d&#8217;un mes des que Pedro S\u00e1nchez va ser investit president del Govern i ja s&#8217;ha fet realitat un projecte molt important per al progr\u00e9s econ\u00f2mic i social de la Comunitat Valenciana: l&#8217;ampliaci\u00f3 nord del port de Val\u00e8ncia, un dels projectes m\u00e9s esperats durant els \u00faltims anys i que convertir\u00e0 al cap i casal en l&#8217;epicentre log\u00edstic del mediterrani. Amb la seua aprovaci\u00f3 en el consell de Ministres, l&#8217;\u00faltim dels tr\u00e0mits realitzats, Pedro S\u00e1nchez demostra, de manera fefaent, que la nostra Comunitat figura, de fet, entre les seues prioritats, que mai l&#8217;ha deixat d&#8217;estar i que, malgrat les cr\u00edtiques d&#8217;un costat i d&#8217;un altre, la ruta que s&#8217;havia marcat el govern socialista d&#8217;Espanya nom\u00e9s t\u00e9 un objectiu: el progr\u00e9s del nostre pa\u00eds. La futura construcci\u00f3 de la terminal de contenidors consolidar\u00e0, encara m\u00e9s, la posici\u00f3 preponderant del port de Val\u00e8ncia com a refer\u00e8ncia en el mediterrani en un moment de fero\u00e7 compet\u00e8ncia amb altres ports europeus. D&#8217;aquesta manera, la Comunitat podr\u00e0 atendre l&#8217;elevada demanda de contenidors que s&#8217;ha experimentat durant els \u00faltims temps i de la normalitat dels quals dep\u00e9n el bon funcionament de les empreses existents en els nombrosos pol\u00edgons dels municipis valencians, especialment aquells situats en l&#8217;\u00e0rea metropolitana i en els seus voltants.&nbsp;<\/p>\n\n\n\n<p class=\"wp-block-paragraph\">No obstant aix\u00f2, per a arribar fins a l&#8217;aprovaci\u00f3 definitiva d&#8217;aquesta ampliaci\u00f3 han sigut necessaris nombrosos estudis, plans i programes per a assegurar que aquest ingent projecte compta amb tots els avals, especialment aquells relacionats amb el medi ambient i el respecte \u201cde facto\u201d sobre l&#8217;entorn mar\u00ed situat en l&#8217;\u00e0rea nord del port de Val\u00e8ncia. La sostenibilitat ambiental ha sigut un dels grans eixos sobre els quals ha gravitat la decisi\u00f3 final perqu\u00e8, amb tots els estudis acabats sobre la taula, es poguera donar llum verda a l&#8217;anhelada ampliaci\u00f3. Nom\u00e9s amb les plenes garanties que no afectar\u00e0 l&#8217;ecosistema mar\u00ed es podia portar avant. De fet, el Govern de S\u00e1nchez s&#8217;ha encarregat que aquesta ampliaci\u00f3 complira tots els par\u00e0metres i, finalment, els informes t\u00e8cnics han perm\u00e9s prendre la decisi\u00f3. Ha hagut de passar una d\u00e8cada per a desbloquejar aquest projecte, pel cam\u00ed han passat governs de divers signe pol\u00edtic i ha sigut ara quan un executiu socialista ha fet el pas necessari perqu\u00e8 l&#8217;any 2029 siga una realitat, palpable i efica\u00e7.&nbsp;<\/p>\n\n\n\n<p class=\"wp-block-paragraph\">Els m\u00e9s de 5.000 llocs de treball i els m\u00e9s de 1.600 milions d&#8217;euros d&#8217;inversions mitjan\u00e7ant una col\u00b7laboraci\u00f3 p\u00fablic-privada s\u00f3n xifres molt importants que tindran un impacte enorme sobre l&#8217;economia de la Comunitat Valenciana durant els pr\u00f2xims anys, en un moment en el qual es podrien planar alguns dubtes acrescuts per la inflaci\u00f3 i la inestabilitat dels preus de l&#8217;energia. Sens dubte, es tracta d&#8217;un projecte que culmina les demandes d&#8217;empresaris i amplis sectors econ\u00f2mics de la nostra societat que marcar\u00e0 un punt d&#8217;inflexi\u00f3. Per aix\u00f2, la influ\u00e8ncia sobre l&#8217;\u00e0rea metropolitana de Val\u00e8ncia ser\u00e0 notable, amb desenes de municipis que alberguen, actualment, milers d&#8217;empreses que fan de la log\u00edstica la seua ra\u00f3 de ser i un dels motors econ\u00f2mics que conformen la nostra societat.&nbsp;<br>A Riba-roja de T\u00faria som pioners en un creixement sostenible i respectu\u00f3s amb el medi natural, amb un empenyiment enorme de les empreses a l&#8217;abric de les bones comunicacions que tenim per terra, mar i aire amb la resta d&#8217;Espanya i Europa, motius pels quals aquest enclavament privilegiat permet a les empreses triar els nostres pol\u00edgons per a establir la seua base d&#8217;operacions. L&#8217;ampliaci\u00f3 del port de Val\u00e8ncia ajudar\u00e0 a potenciar el teixit empresarial i, per tant, assegurar la creaci\u00f3 d&#8217;una ocupaci\u00f3 estable i de qualitat, un dels quals objectius essencials per a un alcalde, de manera que el municipi puga cr\u00e9ixer en igualtat de condicions i oportunitats entre tots els seus ciutadans. Per aix\u00f2, \u00e9s necessari felicitar-nos pel treball ardu que s&#8217;ha dut a terme al llarg de l&#8217;\u00faltima d\u00e8cada per a fer del nostre Port un emblema en el mediterrani.<\/p>\n","protected":false},"excerpt":{"rendered":"<div class=\"mh-excerpt\">Ha transcorregut poc m\u00e9s d&#8217;un mes des que Pedro S\u00e1nchez va ser investit president del Govern i ja s&#8217;ha fet realitat un projecte molt important per al progr\u00e9s econ\u00f2mic i social de la Comunitat Valenciana: <a class=\"mh-excerpt-more\" href=\"https:\/\/tucomarca.whitekongsoftware.com\/ca\/opinio-lampliacio-del-port-una-realitat-per-robert-raga-alcalde-de-riba-roja-de-turia\/\" title=\"Opini\u00f3: \u201cL&#8217;ampliaci\u00f3 del Port, una realitat\u201d, per Robert Raga, alcalde de Riba-roja de T\u00faria&nbsp;\">[+] <\/a><\/div>\n","protected":false},"author":12,"featured_media":186552,"comment_status":"open","ping_status":"open","sticky":false,"template":"","format":"standard","meta":{"footnotes":""},"categories":[10892,10948,10894,11020,11021,10947,10906,10896],"tags":[10899,11958,15024],"class_list":["post-207160","post","type-post","status-publish","format-standard","has-post-thumbnail","category-camp-de-turia-ca","category-infraestructuras-ca","category-la-comarca-ca","category-opinion-ca","category-opinion-ca-2","category-politica","category-riba-roja-ca","category-seccion-ca","tag-camp-de-turia-ca","tag-opinion-3-ca","tag-riba-roja-de-turia-ca"],"_links":{"self":[{"href":"https:\/\/tucomarca.whitekongsoftware.com\/ca\/wp-json\/wp\/v2\/posts\/207160","targetHints":{"allow":["GET"]}}],"collection":[{"href":"https:\/\/tucomarca.whitekongsoftware.com\/ca\/wp-json\/wp\/v2\/posts"}],"about":[{"href":"https:\/\/tucomarca.whitekongsoftware.com\/ca\/wp-json\/wp\/v2\/types\/post"}],"author":[{"embeddable":true,"href":"https:\/\/tucomarca.whitekongsoftware.com\/ca\/wp-json\/wp\/v2\/users\/12"}],"replies":[{"embeddable":true,"href":"https:\/\/tucomarca.whitekongsoftware.com\/ca\/wp-json\/wp\/v2\/comments?post=207160"}],"version-history":[{"count":0,"href":"https:\/\/tucomarca.whitekongsoftware.com\/ca\/wp-json\/wp\/v2\/posts\/207160\/revisions"}],"wp:featuredmedia":[{"embeddable":true,"href":"https:\/\/tucomarca.whitekongsoftware.com\/ca\/wp-json\/wp\/v2\/media\/186552"}],"wp:attachment":[{"href":"https:\/\/tucomarca.whitekongsoftware.com\/ca\/wp-json\/wp\/v2\/media?parent=207160"}],"wp:term":[{"taxonomy":"category","embeddable":true,"href":"https:\/\/tucomarca.whitekongsoftware.com\/ca\/wp-json\/wp\/v2\/categories?post=207160"},{"taxonomy":"post_tag","embeddable":true,"href":"https:\/\/tucomarca.whitekongsoftware.com\/ca\/wp-json\/wp\/v2\/tags?post=207160"}],"curies":[{"name":"wp","href":"https:\/\/api.w.org\/{rel}","templated":true}]}}