{"id":207127,"date":"2024-01-11T09:09:00","date_gmt":"2024-01-11T08:09:00","guid":{"rendered":"https:\/\/www.tucomarca.com\/wordpress\/segunda\/?p=207127"},"modified":"2024-01-11T21:55:08","modified_gmt":"2024-01-11T20:55:08","slug":"el-pspv-de-la-foia-qualifica-de-injust-el-pla-obert-dinversions-de-la-diputacio","status":"publish","type":"post","link":"https:\/\/tucomarca.whitekongsoftware.com\/ca\/el-pspv-de-la-foia-qualifica-de-injust-el-pla-obert-dinversions-de-la-diputacio\/","title":{"rendered":"El PSPV-PSOE de la Foia qualifica de \u201cinjust\u201d el Pla Obert d&#8217;Inversions de la Diputaci\u00f3"},"content":{"rendered":"\n<h4 class=\"wp-block-heading\">Els socialistes reclamen que la Diputaci\u00f3 \u201ct\u00e9 obligaci\u00f3 de vetlar pels interessos de tots els municipis\u201d.<\/h4>\n\n\n\n<p class=\"wp-block-paragraph\">Despr\u00e9s de con\u00e9ixer l&#8217;assignaci\u00f3 provinent del nou Pla Obert d\u2019Inversions de la Diputaci\u00f3 de Val\u00e8ncia als municipis de la Foia de Bunyol Xiva el PSPV-PSOE de la comarca ha qualificat que \u201ces tracta d&#8217;un repartiment injust i desproporcionat que s&#8217;acarnissa amb retallades en els municipis m\u00e9s xicotets de la comarca\u201d, segons els socialistes.<\/p>\n\n\n\n<p class=\"wp-block-paragraph\">&#8220;En el per\u00edode 2020-2023, la Diputaci\u00f3 governada per l&#8217;esquerra comptava amb els fons del Pla d&#8217;Inversions m\u00e9s el pla Reacciona, que ara amb el nou govern provincial se suprimeix i ha quedat incl\u00f2s dins del Pla Obert d\u2019Inversions&#8221;.&nbsp;<\/p>\n\n\n\n<p class=\"wp-block-paragraph\">Segons els socialistes, a la comarca de la Foia &#8220;municipis com Alboraig, Dosaig\u00fces i I\u00e0tova veuen minvats els seus recursos en fins a un 17% en els pr\u00f2xims anys&#8221;. Els socialistes reclamen &#8220;que la Diputaci\u00f3 de Val\u00e8ncia t\u00e9 obligaci\u00f3 de vetlar pels interessos dels municipis m\u00e9s xicotets perqu\u00e8 s\u00f3n els que m\u00e9s ho necessiten&#8221;.&nbsp;<\/p>\n\n\n\n<p class=\"wp-block-paragraph\">D&#8217;altra banda, es lamenten &#8220;que ja no siga un criteri que els ajuntaments disposen de plans antifrau que garanteixen una correcta fiscalitzaci\u00f3 i control dels fons i tampoc es tinguen en compte els plans urbans d&#8217;actuaci\u00f3 municipal que plasmen les accions i el comprom\u00eds de totes les administracions p\u00fabliques per a intentar protegir el nostre planeta i mitigar la deterioraci\u00f3 del nostre territori protegint el medi ambient&#8221;.<\/p>\n\n\n\n<p class=\"wp-block-paragraph\">Finalment, els socialistes han mostrat &#8220;preocupaci\u00f3 pel futur del Fons de Cooperaci\u00f3 Municipal, de tal forma que els grups municipals han registrat mocions en diversos ajuntaments de la comarca, \u00e9s fonamental que conjuminem esfor\u00e7os perqu\u00e8 els nostres pobles tinguen els recursos que mereixen i no patisquen m\u00e9s retallades\u201d, han finalitzat des del PSPV-PSOE.<\/p>\n","protected":false},"excerpt":{"rendered":"<div class=\"mh-excerpt\">Els socialistes reclamen que la Diputaci\u00f3 \u201ct\u00e9 obligaci\u00f3 de vetlar pels interessos de tots els municipis\u201d. Despr\u00e9s de con\u00e9ixer l&#8217;assignaci\u00f3 provinent del nou Pla Obert d\u2019Inversions de la Diputaci\u00f3 de Val\u00e8ncia als municipis de la <a class=\"mh-excerpt-more\" href=\"https:\/\/tucomarca.whitekongsoftware.com\/ca\/el-pspv-de-la-foia-qualifica-de-injust-el-pla-obert-dinversions-de-la-diputacio\/\" title=\"El PSPV-PSOE de la Foia qualifica de \u201cinjust\u201d el Pla Obert d&#8217;Inversions de la Diputaci\u00f3\">[+] <\/a><\/div>\n","protected":false},"author":12,"featured_media":207125,"comment_status":"open","ping_status":"open","sticky":false,"template":"","format":"standard","meta":{"footnotes":""},"categories":[10973,10911,10976,10977,10980,10948,10894,10912,10978,10947,10896,10979,10974,10975],"tags":[10914,12266],"class_list":["post-207127","post","type-post","status-publish","format-standard","has-post-thumbnail","category-alborache-ca","category-bunol-ca","category-dos-aguas-ca","category-godelleta-ca","category-yatova-ca","category-infraestructuras-ca","category-la-comarca-ca","category-la-hoya-ca","category-macastre-ca","category-politica","category-seccion-ca","category-siete-aguas-ca","category-cheste-ca","category-chiva-ca","tag-la-hoya-de-bunol-chiva-ca","tag-pspv-psoe-comarca-hoya-de-bunol-chiva-ca"],"_links":{"self":[{"href":"https:\/\/tucomarca.whitekongsoftware.com\/ca\/wp-json\/wp\/v2\/posts\/207127","targetHints":{"allow":["GET"]}}],"collection":[{"href":"https:\/\/tucomarca.whitekongsoftware.com\/ca\/wp-json\/wp\/v2\/posts"}],"about":[{"href":"https:\/\/tucomarca.whitekongsoftware.com\/ca\/wp-json\/wp\/v2\/types\/post"}],"author":[{"embeddable":true,"href":"https:\/\/tucomarca.whitekongsoftware.com\/ca\/wp-json\/wp\/v2\/users\/12"}],"replies":[{"embeddable":true,"href":"https:\/\/tucomarca.whitekongsoftware.com\/ca\/wp-json\/wp\/v2\/comments?post=207127"}],"version-history":[{"count":0,"href":"https:\/\/tucomarca.whitekongsoftware.com\/ca\/wp-json\/wp\/v2\/posts\/207127\/revisions"}],"wp:featuredmedia":[{"embeddable":true,"href":"https:\/\/tucomarca.whitekongsoftware.com\/ca\/wp-json\/wp\/v2\/media\/207125"}],"wp:attachment":[{"href":"https:\/\/tucomarca.whitekongsoftware.com\/ca\/wp-json\/wp\/v2\/media?parent=207127"}],"wp:term":[{"taxonomy":"category","embeddable":true,"href":"https:\/\/tucomarca.whitekongsoftware.com\/ca\/wp-json\/wp\/v2\/categories?post=207127"},{"taxonomy":"post_tag","embeddable":true,"href":"https:\/\/tucomarca.whitekongsoftware.com\/ca\/wp-json\/wp\/v2\/tags?post=207127"}],"curies":[{"name":"wp","href":"https:\/\/api.w.org\/{rel}","templated":true}]}}