{"id":207106,"date":"2024-01-11T17:00:00","date_gmt":"2024-01-11T16:00:00","guid":{"rendered":"https:\/\/www.tucomarca.com\/wordpress\/segunda\/?p=207106"},"modified":"2024-01-11T21:20:20","modified_gmt":"2024-01-11T20:20:20","slug":"xiva-acollira-la-jornada-de-portes-obertes-sobre-emergencies-i-seguretat-publica-2024-que-organitza-la-conselleria-de-justicia-i-interior","status":"publish","type":"post","link":"https:\/\/tucomarca.whitekongsoftware.com\/ca\/xiva-acollira-la-jornada-de-portes-obertes-sobre-emergencies-i-seguretat-publica-2024-que-organitza-la-conselleria-de-justicia-i-interior\/","title":{"rendered":"Xiva acollir\u00e0 la Jornada de portes obertes sobre Emerg\u00e8ncies i Seguretat P\u00fablica 2024 que organitza la Conselleria de Just\u00edcia i Interior"},"content":{"rendered":"\n<h3 class=\"wp-block-heading\">La consellera de Justicia e Interior, Elisa N\u00fa\u00f1ez, anima els ve\u00efns de la comarca a assistir \u201cper a con\u00e9ixer de primera m\u00e0 el treball dels professionals que vetlen per la nostra seguretat\u201d.<\/h3>\n\n\n\n<h3 class=\"wp-block-heading\">Este esdeveniment, que t\u00e9 car\u00e0cter itinerant a la Comunitat Valenciana, se celebrar\u00e0 el 24 de febrer per a commemorar el Dia Europeu del Tel\u00e8fon 1\u00b71\u00b72.<\/h3>\n\n\n\n<p class=\"wp-block-paragraph\">La consellera de Just\u00edcia i Interior, Elisa N\u00fa\u00f1ez, ha anunciat que la 22 edici\u00f3 de la Jornada de Portes Obertes sobre Emerg\u00e8ncies i Seguretat P\u00fablica tindr\u00e0 lloc a Chiva el pr\u00f2xim 24 de febrer en commemoraci\u00f3 del Dia Europeu del Tel\u00e8fon \u00danic d&#8217;Emerg\u00e8ncia 1\u00b71\u00b72.<\/p>\n\n\n\n<p class=\"wp-block-paragraph\">Esta efem\u00e8ride se celebra des de 1992, quan els pa\u00efsos de la Uni\u00f3 Europea van aprovar establir un \u00fanic tel\u00e8fon per a atendre emerg\u00e8ncies i cat\u00e0strofes de tota classe.<\/p>\n\n\n\n<figure class=\"wp-block-image size-full\"><img loading=\"lazy\" decoding=\"async\" width=\"1006\" height=\"773\" src=\"http:\/\/www.tucomarca.com\/wordpress\/segunda\/wp-content\/uploads\/2024\/01\/CHIVAJUSTICIA3.jpg\" alt=\"\" class=\"wp-image-207085\" srcset=\"https:\/\/tucomarca.whitekongsoftware.com\/wp-content\/uploads\/2024\/01\/CHIVAJUSTICIA3.jpg 1006w, https:\/\/tucomarca.whitekongsoftware.com\/wp-content\/uploads\/2024\/01\/CHIVAJUSTICIA3-300x231.jpg 300w, https:\/\/tucomarca.whitekongsoftware.com\/wp-content\/uploads\/2024\/01\/CHIVAJUSTICIA3-768x590.jpg 768w, https:\/\/tucomarca.whitekongsoftware.com\/wp-content\/uploads\/2024\/01\/CHIVAJUSTICIA3-80x60.jpg 80w\" sizes=\"auto, (max-width: 1006px) 100vw, 1006px\" \/><\/figure>\n\n\n\n<p class=\"wp-block-paragraph\">Elisa N\u00fa\u00f1ez, acompanyada pel secretari auton\u00f2mic de Seguretat i Emerg\u00e8ncies, Javier Montero, s&#8217;ha reunit a l&#8217;Ajuntament de Chiva amb la seua alcaldessa, Amparo Fort, per a establir les l\u00ednies b\u00e0siques d&#8217;este important esdeveniment l&#8217;objectiu del qual \u00e9s acostar a la poblaci\u00f3 el treball dels organismes i entitats de voluntariat amb dedicaci\u00f3 en l&#8217;\u00e0rea de les emerg\u00e8ncies i seguretat p\u00fablica amb el fil conductor de la seua integraci\u00f3 en el 1\u00b71\u00b72. Posteriorment, s&#8217;han despla\u00e7at fins als terrenys on se situar\u00e0 este esdeveniment.<\/p>\n\n\n\n<figure class=\"wp-block-image size-full\"><img loading=\"lazy\" decoding=\"async\" width=\"945\" height=\"630\" src=\"http:\/\/www.tucomarca.com\/wordpress\/segunda\/wp-content\/uploads\/2024\/01\/ChivaJusticia2.jpg\" alt=\"\" class=\"wp-image-207080\" srcset=\"https:\/\/tucomarca.whitekongsoftware.com\/wp-content\/uploads\/2024\/01\/ChivaJusticia2.jpg 945w, https:\/\/tucomarca.whitekongsoftware.com\/wp-content\/uploads\/2024\/01\/ChivaJusticia2-300x200.jpg 300w, https:\/\/tucomarca.whitekongsoftware.com\/wp-content\/uploads\/2024\/01\/ChivaJusticia2-768x512.jpg 768w\" sizes=\"auto, (max-width: 945px) 100vw, 945px\" \/><\/figure>\n\n\n\n<p class=\"wp-block-paragraph\">La titular de Just\u00edcia i Interior ha agra\u00eft a l&#8217;equip de govern d&#8217;este municipi la seua \u201cpredisposici\u00f3 per a acostar el treball de tots els professionals de la seguretat i les emerg\u00e8ncies\u201d.<\/p>\n\n\n\n<p class=\"wp-block-paragraph\">A m\u00e9s, N\u00fa\u00f1ez tamb\u00e9 ha animat \u201cels ve\u00efns de la Comunitat Valenciana a assistir a esta jornada, ja que \u00e9s una oportunitat \u00fanica per a con\u00e9ixer de primera m\u00e0 com hem d&#8217;actuar davant de diferents situacions d&#8217;emerg\u00e8ncia, ja siga un terratr\u00e9mol, un incendi, una inundaci\u00f3 o com hem de fer un \u00fas correcte del tel\u00e8fon 1\u00b71\u00b72&#8243;.<\/p>\n\n\n\n<p class=\"wp-block-paragraph\">Este esdeveniment, que se celebra cada any en una poblaci\u00f3 diferent de la Comunitat Valenciana, reunix prop de 300 professionals i es distribu\u00efx en una vintena d&#8217;estands de les diferents entitats i organismes. Durant el seu recorregut, els visitants, especialment els m\u00e9s xicotets, poden con\u00e9ixer de prop oficis com el de bomber, bomber forestal, policia local, gu\u00e0rdia civil, policia de la Generalitat, t\u00e8cnic de protecci\u00f3 civil, pilot, agent mediambiental, sanitari o altres professionals dels cossos de seguretat i emerg\u00e8ncies.<\/p>\n\n\n\n<p class=\"wp-block-paragraph\">En la jornada es compaginar\u00e0 una part expositiva amb una s\u00e8rie de tallers, activitats i exhibicions, com per exemple la demostraci\u00f3 de gossos de cerca, rescat i detecci\u00f3 de drogues i explosius en maletes; l&#8217;exhibici\u00f3 d&#8217;una excarceraci\u00f3 d&#8217;un accident de tr\u00e0nsit; tallers d&#8217;experiments i mostra d&#8217;instruments meteorol\u00f2gics, aix\u00ed com una galeria d&#8217;entrenament en espais tancats.<\/p>\n\n\n\n<p class=\"wp-block-paragraph\">Tamb\u00e9 est\u00e0 previst que se celebre una mostra de la Unitat de Cavalleria de la Policia; un taller d&#8217;extinci\u00f3 d&#8217;incendi amb m\u00e0negues; la simulaci\u00f3 d&#8217;albergs provisionals i desplegaments d&#8217;hospital de campanya i tallers de reanimaci\u00f3 cardiopulmonar b\u00e0sica, entre altres demostracions.\u00a0<\/p>\n\n\n\n<p class=\"wp-block-paragraph\">La jornada ve organitzant-se de manera ininterrompuda per part del Centre de Coordinaci\u00f3 d&#8217;Emerg\u00e8ncies de la Generalitat des de fa m\u00e9s de 20 anys amb l&#8217;\u00fanica excepci\u00f3 de l&#8217;any de la pand\u00e8mia de Covid en el qual es va realitzar una fira virtual a trav\u00e9s de les xarxes socials. En els \u00faltims anys van acollir l&#8217;esdeveniment les localitats de Gandia, Sagunt, Vila-real, Alcoi, Cullera i Borriana.<\/p>\n","protected":false},"excerpt":{"rendered":"<div class=\"mh-excerpt\">La consellera de Justicia e Interior, Elisa N\u00fa\u00f1ez, anima els ve\u00efns de la comarca a assistir \u201cper a con\u00e9ixer de primera m\u00e0 el treball dels professionals que vetlen per la nostra seguretat\u201d. Este esdeveniment, que <a class=\"mh-excerpt-more\" href=\"https:\/\/tucomarca.whitekongsoftware.com\/ca\/xiva-acollira-la-jornada-de-portes-obertes-sobre-emergencies-i-seguretat-publica-2024-que-organitza-la-conselleria-de-justicia-i-interior\/\" title=\"Xiva acollir\u00e0 la Jornada de portes obertes sobre Emerg\u00e8ncies i Seguretat P\u00fablica 2024 que organitza la Conselleria de Just\u00edcia i Interior\">[+] <\/a><\/div>\n","protected":false},"author":1,"featured_media":207079,"comment_status":"open","ping_status":"open","sticky":false,"template":"","format":"gallery","meta":{"footnotes":""},"categories":[10898,10948,10894,10904,10912,10947,10896,10975],"tags":[11195,20053,10914],"class_list":["post-207106","post","type-post","status-publish","format-gallery","has-post-thumbnail","category-ventana-ca","category-infraestructuras-ca","category-la-comarca-ca","category-sin-categorizar-ca","category-la-hoya-ca","category-politica","category-seccion-ca","category-chiva-ca","tag-chiva-ca","tag-justicia-ca","tag-la-hoya-de-bunol-chiva-ca","post_format-post-format-gallery"],"_links":{"self":[{"href":"https:\/\/tucomarca.whitekongsoftware.com\/ca\/wp-json\/wp\/v2\/posts\/207106","targetHints":{"allow":["GET"]}}],"collection":[{"href":"https:\/\/tucomarca.whitekongsoftware.com\/ca\/wp-json\/wp\/v2\/posts"}],"about":[{"href":"https:\/\/tucomarca.whitekongsoftware.com\/ca\/wp-json\/wp\/v2\/types\/post"}],"author":[{"embeddable":true,"href":"https:\/\/tucomarca.whitekongsoftware.com\/ca\/wp-json\/wp\/v2\/users\/1"}],"replies":[{"embeddable":true,"href":"https:\/\/tucomarca.whitekongsoftware.com\/ca\/wp-json\/wp\/v2\/comments?post=207106"}],"version-history":[{"count":0,"href":"https:\/\/tucomarca.whitekongsoftware.com\/ca\/wp-json\/wp\/v2\/posts\/207106\/revisions"}],"wp:featuredmedia":[{"embeddable":true,"href":"https:\/\/tucomarca.whitekongsoftware.com\/ca\/wp-json\/wp\/v2\/media\/207079"}],"wp:attachment":[{"href":"https:\/\/tucomarca.whitekongsoftware.com\/ca\/wp-json\/wp\/v2\/media?parent=207106"}],"wp:term":[{"taxonomy":"category","embeddable":true,"href":"https:\/\/tucomarca.whitekongsoftware.com\/ca\/wp-json\/wp\/v2\/categories?post=207106"},{"taxonomy":"post_tag","embeddable":true,"href":"https:\/\/tucomarca.whitekongsoftware.com\/ca\/wp-json\/wp\/v2\/tags?post=207106"}],"curies":[{"name":"wp","href":"https:\/\/api.w.org\/{rel}","templated":true}]}}