{"id":207033,"date":"2024-01-11T11:00:00","date_gmt":"2024-01-11T10:00:00","guid":{"rendered":"https:\/\/www.tucomarca.com\/wordpress\/segunda\/?p=207033"},"modified":"2024-01-11T11:13:00","modified_gmt":"2024-01-11T10:13:00","slug":"turis-celebra-aquest-cap-de-setmana-la-festivitat-de-sant-antoni-abat","status":"publish","type":"post","link":"https:\/\/tucomarca.whitekongsoftware.com\/ca\/turis-celebra-aquest-cap-de-setmana-la-festivitat-de-sant-antoni-abat\/","title":{"rendered":"Tur\u00eds celebra aquest cap de setmana la festivitat de sant Antoni Abat"},"content":{"rendered":"\n<p class=\"wp-block-paragraph\">Ja arriba una de les festes m\u00e9s tradicionals i populars de Tur\u00eds, la dedicada a Sant Antoni Abat.<\/p>\n\n\n\n<p class=\"wp-block-paragraph\">Uns dies on una gran part del poble, de totes les edats, participa de la varietat d\u2019actes programats donant la millor cara festiva i manifestant l&#8217;estima per les seues mascotes.<\/p>\n\n\n\n<figure class=\"wp-block-image size-large\"><img loading=\"lazy\" decoding=\"async\" width=\"724\" height=\"1024\" src=\"http:\/\/www.tucomarca.com\/wordpress\/segunda\/wp-content\/uploads\/2024\/01\/TurisSanAnton-724x1024.jpg\" alt=\"\" class=\"wp-image-207030\" srcset=\"https:\/\/tucomarca.whitekongsoftware.com\/wp-content\/uploads\/2024\/01\/TurisSanAnton-724x1024.jpg 724w, https:\/\/tucomarca.whitekongsoftware.com\/wp-content\/uploads\/2024\/01\/TurisSanAnton-212x300.jpg 212w, https:\/\/tucomarca.whitekongsoftware.com\/wp-content\/uploads\/2024\/01\/TurisSanAnton-768x1086.jpg 768w, https:\/\/tucomarca.whitekongsoftware.com\/wp-content\/uploads\/2024\/01\/TurisSanAnton.jpg 886w\" sizes=\"auto, (max-width: 724px) 100vw, 724px\" \/><\/figure>\n\n\n\n<p class=\"wp-block-paragraph\"><strong>DIVENDRES, 12 DE GENER<\/strong><\/p>\n\n\n\n<p class=\"wp-block-paragraph\">18.30 h Trasllat de la imatge a c\u00e0rrec dels xiquets i xiquetes que prenen la Primera Comuni\u00f3 des de la parr\u00f2quia fins a la zona dels pins, al costat del Centre de Salut<\/p>\n\n\n\n<p class=\"wp-block-paragraph\">19.00 h Entrada de pins fins a la Pl. de la Constituci\u00f3 presidida per Sant Antoni.<\/p>\n\n\n\n<p class=\"wp-block-paragraph\"><strong>DISSABTE, 13 DE GENER<\/strong><\/p>\n\n\n\n<p class=\"wp-block-paragraph\">20.00 h Crem\u00e0 de la foguera a c\u00e0rrec de la Regina de les Festes, Minerva Palmero L\u00f3pez, i la seua cort d\u2019honor.<\/p>\n\n\n\n<p class=\"wp-block-paragraph\"><strong>DIUMENGE, 14 DE GENER<\/strong><\/p>\n\n\n\n<p class=\"wp-block-paragraph\">11.00 h Missa en honor a Sant Antoni Abat i benedicci\u00f3 de rotllos.<\/p>\n\n\n\n<p class=\"wp-block-paragraph\">12.00 h Romeria de Sant Antoni, benedicci\u00f3 d\u2019animals i repartiment de rotllos a c\u00e0rrec de les arreplegadores de Sant Antoni. L\u2019ordre ser\u00e0: imatge de Sant Antoni, rector i corporaci\u00f3 municipal, animalets de companyia i finalment carros i cavalleries.<\/p>\n\n\n\n<p class=\"wp-block-paragraph\">14.00 h A la Pla\u00e7a Vicent Ribes paella gegant amb la col\u00b7laboraci\u00f3 de la Caixa Rural. Tiquets a l\u2019ajuntament.<\/p>\n","protected":false},"excerpt":{"rendered":"<div class=\"mh-excerpt\">Ja arriba una de les festes m\u00e9s tradicionals i populars de Tur\u00eds, la dedicada a Sant Antoni Abat. Uns dies on una gran part del poble, de totes les edats, participa de la varietat d\u2019actes <a class=\"mh-excerpt-more\" href=\"https:\/\/tucomarca.whitekongsoftware.com\/ca\/turis-celebra-aquest-cap-de-setmana-la-festivitat-de-sant-antoni-abat\/\" title=\"Tur\u00eds celebra aquest cap de setmana la festivitat de sant Antoni Abat\">[+] <\/a><\/div>\n","protected":false},"author":12,"featured_media":207029,"comment_status":"open","ping_status":"open","sticky":false,"template":"","format":"standard","meta":{"footnotes":""},"categories":[11019,10894,10902,11007,10896,11047],"tags":[11356,16200,11093],"class_list":["post-207033","post","type-post","status-publish","format-standard","has-post-thumbnail","category-agenda-ca","category-la-comarca-ca","category-la-ribera-ca","category-ocio-y-cultura-ca","category-seccion-ca","category-turis-ca","tag-ribera-alta-ca","tag-san-anton-ca","tag-turis-ca"],"_links":{"self":[{"href":"https:\/\/tucomarca.whitekongsoftware.com\/ca\/wp-json\/wp\/v2\/posts\/207033","targetHints":{"allow":["GET"]}}],"collection":[{"href":"https:\/\/tucomarca.whitekongsoftware.com\/ca\/wp-json\/wp\/v2\/posts"}],"about":[{"href":"https:\/\/tucomarca.whitekongsoftware.com\/ca\/wp-json\/wp\/v2\/types\/post"}],"author":[{"embeddable":true,"href":"https:\/\/tucomarca.whitekongsoftware.com\/ca\/wp-json\/wp\/v2\/users\/12"}],"replies":[{"embeddable":true,"href":"https:\/\/tucomarca.whitekongsoftware.com\/ca\/wp-json\/wp\/v2\/comments?post=207033"}],"version-history":[{"count":0,"href":"https:\/\/tucomarca.whitekongsoftware.com\/ca\/wp-json\/wp\/v2\/posts\/207033\/revisions"}],"wp:featuredmedia":[{"embeddable":true,"href":"https:\/\/tucomarca.whitekongsoftware.com\/ca\/wp-json\/wp\/v2\/media\/207029"}],"wp:attachment":[{"href":"https:\/\/tucomarca.whitekongsoftware.com\/ca\/wp-json\/wp\/v2\/media?parent=207033"}],"wp:term":[{"taxonomy":"category","embeddable":true,"href":"https:\/\/tucomarca.whitekongsoftware.com\/ca\/wp-json\/wp\/v2\/categories?post=207033"},{"taxonomy":"post_tag","embeddable":true,"href":"https:\/\/tucomarca.whitekongsoftware.com\/ca\/wp-json\/wp\/v2\/tags?post=207033"}],"curies":[{"name":"wp","href":"https:\/\/api.w.org\/{rel}","templated":true}]}}