{"id":206926,"date":"2024-01-11T07:07:00","date_gmt":"2024-01-11T06:07:00","guid":{"rendered":"https:\/\/www.tucomarca.com\/wordpress\/segunda\/?p=206926"},"modified":"2024-01-10T22:21:29","modified_gmt":"2024-01-10T21:21:29","slug":"arranca-el-taller-docupacio-utiel-millora-iv-que-formara-a-30-alumnes-treballadors-en-jardineria-obra-de-paleta-i-soldadura","status":"publish","type":"post","link":"https:\/\/tucomarca.whitekongsoftware.com\/ca\/arranca-el-taller-docupacio-utiel-millora-iv-que-formara-a-30-alumnes-treballadors-en-jardineria-obra-de-paleta-i-soldadura\/","title":{"rendered":"Arranca el Taller d&#8217;Ocupaci\u00f3 \u201cUtiel Millora IV\u201d que formar\u00e0 a 30 alumnes-treballadors en jardineria, obra de paleta i soldadura"},"content":{"rendered":"\n<p class=\"wp-block-paragraph\">L&#8217;Ajuntament d&#8217;Utiel ha rebut quasi 800.000 \u20ac de subvenci\u00f3 de LABORA per a la posada en marxa d&#8217;aquest programa mixt de formaci\u00f3 i ocupaci\u00f3 amb una duraci\u00f3 d&#8217;1 any.<\/p>\n\n\n\n<figure class=\"wp-block-image size-full\"><img loading=\"lazy\" decoding=\"async\" width=\"886\" height=\"571\" src=\"http:\/\/www.tucomarca.com\/wordpress\/segunda\/wp-content\/uploads\/2024\/01\/UtielTallerEmpleo1.jpg\" alt=\"\" class=\"wp-image-206922\" srcset=\"https:\/\/tucomarca.whitekongsoftware.com\/wp-content\/uploads\/2024\/01\/UtielTallerEmpleo1.jpg 886w, https:\/\/tucomarca.whitekongsoftware.com\/wp-content\/uploads\/2024\/01\/UtielTallerEmpleo1-300x193.jpg 300w, https:\/\/tucomarca.whitekongsoftware.com\/wp-content\/uploads\/2024\/01\/UtielTallerEmpleo1-768x495.jpg 768w\" sizes=\"auto, (max-width: 886px) 100vw, 886px\" \/><\/figure>\n\n\n\n<p class=\"wp-block-paragraph\">L&#8217;alcalde d&#8217;Utiel, Ricardo Gabald\u00f3n i el regidor de Desenvolupament Econ\u00f2mic, Aitor Iniesta s&#8217;han traslladat a les instal\u00b7lacions per a avaluar les l\u00ednies de treball a desenvolupar a Utiel i pedanies a trav\u00e9s de les diferents especialitats.&nbsp;<\/p>\n\n\n\n<p class=\"wp-block-paragraph\">Amb l&#8217;inici de l&#8217;any, un total de 30 participants comen\u00e7aven el seu per\u00edode de formaci\u00f3 i ocupaci\u00f3 durant un any com a alumnat- treballador en el Taller d&#8217;Ocupaci\u00f3 \u201cUtiel Millora IV\u201d.<\/p>\n\n\n\n<p class=\"wp-block-paragraph\">L&#8217;Ajuntament d&#8217;Utiel ha rebut un total 798.721,20 euros euros de Generalitat Valenciana \u2013 LABORA per a la realitzaci\u00f3 d&#8217;aquest taller d&#8217;ocupaci\u00f3 en les especialitats de jardineria, obra de paleta i soldadura.&nbsp;<\/p>\n\n\n\n<p class=\"wp-block-paragraph\">El programa mixt de formaci\u00f3 i ocupaci\u00f3 arrancava el passat 2 de gener amb una duraci\u00f3 d&#8217;un any que beneficia a 30 persones desocupades i que ha suposat la contractaci\u00f3 d&#8217;un total de personal directiu, administratiu i professorat.<\/p>\n\n\n\n<p class=\"wp-block-paragraph\">L&#8217;alcalde d&#8217;Utiel, Ricardo Gabald\u00f3n i el regidor de Desenvolupament Econ\u00f2mic, Aitor Iniesta es traslladaven a les instal\u00b7lacions del centre formatiu municipal per a con\u00e9ixer a professorat i alumnat i analitzar les diferents actuacions a dur a terme a trav\u00e9s de les especialitats de jardineria, soldadura i obra de paleta amb les quals millorar l&#8217;estat de vies, equipament i instal\u00b7lacions municipals.<\/p>\n\n\n\n<p class=\"wp-block-paragraph\"><strong>Taller d&#8217;Ocupaci\u00f3 \u201cUtiel Millora IV\u201d&nbsp;<br><\/strong>El taller d&#8217;ocupaci\u00f3 \u201cUtiel Millora\u201d compta amb la participaci\u00f3 de 30 alumnes\/as-treballadors\/as distribu\u00efts entre les especialitats de jardineria, soldadura i obra de paleta (10 persones per secci\u00f3).&nbsp;<\/p>\n\n\n\n<p class=\"wp-block-paragraph\">La Direcci\u00f3 General de LABORA \u2013 Servei Valenci\u00e0 d&#8217;Ocupaci\u00f3 i Formaci\u00f3 concedia en aquesta convocat\u00f2ria una subvenci\u00f3 de 798.721,20 euros per al desenvolupament del programa formatiu i d&#8217;ocupaci\u00f3 amb m\u00f2duls teoricopr\u00e0ctics que finalitzar\u00e0 el 29 de desembre de 2024.<\/p>\n\n\n\n<p class=\"wp-block-paragraph\">En el cas de l&#8217;especialitat de jardineria, l&#8217;alumnat desenvolupar\u00e0 diverses l\u00ednies d&#8217;actuaci\u00f3, com la creaci\u00f3 d&#8217;un planter de planta ornamental i silvestre aut\u00f2ctona en el t\u00fanel hivernacle del centre, aix\u00ed com el desenvolupament de tasques de conservaci\u00f3, poda, neteja&nbsp;esbrossat i aplicaci\u00f3 de productes fitosanitaris en arbratge i jardins en diferents zones d&#8217;Utiel i pedanies.&nbsp;<\/p>\n\n\n\n<p class=\"wp-block-paragraph\">En l&#8217;especialitat d&#8217;obra de paleta, l&#8217;alumnat se centrar\u00e0 en la rehabilitaci\u00f3 de solera, reteulada i construcci\u00f3 d&#8217;una sala-menjador en el propi centre formatiu del Taller d&#8217;Ocupaci\u00f3. A m\u00e9s, es faran treballs de manteniment i reparaci\u00f3 de paviment en vies i instal\u00b7lacions municipals, aix\u00ed com l&#8217;adequaci\u00f3 de mobiliari urb\u00e0 en parcs i jardins d&#8217;Utiel i pedanies.&nbsp;<\/p>\n\n\n\n<p class=\"wp-block-paragraph\">Per part seua, l&#8217;alumnat de soldadura far\u00e0 treballs de millora de proteccions en espais viaris o dotacionals en diferents zones del municipi.<\/p>\n\n\n\n<p class=\"wp-block-paragraph\">Aquest programa mixt de formaci\u00f3 i ocupaci\u00f3 inclou teoria i pr\u00e0ctica en les diferents especialitats amb les quals l&#8217;alumnat obtindr\u00e0 els corresponents certificats de professionalitat i per tant augmentar\u00e0 les seues possibilitats d&#8217;inserci\u00f3 i acc\u00e9s al m\u00f3n laboral.<\/p>\n","protected":false},"excerpt":{"rendered":"<div class=\"mh-excerpt\">L&#8217;Ajuntament d&#8217;Utiel ha rebut quasi 800.000 \u20ac de subvenci\u00f3 de LABORA per a la posada en marxa d&#8217;aquest programa mixt de formaci\u00f3 i ocupaci\u00f3 amb una duraci\u00f3 d&#8217;1 any. L&#8217;alcalde d&#8217;Utiel, Ricardo Gabald\u00f3n i el <a class=\"mh-excerpt-more\" href=\"https:\/\/tucomarca.whitekongsoftware.com\/ca\/arranca-el-taller-docupacio-utiel-millora-iv-que-formara-a-30-alumnes-treballadors-en-jardineria-obra-de-paleta-i-soldadura\/\" title=\"Arranca el Taller d&#8217;Ocupaci\u00f3 \u201cUtiel Millora IV\u201d que formar\u00e0 a 30 alumnes-treballadors en jardineria, obra de paleta i soldadura\">[+] <\/a><\/div>\n","protected":false},"author":12,"featured_media":206921,"comment_status":"open","ping_status":"open","sticky":false,"template":"","format":"image","meta":{"footnotes":""},"categories":[10948,10894,10947,10909,10896,11059],"tags":[10910,11174,20081],"class_list":["post-206926","post","type-post","status-publish","format-image","has-post-thumbnail","category-infraestructuras-ca","category-la-comarca-ca","category-politica","category-requena-utiel-ca","category-seccion-ca","category-utiel-ca","tag-requena-utiel-ca","tag-utiel-ca","tag-utiel-mejora-iv-ca","post_format-post-format-image"],"_links":{"self":[{"href":"https:\/\/tucomarca.whitekongsoftware.com\/ca\/wp-json\/wp\/v2\/posts\/206926","targetHints":{"allow":["GET"]}}],"collection":[{"href":"https:\/\/tucomarca.whitekongsoftware.com\/ca\/wp-json\/wp\/v2\/posts"}],"about":[{"href":"https:\/\/tucomarca.whitekongsoftware.com\/ca\/wp-json\/wp\/v2\/types\/post"}],"author":[{"embeddable":true,"href":"https:\/\/tucomarca.whitekongsoftware.com\/ca\/wp-json\/wp\/v2\/users\/12"}],"replies":[{"embeddable":true,"href":"https:\/\/tucomarca.whitekongsoftware.com\/ca\/wp-json\/wp\/v2\/comments?post=206926"}],"version-history":[{"count":0,"href":"https:\/\/tucomarca.whitekongsoftware.com\/ca\/wp-json\/wp\/v2\/posts\/206926\/revisions"}],"wp:featuredmedia":[{"embeddable":true,"href":"https:\/\/tucomarca.whitekongsoftware.com\/ca\/wp-json\/wp\/v2\/media\/206921"}],"wp:attachment":[{"href":"https:\/\/tucomarca.whitekongsoftware.com\/ca\/wp-json\/wp\/v2\/media?parent=206926"}],"wp:term":[{"taxonomy":"category","embeddable":true,"href":"https:\/\/tucomarca.whitekongsoftware.com\/ca\/wp-json\/wp\/v2\/categories?post=206926"},{"taxonomy":"post_tag","embeddable":true,"href":"https:\/\/tucomarca.whitekongsoftware.com\/ca\/wp-json\/wp\/v2\/tags?post=206926"}],"curies":[{"name":"wp","href":"https:\/\/api.w.org\/{rel}","templated":true}]}}