{"id":206902,"date":"2024-01-10T12:00:00","date_gmt":"2024-01-10T11:00:00","guid":{"rendered":"https:\/\/www.tucomarca.com\/wordpress\/segunda\/?p=206902"},"modified":"2024-01-10T13:02:46","modified_gmt":"2024-01-10T12:02:46","slug":"benaguasil-celebra-la-festivitat-de-sant-antoni-abat-amb-un-programa-ple-dactivitats","status":"publish","type":"post","link":"https:\/\/tucomarca.whitekongsoftware.com\/ca\/benaguasil-celebra-la-festivitat-de-sant-antoni-abat-amb-un-programa-ple-dactivitats\/","title":{"rendered":"Benaguasil celebra la festivitat de sant Antoni Abat amb un programa ple d&#8217;activitats"},"content":{"rendered":"\n<h3 class=\"wp-block-heading\"><strong>La Clav\u00e0ria proposa un ampli programa d&#8217;activitats de l&#8217;11 al 17 de gener que t\u00e9 la foguera, el sopar popular o la benedicci\u00f3 dels animals com a actes protagonistes.<\/strong><\/h3>\n\n\n\n<p class=\"wp-block-paragraph\">Benaguasil celebra aquest cap de setmana la festivitat en honor a sant Antoni Abat, patr\u00f3 dels animals. La clav\u00e0ria, en col\u00b7laboraci\u00f3 amb l&#8217;Ajuntament, ha preparat un extens programa en el qual no faltaran la benedicci\u00f3 d&#8217;animals, el sopar popular o la foguera.<br>El programa d&#8217;actes donar\u00e0 inici dem\u00e0 dijous amb el cant de albaes per les cases d&#8217;antics clavaris, finalitzant aquestes a casa de l&#8217;actual clavari major, Joan Antoni Figal.<br>El divendres ser\u00e0 el moment de traslladar la imatge de Sant Antoni a casa del primer clavari, en un recorregut amenitzat pel tabal i la dol\u00e7aina, aix\u00ed com de coets.<br>El dissabte es reprendr\u00e0 l&#8217;activitat amb el volteig de campanes i el tret de 21 salves, i la realitzaci\u00f3 de jocs tradicionals per als xiquets, cucanyes i inflables en la pla\u00e7a. Aix\u00ed mateix a les 17,30 hores els clavaris repartiran xocolate i a les 20,00 hores tindr\u00e0 lloc l&#8217;encesa de la foguera que far\u00e0 m\u00e9s suportable el fred, repartint-se cacaus i tramussos als presents.<br>La jornada culminar\u00e0 a les 21,00 hores amb el sopar popular que els clavaris de Sant Antoni cuinaran i que consistir\u00e0 en gaspatxo manxec, dol\u00e7os i mistela, i amb l&#8217;actuaci\u00f3 del grup Fogonada a partir de les 23 hores en la mateixa Pla\u00e7a.<br>Continuaran els actes el diumenge, a partir de les 12,30 hores, amb la benedicci\u00f3 d&#8217;animals que s\u00f3n portats pels seus amos per a rebre l&#8217;aigua bene\u00efda&nbsp;que els dota de salut per a tot l&#8217;any. Ja a la vesprada, a les 20,00 hores, hi haur\u00e0 correfuegos&nbsp;<br>Els festejos culminaran el dimecres 17 de gener amb la missa en honor a sant Antoni Abat i la process\u00f3.<\/p>\n\n\n\n<figure class=\"wp-block-image size-large\"><img loading=\"lazy\" decoding=\"async\" width=\"743\" height=\"1024\" src=\"http:\/\/www.tucomarca.com\/wordpress\/segunda\/wp-content\/uploads\/2024\/01\/BenaguasilSanAnton-743x1024.jpg\" alt=\"\" class=\"wp-image-206900\" srcset=\"https:\/\/tucomarca.whitekongsoftware.com\/wp-content\/uploads\/2024\/01\/BenaguasilSanAnton-743x1024.jpg 743w, https:\/\/tucomarca.whitekongsoftware.com\/wp-content\/uploads\/2024\/01\/BenaguasilSanAnton-218x300.jpg 218w, https:\/\/tucomarca.whitekongsoftware.com\/wp-content\/uploads\/2024\/01\/BenaguasilSanAnton-768x1058.jpg 768w, https:\/\/tucomarca.whitekongsoftware.com\/wp-content\/uploads\/2024\/01\/BenaguasilSanAnton-1115x1536.jpg 1115w, https:\/\/tucomarca.whitekongsoftware.com\/wp-content\/uploads\/2024\/01\/BenaguasilSanAnton-1487x2048.jpg 1487w, https:\/\/tucomarca.whitekongsoftware.com\/wp-content\/uploads\/2024\/01\/BenaguasilSanAnton-scaled.jpg 1859w\" sizes=\"auto, (max-width: 743px) 100vw, 743px\" \/><\/figure>\n","protected":false},"excerpt":{"rendered":"<div class=\"mh-excerpt\">La Clav\u00e0ria proposa un ampli programa d&#8217;activitats de l&#8217;11 al 17 de gener que t\u00e9 la foguera, el sopar popular o la benedicci\u00f3 dels animals com a actes protagonistes. Benaguasil celebra aquest cap de setmana <a class=\"mh-excerpt-more\" href=\"https:\/\/tucomarca.whitekongsoftware.com\/ca\/benaguasil-celebra-la-festivitat-de-sant-antoni-abat-amb-un-programa-ple-dactivitats\/\" title=\"Benaguasil celebra la festivitat de sant Antoni Abat amb un programa ple d&#8217;activitats\">[+] <\/a><\/div>\n","protected":false},"author":1,"featured_media":206898,"comment_status":"open","ping_status":"open","sticky":false,"template":"","format":"standard","meta":{"footnotes":""},"categories":[11019,10952,10892,10894,11007,10896],"tags":[11136,10899,16200],"class_list":["post-206902","post","type-post","status-publish","format-standard","has-post-thumbnail","category-agenda-ca","category-benaguasil-ca","category-camp-de-turia-ca","category-la-comarca-ca","category-ocio-y-cultura-ca","category-seccion-ca","tag-benaguasil-ca","tag-camp-de-turia-ca","tag-san-anton-ca"],"_links":{"self":[{"href":"https:\/\/tucomarca.whitekongsoftware.com\/ca\/wp-json\/wp\/v2\/posts\/206902","targetHints":{"allow":["GET"]}}],"collection":[{"href":"https:\/\/tucomarca.whitekongsoftware.com\/ca\/wp-json\/wp\/v2\/posts"}],"about":[{"href":"https:\/\/tucomarca.whitekongsoftware.com\/ca\/wp-json\/wp\/v2\/types\/post"}],"author":[{"embeddable":true,"href":"https:\/\/tucomarca.whitekongsoftware.com\/ca\/wp-json\/wp\/v2\/users\/1"}],"replies":[{"embeddable":true,"href":"https:\/\/tucomarca.whitekongsoftware.com\/ca\/wp-json\/wp\/v2\/comments?post=206902"}],"version-history":[{"count":0,"href":"https:\/\/tucomarca.whitekongsoftware.com\/ca\/wp-json\/wp\/v2\/posts\/206902\/revisions"}],"wp:featuredmedia":[{"embeddable":true,"href":"https:\/\/tucomarca.whitekongsoftware.com\/ca\/wp-json\/wp\/v2\/media\/206898"}],"wp:attachment":[{"href":"https:\/\/tucomarca.whitekongsoftware.com\/ca\/wp-json\/wp\/v2\/media?parent=206902"}],"wp:term":[{"taxonomy":"category","embeddable":true,"href":"https:\/\/tucomarca.whitekongsoftware.com\/ca\/wp-json\/wp\/v2\/categories?post=206902"},{"taxonomy":"post_tag","embeddable":true,"href":"https:\/\/tucomarca.whitekongsoftware.com\/ca\/wp-json\/wp\/v2\/tags?post=206902"}],"curies":[{"name":"wp","href":"https:\/\/api.w.org\/{rel}","templated":true}]}}