{"id":206824,"date":"2024-01-09T12:12:00","date_gmt":"2024-01-09T11:12:00","guid":{"rendered":"https:\/\/www.tucomarca.com\/wordpress\/segunda\/?p=206824"},"modified":"2024-01-09T19:31:44","modified_gmt":"2024-01-09T18:31:44","slug":"fotogaleria-la-sim-la-primitiva-dalboraig-presenta-a-tres-nous-musics-en-el-concert-de-nadal","status":"publish","type":"post","link":"https:\/\/tucomarca.whitekongsoftware.com\/ca\/fotogaleria-la-sim-la-primitiva-dalboraig-presenta-a-tres-nous-musics-en-el-concert-de-nadal\/","title":{"rendered":"Fotogaler\u00eda: La SIM &#8220;La Primitiva&#8221; d&#8217;Alboraig presenta a tres nous m\u00fasics en el seu concert de Nadal"},"content":{"rendered":"\n<p class=\"wp-block-paragraph\">La SIM &#8220;La Primitiva&#8221; d&#8217;Alboraig ha presentat a tres nous m\u00fasics en el seu Concert de Nadal. La SIM \u201cLa Primitiva\u201d Alboraig ha oferit el seu tradicional concert de Nadal sota la batuta del seu director titular, Francisco Perell\u00f3 Pall\u00e1s, un recital que va estar acompanyat, en aquesta ocasi\u00f3, pel bar\u00edton local Mois\u00e9s Renovell Cervera i la soprano de Xiva, Mar S\u00e1nchez.<\/p>\n\n\n\n<p class=\"wp-block-paragraph\">Com \u00e9s tradici\u00f3, \u00e9s en aquest concert en el qual es rep als nous m\u00fasics, que en aquesta ocasi\u00f3 han sigut tres: Marcelo Mart\u00edn i Soler Rodr\u00edguez (obo\u00e9), Nuria Navarro Pall\u00e1s (obo\u00e9) i Lucas Montejano Tramoyeres (saxo alt), que junts van interpretar la bella nadala, &#8216;Nit de Pau&#8217;.<\/p>\n\n\n\n<p class=\"wp-block-paragraph\">Un bonic concert que va fer gaudir al p\u00fablic entre polcas i boleros, musicals, les tradicionals nadales i que va finalitzar amb la popular &#8216;Marxa Radetzky&#8217;.<\/p>\n\n\n\n<p class=\"wp-block-paragraph\">Fotos: <strong>Mar\u00eda Mart\u00ednez<\/strong>.<\/p>\n\n\n\n<figure class=\"wp-block-gallery has-nested-images columns-default is-cropped wp-block-gallery-1 is-layout-flex wp-block-gallery-is-layout-flex\">\n<figure class=\"wp-block-image size-large\"><img loading=\"lazy\" decoding=\"async\" width=\"1080\" height=\"923\" data-id=\"206816\" src=\"http:\/\/www.tucomarca.com\/wordpress\/segunda\/wp-content\/uploads\/2024\/01\/AlboracheConcNavidad4.jpg\" alt=\"\" class=\"wp-image-206816\" srcset=\"https:\/\/tucomarca.whitekongsoftware.com\/wp-content\/uploads\/2024\/01\/AlboracheConcNavidad4.jpg 1080w, https:\/\/tucomarca.whitekongsoftware.com\/wp-content\/uploads\/2024\/01\/AlboracheConcNavidad4-300x256.jpg 300w, https:\/\/tucomarca.whitekongsoftware.com\/wp-content\/uploads\/2024\/01\/AlboracheConcNavidad4-1024x875.jpg 1024w, https:\/\/tucomarca.whitekongsoftware.com\/wp-content\/uploads\/2024\/01\/AlboracheConcNavidad4-768x656.jpg 768w\" sizes=\"auto, (max-width: 1080px) 100vw, 1080px\" \/><\/figure>\n\n\n\n<figure class=\"wp-block-image size-large\"><img loading=\"lazy\" decoding=\"async\" width=\"1080\" height=\"935\" data-id=\"206814\" src=\"http:\/\/www.tucomarca.com\/wordpress\/segunda\/wp-content\/uploads\/2024\/01\/AlboracheConcNavidad3.jpg\" alt=\"\" class=\"wp-image-206814\" srcset=\"https:\/\/tucomarca.whitekongsoftware.com\/wp-content\/uploads\/2024\/01\/AlboracheConcNavidad3.jpg 1080w, https:\/\/tucomarca.whitekongsoftware.com\/wp-content\/uploads\/2024\/01\/AlboracheConcNavidad3-300x260.jpg 300w, https:\/\/tucomarca.whitekongsoftware.com\/wp-content\/uploads\/2024\/01\/AlboracheConcNavidad3-1024x887.jpg 1024w, https:\/\/tucomarca.whitekongsoftware.com\/wp-content\/uploads\/2024\/01\/AlboracheConcNavidad3-768x665.jpg 768w\" sizes=\"auto, (max-width: 1080px) 100vw, 1080px\" \/><\/figure>\n\n\n\n<figure class=\"wp-block-image size-large\"><img loading=\"lazy\" decoding=\"async\" width=\"893\" height=\"886\" data-id=\"206812\" src=\"http:\/\/www.tucomarca.com\/wordpress\/segunda\/wp-content\/uploads\/2024\/01\/AlboracheConcNavidad2.jpg\" alt=\"\" class=\"wp-image-206812\" srcset=\"https:\/\/tucomarca.whitekongsoftware.com\/wp-content\/uploads\/2024\/01\/AlboracheConcNavidad2.jpg 893w, https:\/\/tucomarca.whitekongsoftware.com\/wp-content\/uploads\/2024\/01\/AlboracheConcNavidad2-300x298.jpg 300w, https:\/\/tucomarca.whitekongsoftware.com\/wp-content\/uploads\/2024\/01\/AlboracheConcNavidad2-768x762.jpg 768w\" sizes=\"auto, (max-width: 893px) 100vw, 893px\" \/><\/figure>\n\n\n\n<figure class=\"wp-block-image size-large\"><img loading=\"lazy\" decoding=\"async\" width=\"1080\" height=\"810\" data-id=\"206818\" src=\"http:\/\/www.tucomarca.com\/wordpress\/segunda\/wp-content\/uploads\/2024\/01\/AlboracheConcNavidad5.jpg\" alt=\"\" class=\"wp-image-206818\" srcset=\"https:\/\/tucomarca.whitekongsoftware.com\/wp-content\/uploads\/2024\/01\/AlboracheConcNavidad5.jpg 1080w, https:\/\/tucomarca.whitekongsoftware.com\/wp-content\/uploads\/2024\/01\/AlboracheConcNavidad5-300x225.jpg 300w, https:\/\/tucomarca.whitekongsoftware.com\/wp-content\/uploads\/2024\/01\/AlboracheConcNavidad5-1024x768.jpg 1024w, https:\/\/tucomarca.whitekongsoftware.com\/wp-content\/uploads\/2024\/01\/AlboracheConcNavidad5-768x576.jpg 768w, https:\/\/tucomarca.whitekongsoftware.com\/wp-content\/uploads\/2024\/01\/AlboracheConcNavidad5-678x509.jpg 678w, https:\/\/tucomarca.whitekongsoftware.com\/wp-content\/uploads\/2024\/01\/AlboracheConcNavidad5-326x245.jpg 326w, https:\/\/tucomarca.whitekongsoftware.com\/wp-content\/uploads\/2024\/01\/AlboracheConcNavidad5-80x60.jpg 80w\" sizes=\"auto, (max-width: 1080px) 100vw, 1080px\" \/><\/figure>\n<\/figure>\n","protected":false},"excerpt":{"rendered":"<div class=\"mh-excerpt\">La SIM &#8220;La Primitiva&#8221; d&#8217;Alboraig ha presentat a tres nous m\u00fasics en el seu Concert de Nadal. La SIM \u201cLa Primitiva\u201d Alboraig ha oferit el seu tradicional concert de Nadal sota la batuta del seu <a class=\"mh-excerpt-more\" href=\"https:\/\/tucomarca.whitekongsoftware.com\/ca\/fotogaleria-la-sim-la-primitiva-dalboraig-presenta-a-tres-nous-musics-en-el-concert-de-nadal\/\" title=\"Fotogaler\u00eda: La SIM &#8220;La Primitiva&#8221; d&#8217;Alboraig presenta a tres nous m\u00fasics en el seu concert de Nadal\">[+] <\/a><\/div>\n","protected":false},"author":12,"featured_media":206811,"comment_status":"open","ping_status":"open","sticky":false,"template":"","format":"gallery","meta":{"footnotes":""},"categories":[10973,11005,10894,10912,11007,10896],"tags":[11224,10914,14565],"class_list":["post-206824","post","type-post","status-publish","format-gallery","has-post-thumbnail","category-alborache-ca","category-canal-musica","category-la-comarca-ca","category-la-hoya-ca","category-ocio-y-cultura-ca","category-seccion-ca","tag-alborache-ca","tag-la-hoya-de-bunol-chiva-ca","tag-sim-la-primitiva-de-alborache-2-ca","post_format-post-format-gallery"],"_links":{"self":[{"href":"https:\/\/tucomarca.whitekongsoftware.com\/ca\/wp-json\/wp\/v2\/posts\/206824","targetHints":{"allow":["GET"]}}],"collection":[{"href":"https:\/\/tucomarca.whitekongsoftware.com\/ca\/wp-json\/wp\/v2\/posts"}],"about":[{"href":"https:\/\/tucomarca.whitekongsoftware.com\/ca\/wp-json\/wp\/v2\/types\/post"}],"author":[{"embeddable":true,"href":"https:\/\/tucomarca.whitekongsoftware.com\/ca\/wp-json\/wp\/v2\/users\/12"}],"replies":[{"embeddable":true,"href":"https:\/\/tucomarca.whitekongsoftware.com\/ca\/wp-json\/wp\/v2\/comments?post=206824"}],"version-history":[{"count":0,"href":"https:\/\/tucomarca.whitekongsoftware.com\/ca\/wp-json\/wp\/v2\/posts\/206824\/revisions"}],"wp:featuredmedia":[{"embeddable":true,"href":"https:\/\/tucomarca.whitekongsoftware.com\/ca\/wp-json\/wp\/v2\/media\/206811"}],"wp:attachment":[{"href":"https:\/\/tucomarca.whitekongsoftware.com\/ca\/wp-json\/wp\/v2\/media?parent=206824"}],"wp:term":[{"taxonomy":"category","embeddable":true,"href":"https:\/\/tucomarca.whitekongsoftware.com\/ca\/wp-json\/wp\/v2\/categories?post=206824"},{"taxonomy":"post_tag","embeddable":true,"href":"https:\/\/tucomarca.whitekongsoftware.com\/ca\/wp-json\/wp\/v2\/tags?post=206824"}],"curies":[{"name":"wp","href":"https:\/\/api.w.org\/{rel}","templated":true}]}}