{"id":206743,"date":"2024-01-09T11:00:00","date_gmt":"2024-01-09T10:00:00","guid":{"rendered":"https:\/\/www.tucomarca.com\/wordpress\/segunda\/?p=206743"},"modified":"2024-01-09T11:14:08","modified_gmt":"2024-01-09T10:14:08","slug":"la-guardia-civil-desarticula-un-grup-criminal-especialitzat-en-la-venda-de-cocaina-i-el-blanqueig-de-capitals-despres-diniciar-una-investigacio-a-catadau","status":"publish","type":"post","link":"https:\/\/tucomarca.whitekongsoftware.com\/ca\/la-guardia-civil-desarticula-un-grup-criminal-especialitzat-en-la-venda-de-cocaina-i-el-blanqueig-de-capitals-despres-diniciar-una-investigacio-a-catadau\/","title":{"rendered":"La Gu\u00e0rdia Civil desarticula un grup criminal especialitzat en la venda de coca\u00efna i el blanqueig de capitals despr\u00e9s d&#8217;iniciar una investigaci\u00f3 a Catadau"},"content":{"rendered":"\n<h3 class=\"wp-block-heading\"><strong>El grupo criminal operaba en diferentes localidades de la provincia de Valencia<\/strong>.<\/h3>\n\n\n\n<h3 class=\"wp-block-heading\"><strong>Se han detenido a seis personas e investigado a otras dos por los delitos de tr\u00e1fico de drogas y blanqueo de capitales<\/strong>.<\/h3>\n\n\n\n<p class=\"wp-block-paragraph\">La Gu\u00e0rdia Civil de Val\u00e8ncia, en el marc de l&#8217;operaci\u00f3 \u201cOFFVALLEY\u201d, ha detingut a sis persones i investigat a altres dues pels delictes de tr\u00e0fic de drogues i blanqueig de capitals.<\/p>\n\n\n\n<p class=\"wp-block-paragraph\">L&#8217;operaci\u00f3 es va iniciar quan els investigadors van detectar un increment del consum de Coca\u00efna a Catadau. Les perquisicions, que no van resultar senzilles per les mesures de seguretat preses pel grup criminal, van permetre localitzar al l\u00edder en la localitat de Torrent.<\/p>\n\n\n\n<p class=\"wp-block-paragraph\">Despr\u00e9s de l&#8217;entrada i registre en tres domicilis de Torrent, un a Catadau i un a Burjassot, els agents van localitzar dos laboratoris per a la preparaci\u00f3 de la droga al costat de 860 grams de coca\u00efna, 4.000 grams de cafe\u00efna i nombroses pastilles per a combatre la disfunci\u00f3 er\u00e8ctil utilitzades com a subst\u00e0ncia de tall, una arma curta detonadora (de salva), 21.000 euros en met\u00e0l\u00b7lic i tres vehicles d&#8217;alta gamma.&nbsp;<\/p>\n\n\n\n<p class=\"wp-block-paragraph\">El 12 de desembre de 2023 es va procedir a la detenci\u00f3 de tres homes, dos d&#8217;ells colombians i un cub\u00e0, d&#8217;entre 42 i 71 anys; tres dones, dues d&#8217;elles colombianes i una espanyola, d&#8217;entre 39 i 55 anys. Tamb\u00e9 es va investigar a dos homes, un colombi\u00e0 i un altre cub\u00e0, de 41 i 60 anys d&#8217;edat. A tots se&#8217;ls atribueixen els delictes de tr\u00e0fic de drogues, blanqueig de capitals i pertinen\u00e7a a organitzaci\u00f3 criminal.<\/p>\n\n\n\n<p class=\"wp-block-paragraph\">Les dilig\u00e8ncies han sigut entregades en el Jutjat de Primera Inst\u00e0ncia i Instrucci\u00f3 N\u00famero 1 de Picassent.<\/p>\n","protected":false},"excerpt":{"rendered":"<div class=\"mh-excerpt\">El grupo criminal operaba en diferentes localidades de la provincia de Valencia. Se han detenido a seis personas e investigado a otras dos por los delitos de tr\u00e1fico de drogas y blanqueo de capitales. La <a class=\"mh-excerpt-more\" href=\"https:\/\/tucomarca.whitekongsoftware.com\/ca\/la-guardia-civil-desarticula-un-grup-criminal-especialitzat-en-la-venda-de-cocaina-i-el-blanqueig-de-capitals-despres-diniciar-una-investigacio-a-catadau\/\" title=\"La Gu\u00e0rdia Civil desarticula un grup criminal especialitzat en la venda de coca\u00efna i el blanqueig de capitals despr\u00e9s d&#8217;iniciar una investigaci\u00f3 a Catadau\">[+] <\/a><\/div>\n","protected":false},"author":1,"featured_media":206741,"comment_status":"open","ping_status":"open","sticky":false,"template":"","format":"standard","meta":{"footnotes":""},"categories":[10991,10898,10948,10894,10904,10902,10896,10897],"tags":[12238,11118,11077],"class_list":["post-206743","post","type-post","status-publish","format-standard","has-post-thumbnail","category-catadau-ca","category-ventana-ca","category-infraestructuras-ca","category-la-comarca-ca","category-sin-categorizar-ca","category-la-ribera-ca","category-seccion-ca","category-sucesos-la-comarca-ca","tag-catadau-ca","tag-guardia-civil-ca","tag-la-ribera-alta-ca"],"_links":{"self":[{"href":"https:\/\/tucomarca.whitekongsoftware.com\/ca\/wp-json\/wp\/v2\/posts\/206743","targetHints":{"allow":["GET"]}}],"collection":[{"href":"https:\/\/tucomarca.whitekongsoftware.com\/ca\/wp-json\/wp\/v2\/posts"}],"about":[{"href":"https:\/\/tucomarca.whitekongsoftware.com\/ca\/wp-json\/wp\/v2\/types\/post"}],"author":[{"embeddable":true,"href":"https:\/\/tucomarca.whitekongsoftware.com\/ca\/wp-json\/wp\/v2\/users\/1"}],"replies":[{"embeddable":true,"href":"https:\/\/tucomarca.whitekongsoftware.com\/ca\/wp-json\/wp\/v2\/comments?post=206743"}],"version-history":[{"count":0,"href":"https:\/\/tucomarca.whitekongsoftware.com\/ca\/wp-json\/wp\/v2\/posts\/206743\/revisions"}],"wp:featuredmedia":[{"embeddable":true,"href":"https:\/\/tucomarca.whitekongsoftware.com\/ca\/wp-json\/wp\/v2\/media\/206741"}],"wp:attachment":[{"href":"https:\/\/tucomarca.whitekongsoftware.com\/ca\/wp-json\/wp\/v2\/media?parent=206743"}],"wp:term":[{"taxonomy":"category","embeddable":true,"href":"https:\/\/tucomarca.whitekongsoftware.com\/ca\/wp-json\/wp\/v2\/categories?post=206743"},{"taxonomy":"post_tag","embeddable":true,"href":"https:\/\/tucomarca.whitekongsoftware.com\/ca\/wp-json\/wp\/v2\/tags?post=206743"}],"curies":[{"name":"wp","href":"https:\/\/api.w.org\/{rel}","templated":true}]}}