{"id":206333,"date":"2024-01-04T12:10:00","date_gmt":"2024-01-04T11:10:00","guid":{"rendered":"https:\/\/www.tucomarca.com\/wordpress\/segunda\/?p=206333"},"modified":"2024-01-04T22:32:05","modified_gmt":"2024-01-04T21:32:05","slug":"ses-majestats-els-reis-mags-dorient-rebran-en-audiencia-a-centenars-de-xiquets-en-el-teatre-rambal-dutiel","status":"publish","type":"post","link":"https:\/\/tucomarca.whitekongsoftware.com\/ca\/ses-majestats-els-reis-mags-dorient-rebran-en-audiencia-a-centenars-de-xiquets-en-el-teatre-rambal-dutiel\/","title":{"rendered":"Ses Majestats els Reis Mags d&#8217;Orient rebran en audi\u00e8ncia a centenars de xiquets en el Teatre Rambal d&#8217;Utiel"},"content":{"rendered":"\n<h3 class=\"wp-block-heading\">A partir de les 11,30 hores d&#8217;aquest divendres, Ses Majestats Melchor Gaspar i Baltasar escoltaran les peticions dels m\u00e9s xicotets que podran entregar-los en m\u00e0 les seues cartes amb la llista de desitjos per a l&#8217;esperada nit de Reis<\/h3>\n\n\n\n<p class=\"wp-block-paragraph\">&nbsp;A les 18.00 hores, des de la Casa de Cultura comen\u00e7ar\u00e0 la Gran Cavalcada de Reis amb espectacles d&#8217;animaci\u00f3 que recorreran els principals carrers d&#8217;Utiel ampliant el recorregut al carrer Cam\u00ed i Carrer Real.<\/p>\n\n\n\n<p class=\"wp-block-paragraph\">L&#8217;arribada de SS. MM. els Reis Mags \u00e9s un dels moments m\u00e9s esperats del Nadal, especialment per als m\u00e9s xicotets de la casa i dem\u00e0 tornaran a fer parada a Utiel per a mostrar tot el seu afecte i afecte als xiquets i les xiquetes que vulguen compartir amb ells els seus desitjos i il\u00b7lusions.<br>A partir de les 11.30 hores en l&#8217;Hall del Teatre Rambal, seran rebuts en audi\u00e8ncia real per SS. MM. Melchor, Gaspar i Baltasar que estaran molt atents a totes les peticions que els facen arribar juntament amb les seues preuades cartes en les quals inclouen la llista de desitjos que han recopilat durant tot un any per a aquest dia tan especial.<br>A m\u00e9s, durant la Recepci\u00f3 Real, els xiquets i les xiquetes rebran una bossa de llepolies com a acompte dels regals que arribaran eixa mateixa nit.<br>Tamb\u00e9 Ses Majestats atendran les peticions dels m\u00e9s majors. Al mat\u00ed acompanyats de la seua comitiva real, l&#8217;alcalde i regidors es dirigiran al Centre d&#8217;Alzheimer i a les resid\u00e8ncies del municipi per a con\u00e9ixer de primera m\u00e0 quals s\u00f3n les seues principals inquietuds i desitjos.<\/p>\n\n\n\n<p class=\"wp-block-paragraph\"><strong>Gran Cavalcada de Reis amb espectacles d&#8217;animaci\u00f3<\/strong><\/p>\n\n\n\n<p class=\"wp-block-paragraph\">L&#8217;esperada Cavalcada de Reis tornar\u00e0 a generar gran expectaci\u00f3 i molta il\u00b7lusi\u00f3, omplint els carrers d&#8217;Utiel d&#8217;alegria i festa.&nbsp;<br>A partir de les 18.00 hores des de la Casa de Cultura d&#8217;Utiel donar\u00e0 principi la desfilada de carrosses que amplia el seu recorregut habitual i tamb\u00e9 transcorrer\u00e0 pel carrer Cam\u00ed per a fer parada de nou a la Casa de Cultura on Ses Majestats baixaran de les carrosses per a dirigir-se a peu pel carrer Real i finalitzar el trajecte en la Pla\u00e7a de l&#8217;Ajuntament.<\/p>\n\n\n\n<p class=\"wp-block-paragraph\">Una cavalcada molt especial que inclour\u00e0 espectacles d&#8217;animaci\u00f3 durant tot el recorregut, la participaci\u00f3 de coneguts personatges de Disney i ambient festiu amb m\u00fasica en directe.<br>Les tres carrosses de Melchor, Gaspar i Baltasar i la comitiva real composta per m\u00e9s d&#8217;un centenar de participants, repartiran llepolies per tot el recorregut.<br>Despr\u00e9s de la cavalcada, des del balc\u00f3 de l&#8217;Ajuntament d&#8217;Utiel, Ses Majestats d&#8217;Orient, acompanyats per l&#8217;alcalde d&#8217;Utiel i regidors traslladaran a tots els assistents un missatge esperan\u00e7ador, amb els millors desitjos i bons prop\u00f2sits davant la mirada atenta dels xiquets que compten les hores de l&#8217;arribada d&#8217;eixa nit m\u00e0gica de Reis.<br>L&#8217;Ajuntament d&#8217;Utiel agraeix a les associacions i entitats que, com cada any, col\u00b7laboren en els preparatius especials de la recepci\u00f3 i cavalcada de Ses Majestats els Reis Mags d&#8217;Orient.<\/p>\n\n\n\n<p class=\"wp-block-paragraph\"><\/p>\n","protected":false},"excerpt":{"rendered":"<div class=\"mh-excerpt\">A partir de les 11,30 hores d&#8217;aquest divendres, Ses Majestats Melchor Gaspar i Baltasar escoltaran les peticions dels m\u00e9s xicotets que podran entregar-los en m\u00e0 les seues cartes amb la llista de desitjos per a <a class=\"mh-excerpt-more\" href=\"https:\/\/tucomarca.whitekongsoftware.com\/ca\/ses-majestats-els-reis-mags-dorient-rebran-en-audiencia-a-centenars-de-xiquets-en-el-teatre-rambal-dutiel\/\" title=\"Ses Majestats els Reis Mags d&#8217;Orient rebran en audi\u00e8ncia a centenars de xiquets en el Teatre Rambal d&#8217;Utiel\">[+] <\/a><\/div>\n","protected":false},"author":12,"featured_media":206332,"comment_status":"open","ping_status":"open","sticky":false,"template":"","format":"standard","meta":{"footnotes":""},"categories":[11019,10894,11007,10909,10896,11059],"tags":[16117,10910,11174],"class_list":["post-206333","post","type-post","status-publish","format-standard","has-post-thumbnail","category-agenda-ca","category-la-comarca-ca","category-ocio-y-cultura-ca","category-requena-utiel-ca","category-seccion-ca","category-utiel-ca","tag-cabalgata-de-reyes-ca","tag-requena-utiel-ca","tag-utiel-ca"],"_links":{"self":[{"href":"https:\/\/tucomarca.whitekongsoftware.com\/ca\/wp-json\/wp\/v2\/posts\/206333","targetHints":{"allow":["GET"]}}],"collection":[{"href":"https:\/\/tucomarca.whitekongsoftware.com\/ca\/wp-json\/wp\/v2\/posts"}],"about":[{"href":"https:\/\/tucomarca.whitekongsoftware.com\/ca\/wp-json\/wp\/v2\/types\/post"}],"author":[{"embeddable":true,"href":"https:\/\/tucomarca.whitekongsoftware.com\/ca\/wp-json\/wp\/v2\/users\/12"}],"replies":[{"embeddable":true,"href":"https:\/\/tucomarca.whitekongsoftware.com\/ca\/wp-json\/wp\/v2\/comments?post=206333"}],"version-history":[{"count":0,"href":"https:\/\/tucomarca.whitekongsoftware.com\/ca\/wp-json\/wp\/v2\/posts\/206333\/revisions"}],"wp:featuredmedia":[{"embeddable":true,"href":"https:\/\/tucomarca.whitekongsoftware.com\/ca\/wp-json\/wp\/v2\/media\/206332"}],"wp:attachment":[{"href":"https:\/\/tucomarca.whitekongsoftware.com\/ca\/wp-json\/wp\/v2\/media?parent=206333"}],"wp:term":[{"taxonomy":"category","embeddable":true,"href":"https:\/\/tucomarca.whitekongsoftware.com\/ca\/wp-json\/wp\/v2\/categories?post=206333"},{"taxonomy":"post_tag","embeddable":true,"href":"https:\/\/tucomarca.whitekongsoftware.com\/ca\/wp-json\/wp\/v2\/tags?post=206333"}],"curies":[{"name":"wp","href":"https:\/\/api.w.org\/{rel}","templated":true}]}}