{"id":206216,"date":"2024-01-03T06:58:00","date_gmt":"2024-01-03T05:58:00","guid":{"rendered":"https:\/\/www.tucomarca.com\/wordpress\/segunda\/?p=206216"},"modified":"2024-01-03T20:05:48","modified_gmt":"2024-01-03T19:05:48","slug":"sanitat-acorda-adoptar-mesures-assistencials-especials-davant-del-repunt-de-les-infeccions-respiratories","status":"publish","type":"post","link":"https:\/\/tucomarca.whitekongsoftware.com\/ca\/sanitat-acorda-adoptar-mesures-assistencials-especials-davant-del-repunt-de-les-infeccions-respiratories\/","title":{"rendered":"Sanitat acorda adoptar mesures assistencials especials davant del repunt de les infeccions respirat\u00f2ries"},"content":{"rendered":"\n<h3 class=\"wp-block-heading\"><strong><strong>Entre altres, els hospitals ajustaran la programaci\u00f3 de l&#8217;activitat quir\u00fargica, potenciaran l&#8217;atenci\u00f3 domicili\u00e0ria i es refor\u00e7aran les plantilles<\/strong><\/strong>.<\/h3>\n\n\n\n<h3 class=\"wp-block-heading\"><strong><strong>Si \u00e9s necessari, i amb la finalitat de reduir al m\u00e0xim qualsevol tensi\u00f3 assistencial, es buscar\u00e0 un marc de col\u00b7laboraci\u00f3 publicoprivada<\/strong><\/strong>.<\/h3>\n\n\n\n<p class=\"wp-block-paragraph\">La Conselleria de Sanitat adoptar\u00e0 una s\u00e8rie de mesures assistencials especials davant del repunt de les infeccions respirat\u00f2ries pr\u00f2pies d&#8217;este per\u00edode hivernal.<\/p>\n\n\n\n<p class=\"wp-block-paragraph\">Estes mesures han sigut acordades en la reuni\u00f3 mantinguda entre el conseller de Sanitat, Marciano G\u00f3mez, el director de l&#8217;Oficina de Coordinaci\u00f3 i Integraci\u00f3 Sociosanit\u00e0ria de la Comunitat Valenciana, Manuel Escolano, i representants de les direccions generals d&#8217;Atenci\u00f3 Hospital\u00e0ria i Gesti\u00f3 Econ\u00f2mica, Contractaci\u00f3 i Infraestructures; una trobada que ja va anunciar este dimarts el titular de Sanitat.<\/p>\n\n\n\n<p class=\"wp-block-paragraph\">D&#8217;esta manera, en la reuni\u00f3 esmentada s&#8217;han abordat els problemes que, any rere any, sorgixen davant dels pics estacionals d&#8217;especial demanda assistencial com l&#8217;actual o els que es preveu que es registren en les pr\u00f2ximes setmanes.<\/p>\n\n\n\n<p class=\"wp-block-paragraph\">Entre estes mesures acordades es troba l&#8217;ajust de la programaci\u00f3 de l&#8217;activitat quir\u00fargica amb la finalitat de generar espais per a atendre la demanda, i en funci\u00f3 del context de cada centre hospitalari, per a una major efici\u00e8ncia dels recursos existents, aix\u00ed com el refor\u00e7 de les plantilles.<\/p>\n\n\n\n<p class=\"wp-block-paragraph\">Altres mesures s\u00f3n potenciar, en estos per\u00edodes, els serveis d&#8217;atenci\u00f3 domicili\u00e0ria i establir el m\u00e0xim nivell de col\u00b7laboraci\u00f3 amb la Conselleria de Serveis Socials, Igualtat i Habitatge, potenciant l&#8217;hospitalitzaci\u00f3 a domicili en les resid\u00e8ncies de majors en els casos en els quals este recurs resulte l&#8217;idoni; aix\u00ed com la reassignaci\u00f3 i prioritzaci\u00f3 dels recursos socials.<\/p>\n\n\n\n<p class=\"wp-block-paragraph\">En el cas que es necessite la col\u00b7laboraci\u00f3 de recursos privats, i amb la finalitat de reduir al m\u00e0xim qualsevol tensi\u00f3 assistencial que es poguera registrar, es buscar\u00e0 tamb\u00e9 un marc de col\u00b7laboraci\u00f3 publicoprivada.<\/p>\n\n\n\n<p class=\"wp-block-paragraph\">A m\u00e9s, el conseller de Sanitat, Marciano G\u00f3mez, es reunir\u00e0 la setmana que ve amb els gerents dels departaments de salut de la Comunitat Valenciana per a analitzar la posada en marxa d&#8217;estes mesures.<\/p>\n","protected":false},"excerpt":{"rendered":"<div class=\"mh-excerpt\">Entre altres, els hospitals ajustaran la programaci\u00f3 de l&#8217;activitat quir\u00fargica, potenciaran l&#8217;atenci\u00f3 domicili\u00e0ria i es refor\u00e7aran les plantilles. Si \u00e9s necessari, i amb la finalitat de reduir al m\u00e0xim qualsevol tensi\u00f3 assistencial, es buscar\u00e0 un <a class=\"mh-excerpt-more\" href=\"https:\/\/tucomarca.whitekongsoftware.com\/ca\/sanitat-acorda-adoptar-mesures-assistencials-especials-davant-del-repunt-de-les-infeccions-respiratories\/\" title=\"Sanitat acorda adoptar mesures assistencials especials davant del repunt de les infeccions respirat\u00f2ries\">[+] <\/a><\/div>\n","protected":false},"author":1,"featured_media":206209,"comment_status":"open","ping_status":"open","sticky":false,"template":"","format":"standard","meta":{"footnotes":""},"categories":[11010,12202,10898,10948,10894,10904,10896,10897],"tags":[11939,11940,11199],"class_list":["post-206216","post","type-post","status-publish","format-standard","has-post-thumbnail","category-canal-salud","category-covid-19-ca","category-ventana-ca","category-infraestructuras-ca","category-la-comarca-ca","category-sin-categorizar-ca","category-seccion-ca","category-sucesos-la-comarca-ca","tag-coronavirus-ca","tag-covid-19-ca","tag-la-comunitat-ca"],"_links":{"self":[{"href":"https:\/\/tucomarca.whitekongsoftware.com\/ca\/wp-json\/wp\/v2\/posts\/206216","targetHints":{"allow":["GET"]}}],"collection":[{"href":"https:\/\/tucomarca.whitekongsoftware.com\/ca\/wp-json\/wp\/v2\/posts"}],"about":[{"href":"https:\/\/tucomarca.whitekongsoftware.com\/ca\/wp-json\/wp\/v2\/types\/post"}],"author":[{"embeddable":true,"href":"https:\/\/tucomarca.whitekongsoftware.com\/ca\/wp-json\/wp\/v2\/users\/1"}],"replies":[{"embeddable":true,"href":"https:\/\/tucomarca.whitekongsoftware.com\/ca\/wp-json\/wp\/v2\/comments?post=206216"}],"version-history":[{"count":0,"href":"https:\/\/tucomarca.whitekongsoftware.com\/ca\/wp-json\/wp\/v2\/posts\/206216\/revisions"}],"wp:featuredmedia":[{"embeddable":true,"href":"https:\/\/tucomarca.whitekongsoftware.com\/ca\/wp-json\/wp\/v2\/media\/206209"}],"wp:attachment":[{"href":"https:\/\/tucomarca.whitekongsoftware.com\/ca\/wp-json\/wp\/v2\/media?parent=206216"}],"wp:term":[{"taxonomy":"category","embeddable":true,"href":"https:\/\/tucomarca.whitekongsoftware.com\/ca\/wp-json\/wp\/v2\/categories?post=206216"},{"taxonomy":"post_tag","embeddable":true,"href":"https:\/\/tucomarca.whitekongsoftware.com\/ca\/wp-json\/wp\/v2\/tags?post=206216"}],"curies":[{"name":"wp","href":"https:\/\/api.w.org\/{rel}","templated":true}]}}