{"id":206177,"date":"2024-01-03T09:00:00","date_gmt":"2024-01-03T08:00:00","guid":{"rendered":"https:\/\/www.tucomarca.com\/wordpress\/segunda\/?p=206177"},"modified":"2024-01-03T10:26:09","modified_gmt":"2024-01-03T09:26:09","slug":"un-incendi-forestal-en-un-canyar-del-riu-bunyol-afecta-els-termes-municipals-de-turis-i-alboraig","status":"publish","type":"post","link":"https:\/\/tucomarca.whitekongsoftware.com\/ca\/un-incendi-forestal-en-un-canyar-del-riu-bunyol-afecta-els-termes-municipals-de-turis-i-alboraig\/","title":{"rendered":"Un incendi forestal en un canyar del riu Bunyol afecta els termes municipals de Tur\u00eds i Alboraig"},"content":{"rendered":"\n<p class=\"wp-block-paragraph\">Un incendi forestal declarat a \u00faltima hora de la vesprada d&#8217;aquest dimarts, concretament a les 18,51 hores, ha afectat els termes municipals de Tur\u00eds i Alboraig en una zona de canyar del riu Bunyol. <\/p>\n\n\n\n<p class=\"wp-block-paragraph\">En les tasques d&#8217;extinci\u00f3, que seguien durant la matinada d&#8217;aquest dimarts al dimecres, han participat quatre unitats del Consorci Provincial de Bombers dels parcs de bombers de Requena, Xiva, Torrent i Silla; al costat de tres unitats mane, concretament un oficial, un sergent i un coordinador forestal; a m\u00e9s de dos uniu-los de Bombers Forestals de la Generalitat Valenciana.<\/p>\n\n\n\n<p class=\"wp-block-paragraph\">Tamb\u00e9 brigades Forestals del Consorci, Brifo, s&#8217;han incorporat a les tasques durant el mat\u00ed de hui. L&#8217;incendi s&#8217;ha donat per estabilitzat a primeres hores del mat\u00ed d&#8217;aquest dimecres.<\/p>\n\n\n\n<figure class=\"wp-block-gallery has-nested-images columns-2 is-cropped wp-block-gallery-1 is-layout-flex wp-block-gallery-is-layout-flex\">\n<figure class=\"wp-block-image size-large\"><img loading=\"lazy\" decoding=\"async\" width=\"740\" height=\"996\" data-id=\"206174\" src=\"http:\/\/www.tucomarca.com\/wordpress\/segunda\/wp-content\/uploads\/2024\/01\/incendioTurisBombers5.jpeg\" alt=\"\" class=\"wp-image-206174\" srcset=\"https:\/\/tucomarca.whitekongsoftware.com\/wp-content\/uploads\/2024\/01\/incendioTurisBombers5.jpeg 740w, https:\/\/tucomarca.whitekongsoftware.com\/wp-content\/uploads\/2024\/01\/incendioTurisBombers5-223x300.jpeg 223w\" sizes=\"auto, (max-width: 740px) 100vw, 740px\" \/><\/figure>\n\n\n\n<figure class=\"wp-block-image size-large\"><img loading=\"lazy\" decoding=\"async\" width=\"1440\" height=\"1920\" data-id=\"206172\" src=\"http:\/\/www.tucomarca.com\/wordpress\/segunda\/wp-content\/uploads\/2024\/01\/incendioTurisBombers4.jpg\" alt=\"\" class=\"wp-image-206172\" srcset=\"https:\/\/tucomarca.whitekongsoftware.com\/wp-content\/uploads\/2024\/01\/incendioTurisBombers4.jpg 1440w, https:\/\/tucomarca.whitekongsoftware.com\/wp-content\/uploads\/2024\/01\/incendioTurisBombers4-225x300.jpg 225w, https:\/\/tucomarca.whitekongsoftware.com\/wp-content\/uploads\/2024\/01\/incendioTurisBombers4-768x1024.jpg 768w, https:\/\/tucomarca.whitekongsoftware.com\/wp-content\/uploads\/2024\/01\/incendioTurisBombers4-1152x1536.jpg 1152w\" sizes=\"auto, (max-width: 1440px) 100vw, 1440px\" \/><\/figure>\n\n\n\n<figure class=\"wp-block-image size-large\"><img loading=\"lazy\" decoding=\"async\" width=\"2048\" height=\"1020\" data-id=\"206170\" src=\"http:\/\/www.tucomarca.com\/wordpress\/segunda\/wp-content\/uploads\/2024\/01\/incendioTurisBombers3.jpg\" alt=\"\" class=\"wp-image-206170\" srcset=\"https:\/\/tucomarca.whitekongsoftware.com\/wp-content\/uploads\/2024\/01\/incendioTurisBombers3.jpg 2048w, https:\/\/tucomarca.whitekongsoftware.com\/wp-content\/uploads\/2024\/01\/incendioTurisBombers3-300x149.jpg 300w, https:\/\/tucomarca.whitekongsoftware.com\/wp-content\/uploads\/2024\/01\/incendioTurisBombers3-1024x510.jpg 1024w, https:\/\/tucomarca.whitekongsoftware.com\/wp-content\/uploads\/2024\/01\/incendioTurisBombers3-768x383.jpg 768w, https:\/\/tucomarca.whitekongsoftware.com\/wp-content\/uploads\/2024\/01\/incendioTurisBombers3-1536x765.jpg 1536w\" sizes=\"auto, (max-width: 2048px) 100vw, 2048px\" \/><\/figure>\n\n\n\n<figure class=\"wp-block-image size-large\"><img loading=\"lazy\" decoding=\"async\" width=\"1920\" height=\"1093\" data-id=\"206168\" src=\"http:\/\/www.tucomarca.com\/wordpress\/segunda\/wp-content\/uploads\/2024\/01\/incendioTurisBombers2.jpg\" alt=\"\" class=\"wp-image-206168\" srcset=\"https:\/\/tucomarca.whitekongsoftware.com\/wp-content\/uploads\/2024\/01\/incendioTurisBombers2.jpg 1920w, https:\/\/tucomarca.whitekongsoftware.com\/wp-content\/uploads\/2024\/01\/incendioTurisBombers2-300x171.jpg 300w, https:\/\/tucomarca.whitekongsoftware.com\/wp-content\/uploads\/2024\/01\/incendioTurisBombers2-1024x583.jpg 1024w, https:\/\/tucomarca.whitekongsoftware.com\/wp-content\/uploads\/2024\/01\/incendioTurisBombers2-768x437.jpg 768w, https:\/\/tucomarca.whitekongsoftware.com\/wp-content\/uploads\/2024\/01\/incendioTurisBombers2-1536x874.jpg 1536w\" sizes=\"auto, (max-width: 1920px) 100vw, 1920px\" \/><\/figure>\n<\/figure>\n","protected":false},"excerpt":{"rendered":"<div class=\"mh-excerpt\">Un incendi forestal declarat a \u00faltima hora de la vesprada d&#8217;aquest dimarts, concretament a les 18,51 hores, ha afectat els termes municipals de Tur\u00eds i Alboraig en una zona de canyar del riu Bunyol. En <a class=\"mh-excerpt-more\" href=\"https:\/\/tucomarca.whitekongsoftware.com\/ca\/un-incendi-forestal-en-un-canyar-del-riu-bunyol-afecta-els-termes-municipals-de-turis-i-alboraig\/\" title=\"Un incendi forestal en un canyar del riu Bunyol afecta els termes municipals de Tur\u00eds i Alboraig\">[+] <\/a><\/div>\n","protected":false},"author":1,"featured_media":206167,"comment_status":"open","ping_status":"open","sticky":false,"template":"","format":"gallery","meta":{"footnotes":""},"categories":[10973,10898,10894,10904,10912,10902,10903,10896,10897,11047],"tags":[10914,11077,11093],"class_list":["post-206177","post","type-post","status-publish","format-gallery","has-post-thumbnail","category-alborache-ca","category-ventana-ca","category-la-comarca-ca","category-sin-categorizar-ca","category-la-hoya-ca","category-la-ribera-ca","category-medio-ambiente-la-comarca-ca","category-seccion-ca","category-sucesos-la-comarca-ca","category-turis-ca","tag-la-hoya-de-bunol-chiva-ca","tag-la-ribera-alta-ca","tag-turis-ca","post_format-post-format-gallery"],"_links":{"self":[{"href":"https:\/\/tucomarca.whitekongsoftware.com\/ca\/wp-json\/wp\/v2\/posts\/206177","targetHints":{"allow":["GET"]}}],"collection":[{"href":"https:\/\/tucomarca.whitekongsoftware.com\/ca\/wp-json\/wp\/v2\/posts"}],"about":[{"href":"https:\/\/tucomarca.whitekongsoftware.com\/ca\/wp-json\/wp\/v2\/types\/post"}],"author":[{"embeddable":true,"href":"https:\/\/tucomarca.whitekongsoftware.com\/ca\/wp-json\/wp\/v2\/users\/1"}],"replies":[{"embeddable":true,"href":"https:\/\/tucomarca.whitekongsoftware.com\/ca\/wp-json\/wp\/v2\/comments?post=206177"}],"version-history":[{"count":0,"href":"https:\/\/tucomarca.whitekongsoftware.com\/ca\/wp-json\/wp\/v2\/posts\/206177\/revisions"}],"wp:featuredmedia":[{"embeddable":true,"href":"https:\/\/tucomarca.whitekongsoftware.com\/ca\/wp-json\/wp\/v2\/media\/206167"}],"wp:attachment":[{"href":"https:\/\/tucomarca.whitekongsoftware.com\/ca\/wp-json\/wp\/v2\/media?parent=206177"}],"wp:term":[{"taxonomy":"category","embeddable":true,"href":"https:\/\/tucomarca.whitekongsoftware.com\/ca\/wp-json\/wp\/v2\/categories?post=206177"},{"taxonomy":"post_tag","embeddable":true,"href":"https:\/\/tucomarca.whitekongsoftware.com\/ca\/wp-json\/wp\/v2\/tags?post=206177"}],"curies":[{"name":"wp","href":"https:\/\/api.w.org\/{rel}","templated":true}]}}