{"id":206106,"date":"2024-01-03T08:00:00","date_gmt":"2024-01-03T07:00:00","guid":{"rendered":"https:\/\/www.tucomarca.com\/wordpress\/segunda\/?p=206106"},"modified":"2024-01-03T10:31:13","modified_gmt":"2024-01-03T09:31:13","slug":"la-unio-lamenta-la-perdua-de-quasi-2-000-hectarees-cultivades-en-la-comunitat-valenciana-durant-2023-i-de-mes-de-16-000-en-els-ultims-quatre-anys","status":"publish","type":"post","link":"https:\/\/tucomarca.whitekongsoftware.com\/ca\/la-unio-lamenta-la-perdua-de-quasi-2-000-hectarees-cultivades-en-la-comunitat-valenciana-durant-2023-i-de-mes-de-16-000-en-els-ultims-quatre-anys\/","title":{"rendered":"La Uni\u00f3 lamenta la p\u00e8rdua de quasi 2.000 hect\u00e0rees cultivades en la Comunitat Valenciana durant 2023 i de m\u00e9s de 16.000 en els \u00faltims quatre anys"},"content":{"rendered":"\n<h4 class=\"wp-block-heading\">Les propostes de La Uni\u00f3 per a esmenar els pressupostos agraris, rebutjades pel Govern del PP-VOX, pretenien frenar eixa sagnia de p\u00e8rdua de cultiu i mantindre una agricultura professionalitzada<\/h4>\n\n\n\n<h4 class=\"wp-block-heading\">La p\u00e8rdua de cultiu en c\u00edtrics durant l&#8217;\u00faltim any \u00e9s de 1.737 hect\u00e0rees, 6.199 des de 2020<\/h4>\n\n\n\n<p class=\"wp-block-paragraph\">La Uni\u00f3 Llauradora informa que l&#8217;any 2023 conclou amb una nova p\u00e8rdua de superf\u00edcie cultivada en la Comunitat Valenciana de quasi 2.000 hect\u00e0rees respecte a 2022, que s&#8217;eleva a m\u00e9s de 16.000 hect\u00e0rees si se sumen els \u00faltims quatre anys, just des de la data d&#8217;inici de la pand\u00e8mia. La informaci\u00f3 est\u00e0 elaborada amb les dades de l&#8217;Enquesta de Superf\u00edcies i Rendiments dels Cultius (ESYRCE).<\/p>\n\n\n\n<p class=\"wp-block-paragraph\">La p\u00e8rdua de superf\u00edcie cultivada en 2023 \u00e9s de 1.953 hect\u00e0rees. Destaca el descens dels cultius herbacis amb els cereals de gra al capdavant (-3.802 hect\u00e0rees) i farratgeres (-1.905 hect\u00e0rees), mentre que va augmentar en lleguminoses de gra (+2.017 hect\u00e0rees), hortalisses i flors (+570 hect\u00e0rees) i cultius industrials (+265 hect\u00e0rees). Eixe increment de les lleguminoses de gra ve motivat perqu\u00e8 la nova PAC impulsa el seu cultiu a trav\u00e9s de la condicionalitat refor\u00e7ada, ecoreg\u00edmenes i ajuda associada a la producci\u00f3 de cultius proteics i per tant part de la baixada del cereal ha anat a l&#8217;augment d&#8217;aquest cultiu.<\/p>\n\n\n\n<p class=\"wp-block-paragraph\">D&#8217;altra banda, la superf\u00edcie de cultius llenyosos va decr\u00e9ixer (-1.042 hect\u00e0rees) pel fet que els descensos en c\u00edtrics (-1.737 hect\u00e0rees), vinya (-921 hect\u00e0rees) i altres terres de cultiu (-686 hect\u00e0rees) van ser majors que els augments dels altres cultius. Els c\u00edtrics i els fruiters s\u00f3n els cultius que m\u00e9s superf\u00edcie ocupen en el territori valenci\u00e0, en significar entre els dos grups pr\u00e0cticament la meitat del total de terres de cultiu (49,4%). Hi ha 154.157 hect\u00e0rees cultivades de c\u00edtrics en la Comunitat Valenciana i 152.983 has de fruiteres no c\u00edtrics.<\/p>\n\n\n\n<p class=\"wp-block-paragraph\">Si es comparen les dades durant els \u00faltims quatre anys, la xifra de p\u00e8rdua de superf\u00edcie cultivada \u00e9s de 16.030 hect\u00e0rees. De c\u00edtrics s&#8217;han deixat de cultivar 6.199 hect\u00e0rees. 4.494 de cereals, 2.708 de vinya, 2.143 de fruiteres no c\u00edtrics, 2.024 d&#8217;hortalisses i flor, 1.308 de farratge i 926 d&#8217;olivar.<\/p>\n\n\n\n<p class=\"wp-block-paragraph\">La superf\u00edcie total cultivada en la Comunitat Valenciana \u00e9s de 622.144 has. Si se suma la cultivada i no cultivada (forestal, prat i pasturatges i altres superf\u00edcies, on s&#8217;inclouen les terres ermes), es mant\u00e9 estable en les 2.326.000 hect\u00e0rees dels \u00faltims anys.<\/p>\n\n\n\n<p class=\"wp-block-paragraph\">La negativa del Govern de la Generalitat del PP-Vox a aprovar les esmenes proposades per La Uni\u00f3 als pressupostos agraris de 2024 \u00e9s un nou fre a la &#8220;sagnia de p\u00e8rdua de superf\u00edcie cultivada en el territori valenci\u00e0&#8221;. Les propostes, que buscaven assignar fons significatius a pol\u00edtiques directes de suport a llauradors i ramaders, van ser rebutjades, deixant desprotegits a milers de productors en la Comunitat Valenciana.<\/p>\n\n\n\n<p class=\"wp-block-paragraph\">L&#8217;organitzaci\u00f3 proposava modificacions en els pressupostos de la Conselleria d&#8217;Agricultura, Ramaderia i Pesca per valor de nom\u00e9s 9,9 milions d&#8217;euros per a destinar recursos a mesures socioecon\u00f2miques que beneficiarien a les persones llauradores i ramaderes en un moment desafiador, marcat pels efectes de la sequera, el conflicte a Ucra\u00efna i la creixent pressi\u00f3 dels costos de producci\u00f3.<\/p>\n\n\n\n<p class=\"wp-block-paragraph\">Carles Peris, secretari general de La Uni\u00f3, indica que \u201caquesta nova p\u00e8rdua de terrenys de cultiu, unida a la dels \u00faltims anys, posa de manifest que cal adoptar pol\u00edtiques en clau auton\u00f2mica per a evitar aquesta situaci\u00f3 i ajudar a mantindre&#8217;s en les seues explotacions als llauradors i ramaders professionals. Mimetitzar les pol\u00edtiques estatals i europees sense fer res m\u00e9s amb pressupost propi de la Conselleria d&#8217;Agricultura \u00e9s deixar morir al malalt\u201d.<\/p>\n\n\n\n<p class=\"wp-block-paragraph\"><\/p>\n","protected":false},"excerpt":{"rendered":"<div class=\"mh-excerpt\">Les propostes de La Uni\u00f3 per a esmenar els pressupostos agraris, rebutjades pel Govern del PP-VOX, pretenien frenar eixa sagnia de p\u00e8rdua de cultiu i mantindre una agricultura professionalitzada La p\u00e8rdua de cultiu en c\u00edtrics <a class=\"mh-excerpt-more\" href=\"https:\/\/tucomarca.whitekongsoftware.com\/ca\/la-unio-lamenta-la-perdua-de-quasi-2-000-hectarees-cultivades-en-la-comunitat-valenciana-durant-2023-i-de-mes-de-16-000-en-els-ultims-quatre-anys\/\" title=\"La Uni\u00f3 lamenta la p\u00e8rdua de quasi 2.000 hect\u00e0rees cultivades en la Comunitat Valenciana durant 2023 i de m\u00e9s de 16.000 en els \u00faltims quatre anys\">[+] <\/a><\/div>\n","protected":false},"author":12,"featured_media":177050,"comment_status":"open","ping_status":"open","sticky":false,"template":"","format":"standard","meta":{"footnotes":""},"categories":[10905,10898,10948,10894,10903,10947,10896],"tags":[10914,18022],"class_list":["post-206106","post","type-post","status-publish","format-standard","has-post-thumbnail","category-agricultura-la-comarca-ca","category-ventana-ca","category-infraestructuras-ca","category-la-comarca-ca","category-medio-ambiente-la-comarca-ca","category-politica","category-seccion-ca","tag-la-hoya-de-bunol-chiva-ca","tag-la-unio-llauradora-ca"],"_links":{"self":[{"href":"https:\/\/tucomarca.whitekongsoftware.com\/ca\/wp-json\/wp\/v2\/posts\/206106","targetHints":{"allow":["GET"]}}],"collection":[{"href":"https:\/\/tucomarca.whitekongsoftware.com\/ca\/wp-json\/wp\/v2\/posts"}],"about":[{"href":"https:\/\/tucomarca.whitekongsoftware.com\/ca\/wp-json\/wp\/v2\/types\/post"}],"author":[{"embeddable":true,"href":"https:\/\/tucomarca.whitekongsoftware.com\/ca\/wp-json\/wp\/v2\/users\/12"}],"replies":[{"embeddable":true,"href":"https:\/\/tucomarca.whitekongsoftware.com\/ca\/wp-json\/wp\/v2\/comments?post=206106"}],"version-history":[{"count":0,"href":"https:\/\/tucomarca.whitekongsoftware.com\/ca\/wp-json\/wp\/v2\/posts\/206106\/revisions"}],"wp:featuredmedia":[{"embeddable":true,"href":"https:\/\/tucomarca.whitekongsoftware.com\/ca\/wp-json\/wp\/v2\/media\/177050"}],"wp:attachment":[{"href":"https:\/\/tucomarca.whitekongsoftware.com\/ca\/wp-json\/wp\/v2\/media?parent=206106"}],"wp:term":[{"taxonomy":"category","embeddable":true,"href":"https:\/\/tucomarca.whitekongsoftware.com\/ca\/wp-json\/wp\/v2\/categories?post=206106"},{"taxonomy":"post_tag","embeddable":true,"href":"https:\/\/tucomarca.whitekongsoftware.com\/ca\/wp-json\/wp\/v2\/tags?post=206106"}],"curies":[{"name":"wp","href":"https:\/\/api.w.org\/{rel}","templated":true}]}}