{"id":206065,"date":"2023-12-31T13:00:00","date_gmt":"2023-12-31T12:00:00","guid":{"rendered":"https:\/\/www.tucomarca.com\/wordpress\/segunda\/?p=206065"},"modified":"2024-01-02T14:47:56","modified_gmt":"2024-01-02T13:47:56","slug":"la-guardia-civil-evita-dos-graves-siniestros-viales-al-interceptar-a-dos-conductores-octogenarios-que-circulaban-en-sentido-contrario-por-la-a-3","status":"publish","type":"post","link":"https:\/\/tucomarca.whitekongsoftware.com\/ca\/la-guardia-civil-evita-dos-graves-siniestros-viales-al-interceptar-a-dos-conductores-octogenarios-que-circulaban-en-sentido-contrario-por-la-a-3\/","title":{"rendered":"La Gu\u00e0rdia Civil evita dos greus sinistres vials en interceptar a dos conductors octogenaris que circulaven en sentit contrari per la A-3"},"content":{"rendered":"\n<h3 class=\"wp-block-heading\">Afortunadament no es va arribar a produir col\u00b7lisi\u00f3 amb altres usuaris de la via.\u00a0<br>Cap dels dos conductors va llan\u00e7ar un resultat positiu en les proves d&#8217;alcohol o drogues.<\/h3>\n\n\n\n<p class=\"wp-block-paragraph\">Sobre les 15,00 hores del passat dijous 14 de desembre, es van rebre diversos avisos de circulaci\u00f3 d&#8217;un vehicle en sentit contrari a l&#8217;altura del quil\u00f2metre 279, de l&#8217;autovia A-3, en direcci\u00f3 a Val\u00e8ncia, circulant pels carrils sentit cap a Madrid.\u00a0<\/p>\n\n\n\n<p class=\"wp-block-paragraph\">Immediatament per efectius del Subsector de Tr\u00e0nsit de la Gu\u00e0rdia Civil de Val\u00e8ncia, concretament del Destacament de Requena, es va establir un dispositiu per a localitzar al vehicle, sent interceptat tan sols dos quil\u00f2metres despr\u00e9s, a l&#8217;altura de Sant Antoni de Requena, evitant amb aix\u00f2 un fatal desenlla\u00e7.<br>El conductor, un home de 81 anys d&#8217;edat, va ser investigat per un delicte contra la seguretat vi\u00e0ria, per conducci\u00f3 temer\u00e0ria.<\/p>\n\n\n\n<p class=\"wp-block-paragraph\">El dia 18 de desembre de 2023, sobre les 4.30 hores de la matinada, es va rebre av\u00eds a trav\u00e9s del 112, de l&#8217;exist\u00e8ncia d&#8217;un altre vehicle circulant en sentit contrari a l&#8217;altura del quil\u00f2metre 285, de l&#8217;autovia A-3, que circulava aquesta vegada en direcci\u00f3 a Madrid pels carrils en sentit a Val\u00e8ncia.<br>De nou, es va establir immediat dispositiu per la Central COTA del Subsector de Tr\u00e0nsit de Val\u00e8ncia, sent localitzat i interceptat, per una patrulla del Lloc Principal de Requena, sense que arribara a produir-se cap col\u00b7lisi\u00f3.<\/p>\n\n\n\n<p class=\"wp-block-paragraph\">El conductor en aquest cas, va ser un home de 89 anys d&#8217;edat, que ha sigut investigat per un delicte contra la seguretat vi\u00e0ria, per conducci\u00f3 temer\u00e0ria.<br>Aquest tipus de delictes pot comportar penes de pres\u00f3 de fins a dos anys i privaci\u00f3 del dret a conduir fins a sis.<\/p>\n","protected":false},"excerpt":{"rendered":"<div class=\"mh-excerpt\">Afortunadament no es va arribar a produir col\u00b7lisi\u00f3 amb altres usuaris de la via.\u00a0Cap dels dos conductors va llan\u00e7ar un resultat positiu en les proves d&#8217;alcohol o drogues. Sobre les 15,00 hores del passat dijous <a class=\"mh-excerpt-more\" href=\"https:\/\/tucomarca.whitekongsoftware.com\/ca\/la-guardia-civil-evita-dos-graves-siniestros-viales-al-interceptar-a-dos-conductores-octogenarios-que-circulaban-en-sentido-contrario-por-la-a-3\/\" title=\"La Gu\u00e0rdia Civil evita dos greus sinistres vials en interceptar a dos conductors octogenaris que circulaven en sentit contrari per la A-3\">[+] <\/a><\/div>\n","protected":false},"author":1,"featured_media":82026,"comment_status":"open","ping_status":"open","sticky":false,"template":"","format":"standard","meta":{"footnotes":""},"categories":[10898,10948,10894,10904,10908,10909,10896,10897],"tags":[11118,10914,10910],"class_list":["post-206065","post","type-post","status-publish","format-standard","has-post-thumbnail","category-ventana-ca","category-infraestructuras-ca","category-la-comarca-ca","category-sin-categorizar-ca","category-requena-ca","category-requena-utiel-ca","category-seccion-ca","category-sucesos-la-comarca-ca","tag-guardia-civil-ca","tag-la-hoya-de-bunol-chiva-ca","tag-requena-utiel-ca"],"_links":{"self":[{"href":"https:\/\/tucomarca.whitekongsoftware.com\/ca\/wp-json\/wp\/v2\/posts\/206065","targetHints":{"allow":["GET"]}}],"collection":[{"href":"https:\/\/tucomarca.whitekongsoftware.com\/ca\/wp-json\/wp\/v2\/posts"}],"about":[{"href":"https:\/\/tucomarca.whitekongsoftware.com\/ca\/wp-json\/wp\/v2\/types\/post"}],"author":[{"embeddable":true,"href":"https:\/\/tucomarca.whitekongsoftware.com\/ca\/wp-json\/wp\/v2\/users\/1"}],"replies":[{"embeddable":true,"href":"https:\/\/tucomarca.whitekongsoftware.com\/ca\/wp-json\/wp\/v2\/comments?post=206065"}],"version-history":[{"count":0,"href":"https:\/\/tucomarca.whitekongsoftware.com\/ca\/wp-json\/wp\/v2\/posts\/206065\/revisions"}],"wp:featuredmedia":[{"embeddable":true,"href":"https:\/\/tucomarca.whitekongsoftware.com\/ca\/wp-json\/wp\/v2\/media\/82026"}],"wp:attachment":[{"href":"https:\/\/tucomarca.whitekongsoftware.com\/ca\/wp-json\/wp\/v2\/media?parent=206065"}],"wp:term":[{"taxonomy":"category","embeddable":true,"href":"https:\/\/tucomarca.whitekongsoftware.com\/ca\/wp-json\/wp\/v2\/categories?post=206065"},{"taxonomy":"post_tag","embeddable":true,"href":"https:\/\/tucomarca.whitekongsoftware.com\/ca\/wp-json\/wp\/v2\/tags?post=206065"}],"curies":[{"name":"wp","href":"https:\/\/api.w.org\/{rel}","templated":true}]}}