{"id":206064,"date":"2024-01-02T10:00:00","date_gmt":"2024-01-02T09:00:00","guid":{"rendered":"https:\/\/www.tucomarca.com\/wordpress\/segunda\/?p=206064"},"modified":"2024-01-02T14:54:16","modified_gmt":"2024-01-02T13:54:16","slug":"fotogaleria-bunyol-gaudeix-de-la-seua-primera-fira-de-nadal-en-el-passeig-de-sant-lluis","status":"publish","type":"post","link":"https:\/\/tucomarca.whitekongsoftware.com\/ca\/fotogaleria-bunyol-gaudeix-de-la-seua-primera-fira-de-nadal-en-el-passeig-de-sant-lluis\/","title":{"rendered":"Fotogaler\u00eda: Bunyol gaudeix de la seua Primera Fira de Nadal en el Passeig de Sant Llu\u00eds"},"content":{"rendered":"\n<p class=\"wp-block-paragraph\">Bunyol gaudeix de la seua Primera Fira de Nadal en el Passeig de Sant Llu\u00eds, una fira que acompanyar\u00e0 als visitants fins al pr\u00f2xim 6 de gener, dia de Reis.<\/p>\n\n\n\n<p class=\"wp-block-paragraph\">Aquesta iniciativa municipal compta amb la col\u00b7laboraci\u00f3 de l&#8217;Associaci\u00f3 de Comerciants de la localitat i amb Turisme Comunitat Valenciana.<\/p>\n\n\n\n<p class=\"wp-block-paragraph\">Despr\u00e9s dels primers dies de Nadal, les activitats previstes per a aquesta setmana s\u00f3n:<\/p>\n\n\n\n<p class=\"wp-block-paragraph\"><strong>Dimarts 2 de gener \u2013 12,00 hores<\/strong><\/p>\n\n\n\n<p class=\"wp-block-paragraph\">Taller crea el teu rei mag i adhesius&nbsp;Plaza 5 de Mar\u00e7<\/p>\n\n\n\n<p class=\"wp-block-paragraph\"><strong>Dimecres 3 de gener \u2013 18,00 hores<\/strong><\/p>\n\n\n\n<p class=\"wp-block-paragraph\">Taller careta de rei mag + decoraci\u00f3 de plats&nbsp;Passeig de Sant Llu\u00eds<\/p>\n\n\n\n<p class=\"wp-block-paragraph\"><strong>Dijous 4 de gener \u2013 18,00 hores<\/strong><\/p>\n\n\n\n<p class=\"wp-block-paragraph\">Tapet real i plats per als reis&nbsp;Passeig de Sant Llu\u00eds<\/p>\n\n\n\n<p class=\"wp-block-paragraph\"><strong>Divendres 5 de gener \u2013 18,00 hores<\/strong><\/p>\n\n\n\n<p class=\"wp-block-paragraph\">Cavalcada dels Reis Mags&nbsp;Paseo de Sant Llu\u00eds<\/p>\n\n\n\n<figure class=\"wp-block-gallery has-nested-images columns-1 is-cropped wp-block-gallery-1 is-layout-flex wp-block-gallery-is-layout-flex\">\n<figure class=\"wp-block-image size-large\"><img loading=\"lazy\" decoding=\"async\" width=\"2048\" height=\"1152\" data-id=\"206059\" src=\"http:\/\/www.tucomarca.com\/wordpress\/segunda\/wp-content\/uploads\/2024\/01\/IFeriaNavidad08.jpg\" alt=\"\" class=\"wp-image-206059\" srcset=\"https:\/\/tucomarca.whitekongsoftware.com\/wp-content\/uploads\/2024\/01\/IFeriaNavidad08.jpg 2048w, https:\/\/tucomarca.whitekongsoftware.com\/wp-content\/uploads\/2024\/01\/IFeriaNavidad08-300x169.jpg 300w, https:\/\/tucomarca.whitekongsoftware.com\/wp-content\/uploads\/2024\/01\/IFeriaNavidad08-1024x576.jpg 1024w, https:\/\/tucomarca.whitekongsoftware.com\/wp-content\/uploads\/2024\/01\/IFeriaNavidad08-768x432.jpg 768w, https:\/\/tucomarca.whitekongsoftware.com\/wp-content\/uploads\/2024\/01\/IFeriaNavidad08-1536x864.jpg 1536w, https:\/\/tucomarca.whitekongsoftware.com\/wp-content\/uploads\/2024\/01\/IFeriaNavidad08-678x381.jpg 678w\" sizes=\"auto, (max-width: 2048px) 100vw, 2048px\" \/><\/figure>\n\n\n\n<figure class=\"wp-block-image size-large\"><img loading=\"lazy\" decoding=\"async\" width=\"2048\" height=\"1152\" data-id=\"206055\" src=\"http:\/\/www.tucomarca.com\/wordpress\/segunda\/wp-content\/uploads\/2024\/01\/IFeriaNavidad06.jpg\" alt=\"\" class=\"wp-image-206055\" srcset=\"https:\/\/tucomarca.whitekongsoftware.com\/wp-content\/uploads\/2024\/01\/IFeriaNavidad06.jpg 2048w, https:\/\/tucomarca.whitekongsoftware.com\/wp-content\/uploads\/2024\/01\/IFeriaNavidad06-300x169.jpg 300w, https:\/\/tucomarca.whitekongsoftware.com\/wp-content\/uploads\/2024\/01\/IFeriaNavidad06-1024x576.jpg 1024w, https:\/\/tucomarca.whitekongsoftware.com\/wp-content\/uploads\/2024\/01\/IFeriaNavidad06-768x432.jpg 768w, https:\/\/tucomarca.whitekongsoftware.com\/wp-content\/uploads\/2024\/01\/IFeriaNavidad06-1536x864.jpg 1536w, https:\/\/tucomarca.whitekongsoftware.com\/wp-content\/uploads\/2024\/01\/IFeriaNavidad06-678x381.jpg 678w\" sizes=\"auto, (max-width: 2048px) 100vw, 2048px\" \/><\/figure>\n\n\n\n<figure class=\"wp-block-image size-large\"><img loading=\"lazy\" decoding=\"async\" width=\"2048\" height=\"1152\" data-id=\"206053\" src=\"http:\/\/www.tucomarca.com\/wordpress\/segunda\/wp-content\/uploads\/2024\/01\/IFeriaNavidad05.jpg\" alt=\"\" class=\"wp-image-206053\" srcset=\"https:\/\/tucomarca.whitekongsoftware.com\/wp-content\/uploads\/2024\/01\/IFeriaNavidad05.jpg 2048w, https:\/\/tucomarca.whitekongsoftware.com\/wp-content\/uploads\/2024\/01\/IFeriaNavidad05-300x169.jpg 300w, https:\/\/tucomarca.whitekongsoftware.com\/wp-content\/uploads\/2024\/01\/IFeriaNavidad05-1024x576.jpg 1024w, https:\/\/tucomarca.whitekongsoftware.com\/wp-content\/uploads\/2024\/01\/IFeriaNavidad05-768x432.jpg 768w, https:\/\/tucomarca.whitekongsoftware.com\/wp-content\/uploads\/2024\/01\/IFeriaNavidad05-1536x864.jpg 1536w, https:\/\/tucomarca.whitekongsoftware.com\/wp-content\/uploads\/2024\/01\/IFeriaNavidad05-678x381.jpg 678w\" sizes=\"auto, (max-width: 2048px) 100vw, 2048px\" \/><\/figure>\n\n\n\n<figure class=\"wp-block-image size-large\"><img loading=\"lazy\" decoding=\"async\" width=\"2048\" height=\"1152\" data-id=\"206051\" src=\"http:\/\/www.tucomarca.com\/wordpress\/segunda\/wp-content\/uploads\/2024\/01\/IFeriaNavidad04.jpg\" alt=\"\" class=\"wp-image-206051\" srcset=\"https:\/\/tucomarca.whitekongsoftware.com\/wp-content\/uploads\/2024\/01\/IFeriaNavidad04.jpg 2048w, https:\/\/tucomarca.whitekongsoftware.com\/wp-content\/uploads\/2024\/01\/IFeriaNavidad04-300x169.jpg 300w, https:\/\/tucomarca.whitekongsoftware.com\/wp-content\/uploads\/2024\/01\/IFeriaNavidad04-1024x576.jpg 1024w, https:\/\/tucomarca.whitekongsoftware.com\/wp-content\/uploads\/2024\/01\/IFeriaNavidad04-768x432.jpg 768w, https:\/\/tucomarca.whitekongsoftware.com\/wp-content\/uploads\/2024\/01\/IFeriaNavidad04-1536x864.jpg 1536w, https:\/\/tucomarca.whitekongsoftware.com\/wp-content\/uploads\/2024\/01\/IFeriaNavidad04-678x381.jpg 678w\" sizes=\"auto, (max-width: 2048px) 100vw, 2048px\" \/><\/figure>\n\n\n\n<figure class=\"wp-block-image size-large\"><img loading=\"lazy\" decoding=\"async\" width=\"2048\" height=\"1152\" data-id=\"206049\" src=\"http:\/\/www.tucomarca.com\/wordpress\/segunda\/wp-content\/uploads\/2024\/01\/IFeriaNavidad03.jpg\" alt=\"\" class=\"wp-image-206049\" srcset=\"https:\/\/tucomarca.whitekongsoftware.com\/wp-content\/uploads\/2024\/01\/IFeriaNavidad03.jpg 2048w, https:\/\/tucomarca.whitekongsoftware.com\/wp-content\/uploads\/2024\/01\/IFeriaNavidad03-300x169.jpg 300w, https:\/\/tucomarca.whitekongsoftware.com\/wp-content\/uploads\/2024\/01\/IFeriaNavidad03-1024x576.jpg 1024w, https:\/\/tucomarca.whitekongsoftware.com\/wp-content\/uploads\/2024\/01\/IFeriaNavidad03-768x432.jpg 768w, https:\/\/tucomarca.whitekongsoftware.com\/wp-content\/uploads\/2024\/01\/IFeriaNavidad03-1536x864.jpg 1536w, https:\/\/tucomarca.whitekongsoftware.com\/wp-content\/uploads\/2024\/01\/IFeriaNavidad03-678x381.jpg 678w\" sizes=\"auto, (max-width: 2048px) 100vw, 2048px\" \/><\/figure>\n\n\n\n<figure class=\"wp-block-image size-large\"><img loading=\"lazy\" decoding=\"async\" width=\"2048\" height=\"1152\" data-id=\"206045\" src=\"http:\/\/www.tucomarca.com\/wordpress\/segunda\/wp-content\/uploads\/2024\/01\/IFeriaNavidad01.jpg\" alt=\"\" class=\"wp-image-206045\" srcset=\"https:\/\/tucomarca.whitekongsoftware.com\/wp-content\/uploads\/2024\/01\/IFeriaNavidad01.jpg 2048w, https:\/\/tucomarca.whitekongsoftware.com\/wp-content\/uploads\/2024\/01\/IFeriaNavidad01-300x169.jpg 300w, https:\/\/tucomarca.whitekongsoftware.com\/wp-content\/uploads\/2024\/01\/IFeriaNavidad01-1024x576.jpg 1024w, https:\/\/tucomarca.whitekongsoftware.com\/wp-content\/uploads\/2024\/01\/IFeriaNavidad01-768x432.jpg 768w, https:\/\/tucomarca.whitekongsoftware.com\/wp-content\/uploads\/2024\/01\/IFeriaNavidad01-1536x864.jpg 1536w, https:\/\/tucomarca.whitekongsoftware.com\/wp-content\/uploads\/2024\/01\/IFeriaNavidad01-678x381.jpg 678w\" sizes=\"auto, (max-width: 2048px) 100vw, 2048px\" \/><\/figure>\n\n\n\n<figure class=\"wp-block-image size-large\"><img loading=\"lazy\" decoding=\"async\" width=\"2048\" height=\"1152\" data-id=\"206047\" src=\"http:\/\/www.tucomarca.com\/wordpress\/segunda\/wp-content\/uploads\/2024\/01\/IFeriaNavidad02.jpg\" alt=\"\" class=\"wp-image-206047\" srcset=\"https:\/\/tucomarca.whitekongsoftware.com\/wp-content\/uploads\/2024\/01\/IFeriaNavidad02.jpg 2048w, https:\/\/tucomarca.whitekongsoftware.com\/wp-content\/uploads\/2024\/01\/IFeriaNavidad02-300x169.jpg 300w, https:\/\/tucomarca.whitekongsoftware.com\/wp-content\/uploads\/2024\/01\/IFeriaNavidad02-1024x576.jpg 1024w, https:\/\/tucomarca.whitekongsoftware.com\/wp-content\/uploads\/2024\/01\/IFeriaNavidad02-768x432.jpg 768w, https:\/\/tucomarca.whitekongsoftware.com\/wp-content\/uploads\/2024\/01\/IFeriaNavidad02-1536x864.jpg 1536w, https:\/\/tucomarca.whitekongsoftware.com\/wp-content\/uploads\/2024\/01\/IFeriaNavidad02-678x381.jpg 678w\" sizes=\"auto, (max-width: 2048px) 100vw, 2048px\" \/><\/figure>\n<\/figure>\n","protected":false},"excerpt":{"rendered":"<div class=\"mh-excerpt\">Bunyol gaudeix de la seua Primera Fira de Nadal en el Passeig de Sant Llu\u00eds, una fira que acompanyar\u00e0 als visitants fins al pr\u00f2xim 6 de gener, dia de Reis. Aquesta iniciativa municipal compta amb <a class=\"mh-excerpt-more\" href=\"https:\/\/tucomarca.whitekongsoftware.com\/ca\/fotogaleria-bunyol-gaudeix-de-la-seua-primera-fira-de-nadal-en-el-passeig-de-sant-lluis\/\" title=\"Fotogaler\u00eda: Bunyol gaudeix de la seua Primera Fira de Nadal en el Passeig de Sant Llu\u00eds\">[+] <\/a><\/div>\n","protected":false},"author":12,"featured_media":206058,"comment_status":"open","ping_status":"open","sticky":false,"template":"","format":"gallery","meta":{"footnotes":""},"categories":[11019,10911,10894,10912,11007,10896],"tags":[10913,10914],"class_list":["post-206064","post","type-post","status-publish","format-gallery","has-post-thumbnail","category-agenda-ca","category-bunol-ca","category-la-comarca-ca","category-la-hoya-ca","category-ocio-y-cultura-ca","category-seccion-ca","tag-bunol-ca","tag-la-hoya-de-bunol-chiva-ca","post_format-post-format-gallery"],"_links":{"self":[{"href":"https:\/\/tucomarca.whitekongsoftware.com\/ca\/wp-json\/wp\/v2\/posts\/206064","targetHints":{"allow":["GET"]}}],"collection":[{"href":"https:\/\/tucomarca.whitekongsoftware.com\/ca\/wp-json\/wp\/v2\/posts"}],"about":[{"href":"https:\/\/tucomarca.whitekongsoftware.com\/ca\/wp-json\/wp\/v2\/types\/post"}],"author":[{"embeddable":true,"href":"https:\/\/tucomarca.whitekongsoftware.com\/ca\/wp-json\/wp\/v2\/users\/12"}],"replies":[{"embeddable":true,"href":"https:\/\/tucomarca.whitekongsoftware.com\/ca\/wp-json\/wp\/v2\/comments?post=206064"}],"version-history":[{"count":0,"href":"https:\/\/tucomarca.whitekongsoftware.com\/ca\/wp-json\/wp\/v2\/posts\/206064\/revisions"}],"wp:featuredmedia":[{"embeddable":true,"href":"https:\/\/tucomarca.whitekongsoftware.com\/ca\/wp-json\/wp\/v2\/media\/206058"}],"wp:attachment":[{"href":"https:\/\/tucomarca.whitekongsoftware.com\/ca\/wp-json\/wp\/v2\/media?parent=206064"}],"wp:term":[{"taxonomy":"category","embeddable":true,"href":"https:\/\/tucomarca.whitekongsoftware.com\/ca\/wp-json\/wp\/v2\/categories?post=206064"},{"taxonomy":"post_tag","embeddable":true,"href":"https:\/\/tucomarca.whitekongsoftware.com\/ca\/wp-json\/wp\/v2\/tags?post=206064"}],"curies":[{"name":"wp","href":"https:\/\/api.w.org\/{rel}","templated":true}]}}