{"id":206039,"date":"2023-12-31T12:00:00","date_gmt":"2023-12-31T11:00:00","guid":{"rendered":"https:\/\/www.tucomarca.com\/wordpress\/segunda\/?p=206039"},"modified":"2024-01-02T14:29:14","modified_gmt":"2024-01-02T13:29:14","slug":"unides-podem-esquerra-unida-fa-balanc-de-lactualitat-municipal-de-bunyol-al-tancament-de-lany-2023","status":"publish","type":"post","link":"https:\/\/tucomarca.whitekongsoftware.com\/ca\/unides-podem-esquerra-unida-fa-balanc-de-lactualitat-municipal-de-bunyol-al-tancament-de-lany-2023\/","title":{"rendered":"Unides Podem-Esquerra Unida fa balan\u00e7 de l&#8217;actualitat municipal de Bunyol al tancament de l&#8217;any 2023"},"content":{"rendered":"\n<p class=\"wp-block-paragraph\">&#8220;Va arribar desembre, mes per a fer una reflexi\u00f3 de l&#8217;actualitat municipal i sobre el futur que desitgem per a la nostra poblaci\u00f3. El 2023 ens va portar un canvi en el govern municipal. De moment aquest canvi li est\u00e0 costant bastant car a la partida d&#8217;educaci\u00f3, primer la van disminuir en 6.000 \u20ac i ara en altres 14.000 \u20ac&#8221;, han assegurat des d&#8217;Esquerra Unida en el balan\u00e7 municipal que han fet al tancament d&#8217;aquest 2023.<\/p>\n\n\n\n<p class=\"wp-block-paragraph\">&#8220;Tenim clar que practiquen el pa, vi i circ, ens entretenen amb fires fastuoses per\u00f2 ens lleven diners de les partides m\u00e9s important, l&#8217;Educaci\u00f3, essencial per a continuar sent un poble progressista i lliure, i perqu\u00e8 els nostres joves tinga un millor futur. Una altra cosa que ens ha portat el canvi \u00e9s incongru\u00e8ncia, celebrem la setmana de la inf\u00e0ncia, ens sembla estupend, sempre que mentre no es buide per a coses sup\u00e8rflues la partida d&#8217;educaci\u00f3&#8221;, afigen des d&#8217;Unides Podem-Esquerra Unida.<\/p>\n\n\n\n<p class=\"wp-block-paragraph\">&#8220;Mancant uns dies perqu\u00e8 acabe l&#8217;any, a Espanya s&#8217;han com\u00e9s 99 feminicidis, uns dels pitjors anys des que es registren els casos. I el canvi de Bunyol ha significat que desapareguen les Regidories de Serveis Socials i la d&#8217;Igualtat. I com bu\u00f1oleros hem de lamentar que el 25N des de la nostra instituci\u00f3 local no es fera cap acte commemoratiu. La viol\u00e8ncia de g\u00e8nere no \u00e9s un problema intrafamiliar, \u00e9s una xacra social. I aix\u00f2 des de la nostra agrupaci\u00f3 va ser sempre una de les nostres prioritats, donarem suport a qualsevol acte en el qual se de veu als col\u00b7lectius afectats per aquesta viol\u00e8ncia i discriminaci\u00f3&#8221;.<\/p>\n\n\n\n<p class=\"wp-block-paragraph\">&#8220;Les not\u00edcies mediambientals que tanquen enguany cada vegada s\u00f3n m\u00e9s descoratjadores. A nivell de la Comunitat s&#8217;ha aprovat l&#8217;ampliaci\u00f3 del port de Val\u00e8ncia el que \u00e9s una condemna per a la nostra Albufera i ja s&#8217;est\u00e0 anunciant des del govern de Val\u00e8ncia una nova normativa per a agilitzar m\u00e9s les autoritzacions de les macro planta fotovoltaiques i parcs e\u00f2lics, govern de PP i Vox. El que en termes municipal es tradueix en zero comprom\u00eds del Govern en la defensa del nostre territori i del nostre ecosistema. Recordem que en l&#8217;\u00faltim ple es van rebutjar tant la moci\u00f3 que demanava impulsar el projecte de Senda, un model d&#8217;energia renovable social i purament benefici per a Bunyol i els seus habitants, per\u00f2 a m\u00e9s , es rebutge la moci\u00f3 presentada per la Plataforma de Salvemos Farraj\u00f3n, ja sabem pel model que aposta el nou govern, un model purament especulatiu que ataca els interessos dels pobles de l&#8217;interior&#8221;.<\/p>\n\n\n\n<p class=\"wp-block-paragraph\">Des de l&#8217;agrupaci\u00f3 Unides Podem-Esquerra Unida &#8220;no permetem que se&#8217;ns intente responsabilitzar des del govern de PP-X Bunyol que no s&#8217;haja aprovat la moci\u00f3, perqu\u00e8 el NO en la votaci\u00f3 no va eixir de cap del nostre dos regidors, molt per en contra des de les nostres agrupacions sempre emotiu vots en suport a les propostes d&#8217;aquesta plataforma. Ni tampoc permetrem que s&#8217;excusen a donar llic\u00e8ncia a projectes de plantes fotovoltaiques en Farraj\u00f3n utilitzant l&#8217;argument que l&#8217;anterior govern va concedir el perm\u00eds. Perqu\u00e8 aix\u00f2 \u00e9s faltar molt greument a la veritat, l&#8217;anterior Govern, on EU ostentava la compet\u00e8ncia d&#8217;urbanisme, va ser el que va suspendre la llic\u00e8ncies a aquests projecte, va al\u00b7legar dins del termini i en la forma corresponent i a m\u00e9s va posar en marxa la modificaci\u00f3 de la Normes Subsidiaries. Que PP i X Bunyol expliquen al poble perqu\u00e8 encara no hi ha un esborrany de les Normes Subsidiaries, perqu\u00e8 van votar en contra de mantindre eixa suspensi\u00f3 de llic\u00e8ncies, per qu\u00e8 es presente un recurs de reposici\u00f3 en vegada el d&#8217;al\u00e7ada i per qu\u00e8 sospitosament en l&#8217;ultime esborrany dels pressupostos hi ha un augment d&#8217;aproximadament 120.000,00 \u20ac en la partida de llic\u00e8ncies urban\u00edstiques. Des d&#8217;ac\u00ed sol\u00b7licitem i requerim al Govern i a l&#8217;Alcaldessa, que tant invoca a la veritat, que deixe de vendre fum, deixe d&#8217;ocultar dades als regidors de l&#8217;oposici\u00f3 per\u00f2 sobretot que siga clar amb els ciutadans i que assumisquen compromisos reals i on s&#8217;han d&#8217;adoptar que \u00e9s en el Ple&#8221;.<\/p>\n\n\n\n<p class=\"wp-block-paragraph\">&#8220;Tenim treball per a 2024, el primer combatre l&#8217;opacitat amb la qual treballa el nou equip de govern, no convoquen els Consells Econ\u00f2mics i quan ho fan els suspenen sense donar raons, la q\u00fcesti\u00f3 \u00e9s guanyar temps per a dur a terme les directrius marcades des de Val\u00e8ncia i potser d&#8217;alguna empresa, entre moltes altres informalitats del govern, perqu\u00e8 si alguna cosa s&#8217;ha de tindre \u00e9s respecte per tots els components del plenari elegits en urnes i no desvalorar el vot em\u00e9s per cap ciutad\u00e0. Per\u00f2 tamb\u00e9 ens tocar\u00e0 estar pendents dels pressupostos, si s&#8217;arriben a presentar, perqu\u00e8 \u00e9s hist\u00f2ric en aquest Ajuntament encara no s&#8217;hagen aprovat, haurien de prendre exemple dels governs dels 40 anys anteriors que arribaven a desembre amb els deures fets. Tamb\u00e9 estarem en alerta perqu\u00e8 la modificaci\u00f3 de les Normes Subsidiaries complisquen amb la seua funci\u00f3, que siguen els bu\u00f1oleros els que decidisquen com ordenar el seu terme municipal, i no que eixa ordenaci\u00f3 vinga dictada per interessos forans i econ\u00f2mics&#8221;.<\/p>\n\n\n\n<p class=\"wp-block-paragraph\">&#8220;La salut ser\u00e0 un dels temes principals de pr\u00f2xim any. 2024 estar\u00e0 marcat per la reversi\u00f3 de l&#8217;Hospital de Manises i d&#8217;una nova distribuci\u00f3 de les \u00e0rees m\u00e8diques. Tema que marcar\u00e0 l&#8217;agenda pol\u00edtica, tant de municipal, comarcal i provincial. Vetlarem perqu\u00e8 la reversi\u00f3 es fa\u00e7a amb totes les garanties i que es respecte la Sanitat P\u00fablica i de Qualitat&#8221;.<\/p>\n\n\n\n<p class=\"wp-block-paragraph\">&#8220;Per descomptat, per a l&#8217;any 2024 demanem pau mundial i que la comunitat internacional condemne de manera contundent i efectiva les atrocitats que est\u00e0 patint el poble palest\u00ed. I des de la nostra agrupaci\u00f3 municipal treballarem perqu\u00e8 eixa pau social es reflectisca en el nostre dia a dia i al nostre poble Bunyol. El grup Municipal Unides Podem- Esquerra Unida els desitja unes Bones festes i un Prospere Any 2024&#8221;, han finalitzat des de l&#8217;agrupaci\u00f3.<\/p>\n","protected":false},"excerpt":{"rendered":"<div class=\"mh-excerpt\">&#8220;Va arribar desembre, mes per a fer una reflexi\u00f3 de l&#8217;actualitat municipal i sobre el futur que desitgem per a la nostra poblaci\u00f3. El 2023 ens va portar un canvi en el govern municipal. De <a class=\"mh-excerpt-more\" href=\"https:\/\/tucomarca.whitekongsoftware.com\/ca\/unides-podem-esquerra-unida-fa-balanc-de-lactualitat-municipal-de-bunyol-al-tancament-de-lany-2023\/\" title=\"Unides Podem-Esquerra Unida fa balan\u00e7 de l&#8217;actualitat municipal de Bunyol al tancament de l&#8217;any 2023\">[+] <\/a><\/div>\n","protected":false},"author":1,"featured_media":185179,"comment_status":"open","ping_status":"open","sticky":false,"template":"","format":"standard","meta":{"footnotes":""},"categories":[10911,10948,10894,10912,10947,10896],"tags":[10913,11592,10914,11593],"class_list":["post-206039","post","type-post","status-publish","format-standard","has-post-thumbnail","category-bunol-ca","category-infraestructuras-ca","category-la-comarca-ca","category-la-hoya-ca","category-politica","category-seccion-ca","tag-bunol-ca","tag-esquerra-unida-ca","tag-la-hoya-de-bunol-chiva-ca","tag-unidas-podemos-ca"],"_links":{"self":[{"href":"https:\/\/tucomarca.whitekongsoftware.com\/ca\/wp-json\/wp\/v2\/posts\/206039","targetHints":{"allow":["GET"]}}],"collection":[{"href":"https:\/\/tucomarca.whitekongsoftware.com\/ca\/wp-json\/wp\/v2\/posts"}],"about":[{"href":"https:\/\/tucomarca.whitekongsoftware.com\/ca\/wp-json\/wp\/v2\/types\/post"}],"author":[{"embeddable":true,"href":"https:\/\/tucomarca.whitekongsoftware.com\/ca\/wp-json\/wp\/v2\/users\/1"}],"replies":[{"embeddable":true,"href":"https:\/\/tucomarca.whitekongsoftware.com\/ca\/wp-json\/wp\/v2\/comments?post=206039"}],"version-history":[{"count":0,"href":"https:\/\/tucomarca.whitekongsoftware.com\/ca\/wp-json\/wp\/v2\/posts\/206039\/revisions"}],"wp:featuredmedia":[{"embeddable":true,"href":"https:\/\/tucomarca.whitekongsoftware.com\/ca\/wp-json\/wp\/v2\/media\/185179"}],"wp:attachment":[{"href":"https:\/\/tucomarca.whitekongsoftware.com\/ca\/wp-json\/wp\/v2\/media?parent=206039"}],"wp:term":[{"taxonomy":"category","embeddable":true,"href":"https:\/\/tucomarca.whitekongsoftware.com\/ca\/wp-json\/wp\/v2\/categories?post=206039"},{"taxonomy":"post_tag","embeddable":true,"href":"https:\/\/tucomarca.whitekongsoftware.com\/ca\/wp-json\/wp\/v2\/tags?post=206039"}],"curies":[{"name":"wp","href":"https:\/\/api.w.org\/{rel}","templated":true}]}}