{"id":205980,"date":"2023-12-29T09:00:00","date_gmt":"2023-12-29T08:00:00","guid":{"rendered":"https:\/\/www.tucomarca.com\/wordpress\/segunda\/?p=205980"},"modified":"2023-12-30T11:52:58","modified_gmt":"2023-12-30T10:52:58","slug":"dema-utiel-celebra-la-festa-de-les-preuvas-en-la-placa-porta-del-sol","status":"publish","type":"post","link":"https:\/\/tucomarca.whitekongsoftware.com\/ca\/dema-utiel-celebra-la-festa-de-les-preuvas-en-la-placa-porta-del-sol\/","title":{"rendered":"Dem\u00e0 Utiel celebra la festa de les Pre\u00favas en la Pla\u00e7a Porta del Sol"},"content":{"rendered":"\n<h4 class=\"wp-block-heading\">A les 12 hores se simular\u00e0 el comiat de l&#8217;any amb les tradicionals campanades i gusanitos de la sort<\/h4>\n\n\n\n<p class=\"wp-block-paragraph\">L&#8217;Ajuntament d&#8217;Utiel ha organitzat dins de la seua programaci\u00f3 d&#8217;Utiel per Nadal un esdeveniment especial per a acomiadar l&#8217;any en fam\u00edlia. Per primera vegada, la Pla\u00e7a Porta del Sol es convertir\u00e0 en escenari per a les campanades de cap d&#8217;any de forma anticipada amb les Pre\u00davas de Ma\u00f1anaVieja que se celebraran dem\u00e0 dissabte 30 de desembre a les 12 hores.<br>Campanades amb Gusanitos de la Sort<br>El tradicional ra\u00efm de la sort se substituiran per gusanitos per a compartir en fam\u00edlia un dels moments m\u00e9s emotius de l&#8217;any. Un mat\u00ed especial per a gaudir de l&#8217;ambient nadalenc amb m\u00fasica i animaci\u00f3 que continuar\u00e0 amb sessi\u00f3 de tardeo de 16 a 19 hores.<br>L&#8217;Ajuntament d&#8217;Utiel anima a tota la ciutadania a sumar-se a aquesta divertida iniciativa per a compartir en un ambient festiu les \u00faltimes hores de l&#8217;any 2023.<\/p>\n\n\n\n<p class=\"wp-block-paragraph\">Comiat de l&#8217;any amb esdeveniments culturals per a tots els p\u00fablics<\/p>\n\n\n\n<p class=\"wp-block-paragraph\">A m\u00e9s, l&#8217;\u00faltim cap de setmana de l&#8217;any ve carregat de destacades cites culturals.<br>Aquesta vesprada a les 18 hores en el Teatre Rambal,els m\u00e9s xicotets gaudiran amb el Cantajuegos Nadalenc, el tribut musical del Grup Cosquitas i el seu original espectacle \u201cA divertir-se per Nadal\u201d.<\/p>\n\n\n\n<p class=\"wp-block-paragraph\">El dissabte a la vesprada, a les 19.30 hores, en el Teatre Rambal, Concert de cap d&#8217;any de l&#8217;Associaci\u00f3 M\u00fasic Cultural Ciutat d&#8217;Utiel sota la direcci\u00f3 de Miguel Almarche Pons. Una actuaci\u00f3 amb fi solid\u00e0ria ja que la recaptaci\u00f3 de l&#8217;entrada es destinar\u00e0 a l&#8217;Associaci\u00f3 de Familiars de Malalts d&#8217;Alzheimer (AFA Utiel)<\/p>\n\n\n\n<p class=\"wp-block-paragraph\">I com a colof\u00f3 del cap de setmana, a les 23.00 hores, el Teatre Rambal es vestir\u00e0 de gala per a rebre al doble m\u00e9s fidel de Mickael Jackson, Sergio Cort\u00e9s. L&#8217;artista posar\u00e0 en escena l&#8217;estrena de l&#8217;espectacle tribute al Rei del Pop \u201cThe story of Michael Jackson\u201d. Utiel es converteix aix\u00ed en la primera parada que fa a Espanya dins de la seua gira internacional en la qual sorprendr\u00e0 per la seua semblan\u00e7a f\u00edsica i vocal a Michael Jackson i les espectaculars coreografies amb les quals recrea a la perfecci\u00f3 els xous del Rei del Pop.<\/p>\n\n\n\n<p class=\"wp-block-paragraph\"><\/p>\n","protected":false},"excerpt":{"rendered":"<div class=\"mh-excerpt\">A les 12 hores se simular\u00e0 el comiat de l&#8217;any amb les tradicionals campanades i gusanitos de la sort L&#8217;Ajuntament d&#8217;Utiel ha organitzat dins de la seua programaci\u00f3 d&#8217;Utiel per Nadal un esdeveniment especial per <a class=\"mh-excerpt-more\" href=\"https:\/\/tucomarca.whitekongsoftware.com\/ca\/dema-utiel-celebra-la-festa-de-les-preuvas-en-la-placa-porta-del-sol\/\" title=\"Dem\u00e0 Utiel celebra la festa de les Pre\u00favas en la Pla\u00e7a Porta del Sol\">[+] <\/a><\/div>\n","protected":false},"author":12,"featured_media":205979,"comment_status":"open","ping_status":"open","sticky":false,"template":"","format":"standard","meta":{"footnotes":""},"categories":[11019,10894,11007,10909,10896,11059],"tags":[20057,10910,11174],"class_list":["post-205980","post","type-post","status-publish","format-standard","has-post-thumbnail","category-agenda-ca","category-la-comarca-ca","category-ocio-y-cultura-ca","category-requena-utiel-ca","category-seccion-ca","category-utiel-ca","tag-preuvas-ca","tag-requena-utiel-ca","tag-utiel-ca"],"_links":{"self":[{"href":"https:\/\/tucomarca.whitekongsoftware.com\/ca\/wp-json\/wp\/v2\/posts\/205980","targetHints":{"allow":["GET"]}}],"collection":[{"href":"https:\/\/tucomarca.whitekongsoftware.com\/ca\/wp-json\/wp\/v2\/posts"}],"about":[{"href":"https:\/\/tucomarca.whitekongsoftware.com\/ca\/wp-json\/wp\/v2\/types\/post"}],"author":[{"embeddable":true,"href":"https:\/\/tucomarca.whitekongsoftware.com\/ca\/wp-json\/wp\/v2\/users\/12"}],"replies":[{"embeddable":true,"href":"https:\/\/tucomarca.whitekongsoftware.com\/ca\/wp-json\/wp\/v2\/comments?post=205980"}],"version-history":[{"count":0,"href":"https:\/\/tucomarca.whitekongsoftware.com\/ca\/wp-json\/wp\/v2\/posts\/205980\/revisions"}],"wp:featuredmedia":[{"embeddable":true,"href":"https:\/\/tucomarca.whitekongsoftware.com\/ca\/wp-json\/wp\/v2\/media\/205979"}],"wp:attachment":[{"href":"https:\/\/tucomarca.whitekongsoftware.com\/ca\/wp-json\/wp\/v2\/media?parent=205980"}],"wp:term":[{"taxonomy":"category","embeddable":true,"href":"https:\/\/tucomarca.whitekongsoftware.com\/ca\/wp-json\/wp\/v2\/categories?post=205980"},{"taxonomy":"post_tag","embeddable":true,"href":"https:\/\/tucomarca.whitekongsoftware.com\/ca\/wp-json\/wp\/v2\/tags?post=205980"}],"curies":[{"name":"wp","href":"https:\/\/api.w.org\/{rel}","templated":true}]}}