{"id":205962,"date":"2023-12-29T10:18:00","date_gmt":"2023-12-29T09:18:00","guid":{"rendered":"https:\/\/www.tucomarca.com\/wordpress\/segunda\/?p=205962"},"modified":"2023-12-29T13:24:18","modified_gmt":"2023-12-29T12:24:18","slug":"%ef%bf%bclajuntament-de-requena-reforca-el-seu-cos-de-policia-local-amb-la-incorporacio-de-7-nous-agents","status":"publish","type":"post","link":"https:\/\/tucomarca.whitekongsoftware.com\/ca\/%ef%bf%bclajuntament-de-requena-reforca-el-seu-cos-de-policia-local-amb-la-incorporacio-de-7-nous-agents\/","title":{"rendered":"L&#8217;Ajuntament de Requena refor\u00e7a el seu cos de Policia Local amb la incorporaci\u00f3 de 7 nous agents"},"content":{"rendered":"\n<p class=\"wp-block-paragraph\">L&#8217;Ajuntament de Requena ha anunciat la incorporaci\u00f3 de set nous agents a la Policia Local, enfortint aix\u00ed el cos de seguretat en un moment crucial, just en plenes celebracions nadalenques i abans de la celebraci\u00f3 de la culminaci\u00f3 de l&#8217;any, que tindr\u00e0 lloc aquest diumenge, per primera vegada en la hist\u00f2ria, en la Pla\u00e7a de l&#8217;Ajuntament.<br>\u201cAmb el ferm prop\u00f2sit d&#8217;incrementar la seguretat en el nostre municipi, la decisi\u00f3 d&#8217;incorporar aquests nous agents al cos de Policia Local representa un comprom\u00eds evident amb la protecci\u00f3 i benestar dels ciutadans\u201d han destacat des del consistori.<br>L&#8217;alcaldessa de Requena, Roc\u00edo Cort\u00e9s, expressa la seua satisfacci\u00f3: \u201cLa incorporaci\u00f3 d&#8217;aquests set agents de policia arriba en un moment ideal, just abans d&#8217;acomiadar l&#8217;any. Aix\u00f2 refor\u00e7a el nostre comprom\u00eds amb la seguretat dels nostres ciutadans, especialment durant les festivitats de Nadal\u201d.<br>L&#8217;Ajuntament aprofita l&#8217;ocasi\u00f3 \u201cper a felicitar la Policia Local pel treball realitzat en els \u00faltims mesos i agraeix a la Regidoria de Policia per les seues gestions que han donat els seus fruits en aconseguir aquest refor\u00e7 per al cos policial\u201d.<br>\u201cVolem recon\u00e9ixer i agrair l&#8217;ardu treball realitzat per la Policia Local, aix\u00ed com expressar el nostre suport incondicional a tots els professionals que, de l&#8217;una o l&#8217;altra manera, contribueixen a mantindre la seguretat i l&#8217;ordre en el nostre municipi\u201d, va afegir l&#8217;alcaldessa.<br>En aquest sentit, s&#8217;est\u00e9n un especial reconeixement als professionals de la salut, Protecci\u00f3 Civil, la Gu\u00e0rdia Civil i a tots aquells que treballen incansablement per a garantir el benestar dels requenenses.<br>L&#8217;Ajuntament fa una crida als ciutadans a gaudir de les festivitats amb civisme i responsabilitat. \u201cEsperem que tots els habitants de Requena gaudisquen d&#8217;aquestes dates tan especials, per\u00f2 sempre recordant la import\u00e0ncia de fer-ho de manera respectuosa amb els altres i amb l&#8217;entorn que ens envolta\u201d, va concloure l&#8217;alcaldessa. Informa, <strong>Luis Ib\u00e1\u00f1ez.<\/strong><\/p>\n\n\n\n<p class=\"wp-block-paragraph\"><\/p>\n","protected":false},"excerpt":{"rendered":"<div class=\"mh-excerpt\">L&#8217;Ajuntament de Requena ha anunciat la incorporaci\u00f3 de set nous agents a la Policia Local, enfortint aix\u00ed el cos de seguretat en un moment crucial, just en plenes celebracions nadalenques i abans de la celebraci\u00f3 <a class=\"mh-excerpt-more\" href=\"https:\/\/tucomarca.whitekongsoftware.com\/ca\/%ef%bf%bclajuntament-de-requena-reforca-el-seu-cos-de-policia-local-amb-la-incorporacio-de-7-nous-agents\/\" title=\"L&#8217;Ajuntament de Requena refor\u00e7a el seu cos de Policia Local amb la incorporaci\u00f3 de 7 nous agents\">[+] <\/a><\/div>\n","protected":false},"author":12,"featured_media":205961,"comment_status":"open","ping_status":"open","sticky":false,"template":"","format":"standard","meta":{"footnotes":""},"categories":[10948,10894,10947,10908,10909,10896],"tags":[12356,11099,10910],"class_list":["post-205962","post","type-post","status-publish","format-standard","has-post-thumbnail","category-infraestructuras-ca","category-la-comarca-ca","category-politica","category-requena-ca","category-requena-utiel-ca","category-seccion-ca","tag-policia-local-ca","tag-requena-ca","tag-requena-utiel-ca"],"_links":{"self":[{"href":"https:\/\/tucomarca.whitekongsoftware.com\/ca\/wp-json\/wp\/v2\/posts\/205962","targetHints":{"allow":["GET"]}}],"collection":[{"href":"https:\/\/tucomarca.whitekongsoftware.com\/ca\/wp-json\/wp\/v2\/posts"}],"about":[{"href":"https:\/\/tucomarca.whitekongsoftware.com\/ca\/wp-json\/wp\/v2\/types\/post"}],"author":[{"embeddable":true,"href":"https:\/\/tucomarca.whitekongsoftware.com\/ca\/wp-json\/wp\/v2\/users\/12"}],"replies":[{"embeddable":true,"href":"https:\/\/tucomarca.whitekongsoftware.com\/ca\/wp-json\/wp\/v2\/comments?post=205962"}],"version-history":[{"count":0,"href":"https:\/\/tucomarca.whitekongsoftware.com\/ca\/wp-json\/wp\/v2\/posts\/205962\/revisions"}],"wp:featuredmedia":[{"embeddable":true,"href":"https:\/\/tucomarca.whitekongsoftware.com\/ca\/wp-json\/wp\/v2\/media\/205961"}],"wp:attachment":[{"href":"https:\/\/tucomarca.whitekongsoftware.com\/ca\/wp-json\/wp\/v2\/media?parent=205962"}],"wp:term":[{"taxonomy":"category","embeddable":true,"href":"https:\/\/tucomarca.whitekongsoftware.com\/ca\/wp-json\/wp\/v2\/categories?post=205962"},{"taxonomy":"post_tag","embeddable":true,"href":"https:\/\/tucomarca.whitekongsoftware.com\/ca\/wp-json\/wp\/v2\/tags?post=205962"}],"curies":[{"name":"wp","href":"https:\/\/api.w.org\/{rel}","templated":true}]}}