{"id":205949,"date":"2023-12-28T09:07:00","date_gmt":"2023-12-28T08:07:00","guid":{"rendered":"https:\/\/www.tucomarca.com\/wordpress\/segunda\/?p=205949"},"modified":"2023-12-28T12:27:08","modified_gmt":"2023-12-28T11:27:08","slug":"riba-roja-de-turia-crea-69-llocs-de-treball-en-els-ultims-tres-mesos-lafiliacio-a-la-seguretat-social-aconsegueix-les-19-877-persones-i-es-registren-1-307-contractes-laborals","status":"publish","type":"post","link":"https:\/\/tucomarca.whitekongsoftware.com\/ca\/riba-roja-de-turia-crea-69-llocs-de-treball-en-els-ultims-tres-mesos-lafiliacio-a-la-seguretat-social-aconsegueix-les-19-877-persones-i-es-registren-1-307-contractes-laborals\/","title":{"rendered":"Riba-roja de T\u00faria crea 69 llocs de treball en els \u00faltims tres mesos, l&#8217;afiliaci\u00f3 a la Seguretat Social aconsegueix les 19.877 persones i es registren 1.307 contractes laborals"},"content":{"rendered":"\n<h4 class=\"wp-block-heading\">Les xifres de Labora certifiquen una reducci\u00f3 de l&#8217;atur del 5\u20191% en aquest per\u00edode de temps mentre que l&#8217;afiliaci\u00f3 se situa prop de les 20.000 persones<\/h4>\n\n\n\n<h4 class=\"wp-block-heading\">L&#8217;atur registrat a Riba-roja de T\u00faria s&#8217;ha redu\u00eft en 69 persones al llarg dels \u00faltims tres mesos en passar dels 1.377 aturats el mes d&#8217;agost als 1.308 del passat mes de novembre. Paral\u00b7lelament, l&#8217;afiliaci\u00f3 a la Seguretat Social aconsegueix les 19.877 persones al novembre mentre que la contractaci\u00f3 laboral es va situar en 1.307 en el mateix per\u00edode de temps.<\/h4>\n\n\n\n<p class=\"wp-block-paragraph\">Les xifres oferides per Labora, l&#8217;entitat auton\u00f2mica encarregada de la formaci\u00f3 i l&#8217;ocupaci\u00f3, certifiquen una millora en la creaci\u00f3 d&#8217;ocupaci\u00f3 des de mitjan estiu passat ja que des de llavors s&#8217;han arribat a crear 29 llocs de treball al setembre, altres 7 el mes d&#8217;octubre i, finalment, altres 33 llocs de treball m\u00e9s al novembre, \u00e9s a dir, els 69 llocs nous de treball en el citat per\u00edode de temps.<\/p>\n\n\n\n<p class=\"wp-block-paragraph\">Amb tot, els actuals 1.308 aturats suposen la xifra menor xifra al llarg de l&#8217;any 2023 que es va iniciar al gener amb un total de 1.414 aturats, \u00e9s a dir, durant aquest exercici s&#8217;han creat 106 llocs de treball a Riba-roja de T\u00faria, segons les xifres donades a con\u00e9ixer per Labora. Des de llavors, el nivell d&#8217;atur en la localitat s&#8217;ha redu\u00eft de manera progressiva durant tot l&#8217;exercici.<\/p>\n\n\n\n<p class=\"wp-block-paragraph\">Dels 1.308 aturats actuals existents a Riba-roja de T\u00faria 817 s\u00f3n dones i els altres 491 corresponen a homes. Quant a demandants parats per Sector d&#8217;Activitat, del global d&#8217;aturats existeixen una majoria pertanyents als serveis amb 964 persones, altres 167 del sector de la ind\u00fastria, 103 aturats corresponen al sector de la construcci\u00f3 i, finalment, 23 del sector de l&#8217;agricultura.<\/p>\n\n\n\n<p class=\"wp-block-paragraph\">Quant a seccions d&#8217;activitat econ\u00f2miques, els demandants aturats es classifiquen en els 211 adscrits en activitats administratives i serveis auxiliars, altres 182 del comer\u00e7 a l&#8217;engr\u00f2s i al detall, la reparaci\u00f3 de vehicles de motor i motocicletes, altres 152 aturats de la ind\u00fastria manufacturera i 120 aturats de l&#8217;administraci\u00f3 p\u00fablica i defensa, seguretat social obligat\u00f2ria. Finalment, 107 persones desocupades pertanyen a l&#8217;hostaleria i altres 103 s\u00f3n del sector de la construcci\u00f3.<\/p>\n\n\n\n<p class=\"wp-block-paragraph\">Per grups d&#8217;edat i sexe, existeixen 496 dones majors de 44 anys en situaci\u00f3 d&#8217;atur, seguides de 290 homes majors, tamb\u00e9, dels 44 anys, altres 269 dones d&#8217;entre 25 i 44 anys, i 145 homes en el mateix segment. En total, el grup majoritari s\u00f3n les 786 persones parades majors de 44 anys, seguits de les 414 parades d&#8217;entre 25 i 44 anys i, finalment, 108 persones menors de 25 anys.<\/p>\n\n\n\n<p class=\"wp-block-paragraph\">En termes de contractaci\u00f3 laboral, Labora corrobora un augment progressiu des d&#8217;el mes d&#8217;agost passat quan dels 1.114 contractes registrats es van passar als 1.234 al setembre, altres 1.259 en el mes corresponent a octubre i, finalment, 1.307 contractes al desembre, \u00e9s a dir, 193 contractes m\u00e9s entre tots dos per\u00edodes de temps. Els contractes indefinits es van fixar en 461 al novembre enfront dels 809 de car\u00e0cter temporal.<\/p>\n\n\n\n<p class=\"wp-block-paragraph\">Finalment, l&#8217;afiliaci\u00f3 a la Seguretat Social s&#8217;ha mantingut consolidada al llarg de l&#8217;exercici de 2023, en passar dels 18.656 afiliats el mes de gener passat als 19.877 afiliats al novembre, \u00e9s a dir, 1.221 d&#8217;increment entre tots dos per\u00edodes de temps. Abunden les afiliacions del r\u00e8gim general amb 17.858 persones, altres 1.803 del r\u00e8gim d&#8217;aut\u00f2noms, 111 del r\u00e8gim agrari i, finalment, 104 del treball de llar.<\/p>\n\n\n\n<p class=\"wp-block-paragraph\">L&#8217;alcalde de Riba-roja de T\u00faria, Robert Raga, ha afirmat que aquestes xifres publicades per Labora \u201cs\u00f3n un recolzament a la tend\u00e8ncia que marquen una tend\u00e8ncia progressiva en termes globals de creaci\u00f3 d&#8217;ocupaci\u00f3, tant en reducci\u00f3 de l&#8217;atur, com en registres de contractaci\u00f3 i afiliaci\u00f3 a la Seguretat Social, nom\u00e9s queda el cam\u00ed de continuar apostant amb claredat per una ocupaci\u00f3 estable i de qualitat i continuar donant suport a les pol\u00edtiques econ\u00f2miques que afavorisquen la creaci\u00f3 nous llocs de treball en la nostra localitat\u201d.<\/p>\n\n\n\n<p class=\"wp-block-paragraph\"><\/p>\n","protected":false},"excerpt":{"rendered":"<div class=\"mh-excerpt\">Les xifres de Labora certifiquen una reducci\u00f3 de l&#8217;atur del 5\u20191% en aquest per\u00edode de temps mentre que l&#8217;afiliaci\u00f3 se situa prop de les 20.000 persones L&#8217;atur registrat a Riba-roja de T\u00faria s&#8217;ha redu\u00eft en <a class=\"mh-excerpt-more\" href=\"https:\/\/tucomarca.whitekongsoftware.com\/ca\/riba-roja-de-turia-crea-69-llocs-de-treball-en-els-ultims-tres-mesos-lafiliacio-a-la-seguretat-social-aconsegueix-les-19-877-persones-i-es-registren-1-307-contractes-laborals\/\" title=\"Riba-roja de T\u00faria crea 69 llocs de treball en els \u00faltims tres mesos, l&#8217;afiliaci\u00f3 a la Seguretat Social aconsegueix les 19.877 persones i es registren 1.307 contractes laborals\">[+] <\/a><\/div>\n","protected":false},"author":12,"featured_media":205948,"comment_status":"open","ping_status":"open","sticky":false,"template":"","format":"standard","meta":{"footnotes":""},"categories":[10892,10894,10947,10906,10896],"tags":[10899,15088,15024],"class_list":["post-205949","post","type-post","status-publish","format-standard","has-post-thumbnail","category-camp-de-turia-ca","category-la-comarca-ca","category-politica","category-riba-roja-ca","category-seccion-ca","tag-camp-de-turia-ca","tag-contratos-laborales-ca","tag-riba-roja-de-turia-ca"],"_links":{"self":[{"href":"https:\/\/tucomarca.whitekongsoftware.com\/ca\/wp-json\/wp\/v2\/posts\/205949","targetHints":{"allow":["GET"]}}],"collection":[{"href":"https:\/\/tucomarca.whitekongsoftware.com\/ca\/wp-json\/wp\/v2\/posts"}],"about":[{"href":"https:\/\/tucomarca.whitekongsoftware.com\/ca\/wp-json\/wp\/v2\/types\/post"}],"author":[{"embeddable":true,"href":"https:\/\/tucomarca.whitekongsoftware.com\/ca\/wp-json\/wp\/v2\/users\/12"}],"replies":[{"embeddable":true,"href":"https:\/\/tucomarca.whitekongsoftware.com\/ca\/wp-json\/wp\/v2\/comments?post=205949"}],"version-history":[{"count":0,"href":"https:\/\/tucomarca.whitekongsoftware.com\/ca\/wp-json\/wp\/v2\/posts\/205949\/revisions"}],"wp:featuredmedia":[{"embeddable":true,"href":"https:\/\/tucomarca.whitekongsoftware.com\/ca\/wp-json\/wp\/v2\/media\/205948"}],"wp:attachment":[{"href":"https:\/\/tucomarca.whitekongsoftware.com\/ca\/wp-json\/wp\/v2\/media?parent=205949"}],"wp:term":[{"taxonomy":"category","embeddable":true,"href":"https:\/\/tucomarca.whitekongsoftware.com\/ca\/wp-json\/wp\/v2\/categories?post=205949"},{"taxonomy":"post_tag","embeddable":true,"href":"https:\/\/tucomarca.whitekongsoftware.com\/ca\/wp-json\/wp\/v2\/tags?post=205949"}],"curies":[{"name":"wp","href":"https:\/\/api.w.org\/{rel}","templated":true}]}}