{"id":205938,"date":"2023-12-27T12:00:00","date_gmt":"2023-12-27T11:00:00","guid":{"rendered":"https:\/\/www.tucomarca.com\/wordpress\/segunda\/?p=205938"},"modified":"2023-12-28T01:09:49","modified_gmt":"2023-12-28T00:09:49","slug":"la-societat-musical-lartistica-de-xiva-tanca-lany-amb-un-concert-molt-especial-i-nadalenc","status":"publish","type":"post","link":"https:\/\/tucomarca.whitekongsoftware.com\/ca\/la-societat-musical-lartistica-de-xiva-tanca-lany-amb-un-concert-molt-especial-i-nadalenc\/","title":{"rendered":"La Societat Musical \u201cL&#8217;Art\u00edstica&#8221; de Xiva tanca l&#8217;any amb un concert molt especial i nadalenc"},"content":{"rendered":"\n<p class=\"wp-block-paragraph\">En la vesprada de Nit de Nadal, la Societat Musical \u201cL&#8217;Art\u00edstica de Xiva\u201d va oferir a tots els seus socis i poble en general el seu extraordinari i \u00faltim concert de l&#8217;any, el de Nadal. El concert es va iniciar amb el reconeixement als educands del 73, aquells m\u00fasics que van entrar a formar part de la Banda fa 50 anys. Un grup de m\u00fasics que va nodrir de joventut a la Banda; labor del director Domingo Vela Alcaina, que ja havia tingut molta vinculaci\u00f3 amb L&#8217;Art\u00edstica de Xiva i que se sentia un chivano m\u00e9s. Davant la seua pr\u00f2xima jubilaci\u00f3 va tornar a Xiva i es va fer c\u00e0rrec de la banda, novament, donant-li un gran impuls social i musical, prova d&#8217;ells va ser l&#8217;aflu\u00e8ncia d&#8217;educands. Sr. Domingo Vela va voler agrair aquest suport i els va compondre un pasdoble que t\u00edtol \u201cEducands del 73\u201d.<br>Hui 50 anys despr\u00e9s, la Junta Directiva, en aquestes dates tan entranyables, ha volgut recon\u00e9ixer aquells 15 m\u00fasics que van formar part de la Societat i que van donar un impuls a la Banda. Aquest reconeixement va constar de dues parts. Primer la presentadora de l&#8217;acte, Guadalupe Mart\u00ednez, els va anar cridant perqu\u00e8 pujaren a l&#8217;escenari, i davant tota la Banda Simf\u00f2nica actual, el President de la Societat els va anar imposant a cadascun la ins\u00edgnia d&#8217;or de la Societat, i tamb\u00e9 a la filla de Sr. Domingo Vela (q.e.p.d.). En segon lloc la Banda amb el seu actual director al capdavant, Vicente Reche Ruiz, va interpretar \u201cEducands del 73, de Domingo Vela\u201d. Els aplaudiments van sonar continus, tant en el lliurament de distincions com en finalitzar la interpretaci\u00f3 de l&#8217;obra.<br>El concert va continuar amb la interpretaci\u00f3 d&#8217;obres de Frank J. Cabdells, Ferrer Ferr\u00e1n i Maurice Jarr\u00e9. Seguidament es va entrar en una part m\u00e9s Nadalenca, unint-se a la Banda la Coral \u201cVerge del Castell\u201d i els alumnes m\u00e9s joves de l&#8217;Escola de M\u00fasica Dansa, interpretant tots junts. Cristmas Morning de Sa\u00fcl G\u00f3mez Doler i Suiete comercial nadalenca de J. B. \u00c1lvarez. Els alumnes de l&#8217;escola van omplir tot el frontal de l&#8217;escenari del Cinema-Teatre Astoria i va ser una del\u00edcia veure&#8217;ls ballar i cantar, i especialment quan la Banda, com a final del concert, va interpretar \u201cLa marxa Radetzky\u201d, que van acompanyar s\u00f3n les seues palmes i balls al ritme que els marcaven dos professors des del pati de butaques.<br>Un concert que va omplir per complet l&#8217;aforament del Cinema-Teatre Astoria; que va fer passar una vetlada molt agradable amb l&#8217;homenatge, i que va alegrar i va donar felicitat amb la m\u00fasica, metes que \u00faltimament totes les seccions de la Societat estan aconseguint en les seues actuacions.<\/p>\n\n\n\n<figure class=\"wp-block-gallery has-nested-images columns-1 is-cropped wp-block-gallery-1 is-layout-flex wp-block-gallery-is-layout-flex\">\n<figure class=\"wp-block-image size-large\"><img loading=\"lazy\" decoding=\"async\" width=\"1920\" height=\"863\" data-id=\"205935\" src=\"http:\/\/www.tucomarca.com\/wordpress\/segunda\/wp-content\/uploads\/2023\/12\/ChivaConciertoNavida2023_3.jpg\" alt=\"\" class=\"wp-image-205935\" srcset=\"https:\/\/tucomarca.whitekongsoftware.com\/wp-content\/uploads\/2023\/12\/ChivaConciertoNavida2023_3.jpg 1920w, https:\/\/tucomarca.whitekongsoftware.com\/wp-content\/uploads\/2023\/12\/ChivaConciertoNavida2023_3-300x135.jpg 300w, https:\/\/tucomarca.whitekongsoftware.com\/wp-content\/uploads\/2023\/12\/ChivaConciertoNavida2023_3-1024x460.jpg 1024w, https:\/\/tucomarca.whitekongsoftware.com\/wp-content\/uploads\/2023\/12\/ChivaConciertoNavida2023_3-768x345.jpg 768w, https:\/\/tucomarca.whitekongsoftware.com\/wp-content\/uploads\/2023\/12\/ChivaConciertoNavida2023_3-1536x690.jpg 1536w\" sizes=\"auto, (max-width: 1920px) 100vw, 1920px\" \/><\/figure>\n\n\n\n<figure class=\"wp-block-image size-large\"><img loading=\"lazy\" decoding=\"async\" width=\"1600\" height=\"720\" data-id=\"205931\" src=\"http:\/\/www.tucomarca.com\/wordpress\/segunda\/wp-content\/uploads\/2023\/12\/ChivaConciertoNavida2023_1.jpg\" alt=\"\" class=\"wp-image-205931\" srcset=\"https:\/\/tucomarca.whitekongsoftware.com\/wp-content\/uploads\/2023\/12\/ChivaConciertoNavida2023_1.jpg 1600w, https:\/\/tucomarca.whitekongsoftware.com\/wp-content\/uploads\/2023\/12\/ChivaConciertoNavida2023_1-300x135.jpg 300w, https:\/\/tucomarca.whitekongsoftware.com\/wp-content\/uploads\/2023\/12\/ChivaConciertoNavida2023_1-1024x461.jpg 1024w, https:\/\/tucomarca.whitekongsoftware.com\/wp-content\/uploads\/2023\/12\/ChivaConciertoNavida2023_1-768x346.jpg 768w, https:\/\/tucomarca.whitekongsoftware.com\/wp-content\/uploads\/2023\/12\/ChivaConciertoNavida2023_1-1536x691.jpg 1536w\" sizes=\"auto, (max-width: 1600px) 100vw, 1600px\" \/><\/figure>\n<\/figure>\n","protected":false},"excerpt":{"rendered":"<div class=\"mh-excerpt\">En la vesprada de Nit de Nadal, la Societat Musical \u201cL&#8217;Art\u00edstica de Xiva\u201d va oferir a tots els seus socis i poble en general el seu extraordinari i \u00faltim concert de l&#8217;any, el de Nadal. <a class=\"mh-excerpt-more\" href=\"https:\/\/tucomarca.whitekongsoftware.com\/ca\/la-societat-musical-lartistica-de-xiva-tanca-lany-amb-un-concert-molt-especial-i-nadalenc\/\" title=\"La Societat Musical \u201cL&#8217;Art\u00edstica&#8221; de Xiva tanca l&#8217;any amb un concert molt especial i nadalenc\">[+] <\/a><\/div>\n","protected":false},"author":12,"featured_media":205934,"comment_status":"open","ping_status":"open","sticky":false,"template":"","format":"gallery","meta":{"footnotes":""},"categories":[11005,10894,10912,11004,11007,10896,10975],"tags":[11195,10914,14188],"class_list":["post-205938","post","type-post","status-publish","format-gallery","has-post-thumbnail","category-canal-musica","category-la-comarca-ca","category-la-hoya-ca","category-la-semana-en-imagenes-ca","category-ocio-y-cultura-ca","category-seccion-ca","category-chiva-ca","tag-chiva-ca","tag-la-hoya-de-bunol-chiva-ca","tag-sm-la-artistica-de-chiva-2-ca","post_format-post-format-gallery"],"_links":{"self":[{"href":"https:\/\/tucomarca.whitekongsoftware.com\/ca\/wp-json\/wp\/v2\/posts\/205938","targetHints":{"allow":["GET"]}}],"collection":[{"href":"https:\/\/tucomarca.whitekongsoftware.com\/ca\/wp-json\/wp\/v2\/posts"}],"about":[{"href":"https:\/\/tucomarca.whitekongsoftware.com\/ca\/wp-json\/wp\/v2\/types\/post"}],"author":[{"embeddable":true,"href":"https:\/\/tucomarca.whitekongsoftware.com\/ca\/wp-json\/wp\/v2\/users\/12"}],"replies":[{"embeddable":true,"href":"https:\/\/tucomarca.whitekongsoftware.com\/ca\/wp-json\/wp\/v2\/comments?post=205938"}],"version-history":[{"count":0,"href":"https:\/\/tucomarca.whitekongsoftware.com\/ca\/wp-json\/wp\/v2\/posts\/205938\/revisions"}],"wp:featuredmedia":[{"embeddable":true,"href":"https:\/\/tucomarca.whitekongsoftware.com\/ca\/wp-json\/wp\/v2\/media\/205934"}],"wp:attachment":[{"href":"https:\/\/tucomarca.whitekongsoftware.com\/ca\/wp-json\/wp\/v2\/media?parent=205938"}],"wp:term":[{"taxonomy":"category","embeddable":true,"href":"https:\/\/tucomarca.whitekongsoftware.com\/ca\/wp-json\/wp\/v2\/categories?post=205938"},{"taxonomy":"post_tag","embeddable":true,"href":"https:\/\/tucomarca.whitekongsoftware.com\/ca\/wp-json\/wp\/v2\/tags?post=205938"}],"curies":[{"name":"wp","href":"https:\/\/api.w.org\/{rel}","templated":true}]}}