{"id":205915,"date":"2023-12-27T09:00:00","date_gmt":"2023-12-27T08:00:00","guid":{"rendered":"https:\/\/www.tucomarca.com\/wordpress\/segunda\/?p=205915"},"modified":"2023-12-27T11:44:14","modified_gmt":"2023-12-27T10:44:14","slug":"lajuntament-de-requena-convoca-taules-sectorials-per-a-impulsar-la-participacio-activa-en-el-desenvolupament-turistic-local","status":"publish","type":"post","link":"https:\/\/tucomarca.whitekongsoftware.com\/ca\/lajuntament-de-requena-convoca-taules-sectorials-per-a-impulsar-la-participacio-activa-en-el-desenvolupament-turistic-local\/","title":{"rendered":"L&#8217;Ajuntament de Requena convoca taules sectorials per a impulsar la participaci\u00f3 activa en el desenvolupament tur\u00edstic local"},"content":{"rendered":"\n<p class=\"wp-block-paragraph\">En un ferm comprom\u00eds per promoure una governan\u00e7a participativa, la Regidoria de Turisme de l&#8217;Ajuntament de Requena ha convocat taules sectorials conformades per membres de l&#8217;\u00e0mbit tur\u00edstic local. Aquestes taules, sorgides amb el prop\u00f2sit de fomentar la col\u00b7laboraci\u00f3 i la veu activa dels diversos actors del sector, han resultat en la selecci\u00f3 de representants per al Consell Municipal de Turisme.<br>Aix\u00f2 permetr\u00e0 que el sector tur\u00edstic expresse les seues opinions i contribu\u00efsca amb idees valuoses, consolidant-se com a part integral de la Concejalia de Turisme. A m\u00e9s, s&#8217;est\u00e0 implementant una Comissi\u00f3 Interdepartamental T\u00e8cnica que reunir\u00e0 professionals interns amb vincles directes amb el turisme al llarg de l&#8217;any. Aquest enfocament no sols involucra a la Concejalia de Turisme, sin\u00f3 que busca la col\u00b7laboraci\u00f3 activa d&#8217;altres \u00e0rees municipals.<br>L&#8217;aposta de l&#8217;Ajuntament de Requena per la governan\u00e7a \u201cs&#8217;aferma amb aquestes iniciatives, destacant l&#8217;objectiu com\u00fa de millorar i enfortir el sector tur\u00edstic local\u201d afirmen des del consistori requenense. Informa, <strong>Luis Ib\u00e1\u00f1ez.<\/strong><\/p>\n","protected":false},"excerpt":{"rendered":"<div class=\"mh-excerpt\">En un ferm comprom\u00eds per promoure una governan\u00e7a participativa, la Regidoria de Turisme de l&#8217;Ajuntament de Requena ha convocat taules sectorials conformades per membres de l&#8217;\u00e0mbit tur\u00edstic local. Aquestes taules, sorgides amb el prop\u00f2sit de <a class=\"mh-excerpt-more\" href=\"https:\/\/tucomarca.whitekongsoftware.com\/ca\/lajuntament-de-requena-convoca-taules-sectorials-per-a-impulsar-la-participacio-activa-en-el-desenvolupament-turistic-local\/\" title=\"L&#8217;Ajuntament de Requena convoca taules sectorials per a impulsar la participaci\u00f3 activa en el desenvolupament tur\u00edstic local\">[+] <\/a><\/div>\n","protected":false},"author":12,"featured_media":205914,"comment_status":"open","ping_status":"open","sticky":false,"template":"","format":"standard","meta":{"footnotes":""},"categories":[10948,10894,10947,10908,10909,10896],"tags":[11099,10910,12180],"class_list":["post-205915","post","type-post","status-publish","format-standard","has-post-thumbnail","category-infraestructuras-ca","category-la-comarca-ca","category-politica","category-requena-ca","category-requena-utiel-ca","category-seccion-ca","tag-requena-ca","tag-requena-utiel-ca","tag-turismo-local-ca"],"_links":{"self":[{"href":"https:\/\/tucomarca.whitekongsoftware.com\/ca\/wp-json\/wp\/v2\/posts\/205915","targetHints":{"allow":["GET"]}}],"collection":[{"href":"https:\/\/tucomarca.whitekongsoftware.com\/ca\/wp-json\/wp\/v2\/posts"}],"about":[{"href":"https:\/\/tucomarca.whitekongsoftware.com\/ca\/wp-json\/wp\/v2\/types\/post"}],"author":[{"embeddable":true,"href":"https:\/\/tucomarca.whitekongsoftware.com\/ca\/wp-json\/wp\/v2\/users\/12"}],"replies":[{"embeddable":true,"href":"https:\/\/tucomarca.whitekongsoftware.com\/ca\/wp-json\/wp\/v2\/comments?post=205915"}],"version-history":[{"count":0,"href":"https:\/\/tucomarca.whitekongsoftware.com\/ca\/wp-json\/wp\/v2\/posts\/205915\/revisions"}],"wp:featuredmedia":[{"embeddable":true,"href":"https:\/\/tucomarca.whitekongsoftware.com\/ca\/wp-json\/wp\/v2\/media\/205914"}],"wp:attachment":[{"href":"https:\/\/tucomarca.whitekongsoftware.com\/ca\/wp-json\/wp\/v2\/media?parent=205915"}],"wp:term":[{"taxonomy":"category","embeddable":true,"href":"https:\/\/tucomarca.whitekongsoftware.com\/ca\/wp-json\/wp\/v2\/categories?post=205915"},{"taxonomy":"post_tag","embeddable":true,"href":"https:\/\/tucomarca.whitekongsoftware.com\/ca\/wp-json\/wp\/v2\/tags?post=205915"}],"curies":[{"name":"wp","href":"https:\/\/api.w.org\/{rel}","templated":true}]}}