{"id":205838,"date":"2023-12-26T12:00:00","date_gmt":"2023-12-26T11:00:00","guid":{"rendered":"https:\/\/www.tucomarca.com\/wordpress\/segunda\/?p=205838"},"modified":"2023-12-26T13:44:34","modified_gmt":"2023-12-26T12:44:34","slug":"la-guardia-civil-dete-a-un-professor-de-musica-acusat-dagressio-sexual-a-tres-menors-en-la-foia","status":"publish","type":"post","link":"https:\/\/tucomarca.whitekongsoftware.com\/ca\/la-guardia-civil-dete-a-un-professor-de-musica-acusat-dagressio-sexual-a-tres-menors-en-la-foia\/","title":{"rendered":"La Gu\u00e0rdia Civil det\u00e9 a un professor de m\u00fasica acusat d&#8217;agressi\u00f3 sexual a tres menors en La Foia"},"content":{"rendered":"\n<p class=\"wp-block-paragraph\">La Comand\u00e0ncia de la Gu\u00e0rdia Civil de Val\u00e8ncia ha informat que, en el marc de l&#8217;operaci\u00f3 \u201cSOLMI\u201d, ha detingut a un home de 51 anys d&#8217;edat per una den\u00fancia interposada per part de tres pares d&#8217;unes menors d&#8217;una de les poblacions de la comarca de La Foia de Bunyol-Xiva.<\/p>\n\n\n\n<p class=\"wp-block-paragraph\">Segons fonts de la Comand\u00e0ncia de Val\u00e8ncia, la detenci\u00f3 es va produir a principis del mes de desembre, &#8220;quan es va tindre coneixement d&#8217;aquesta informaci\u00f3 a trav\u00e9s del Pla de prevenci\u00f3 de la viol\u00e8ncia i promoci\u00f3 de la conviv\u00e8ncia, Pla PREVI, en el qual la Conselleria d&#8217;Educaci\u00f3 comunica a les Forces i Cossos de Seguretat aquest tipus d&#8217;incid\u00e8ncies en l&#8217;entorn escolar&#8221;.<\/p>\n\n\n\n<p class=\"wp-block-paragraph\">Al detingut se li imputa un delicte d&#8217;agressi\u00f3 sexual i\u00a0 tocaments lleus superficials\u00a0 a les menors de dotze anys. Les fonts consultades de la Gu\u00e0rdia Civil han informat que aquests fets &#8220;no estan vinculats a cap col\u00b7legi p\u00fablic&#8221;; i, segons ha pogut saber tucomarca.com, la detenci\u00f3 del professor estaria relacionada amb l&#8217;\u00e0mbit de l&#8217;ensenyament musical.<\/p>\n","protected":false},"excerpt":{"rendered":"<div class=\"mh-excerpt\">La Comand\u00e0ncia de la Gu\u00e0rdia Civil de Val\u00e8ncia ha informat que, en el marc de l&#8217;operaci\u00f3 \u201cSOLMI\u201d, ha detingut a un home de 51 anys d&#8217;edat per una den\u00fancia interposada per part de tres pares <a class=\"mh-excerpt-more\" href=\"https:\/\/tucomarca.whitekongsoftware.com\/ca\/la-guardia-civil-dete-a-un-professor-de-musica-acusat-dagressio-sexual-a-tres-menors-en-la-foia\/\" title=\"La Gu\u00e0rdia Civil det\u00e9 a un professor de m\u00fasica acusat d&#8217;agressi\u00f3 sexual a tres menors en La Foia\">[+] <\/a><\/div>\n","protected":false},"author":1,"featured_media":200428,"comment_status":"open","ping_status":"open","sticky":false,"template":"","format":"standard","meta":{"footnotes":""},"categories":[10898,10977,10948,10894,10904,10912,10896,10897],"tags":[17107,11118,10914],"class_list":["post-205838","post","type-post","status-publish","format-standard","has-post-thumbnail","category-ventana-ca","category-godelleta-ca","category-infraestructuras-ca","category-la-comarca-ca","category-sin-categorizar-ca","category-la-hoya-ca","category-seccion-ca","category-sucesos-la-comarca-ca","tag-detenido-ca","tag-guardia-civil-ca","tag-la-hoya-de-bunol-chiva-ca"],"_links":{"self":[{"href":"https:\/\/tucomarca.whitekongsoftware.com\/ca\/wp-json\/wp\/v2\/posts\/205838","targetHints":{"allow":["GET"]}}],"collection":[{"href":"https:\/\/tucomarca.whitekongsoftware.com\/ca\/wp-json\/wp\/v2\/posts"}],"about":[{"href":"https:\/\/tucomarca.whitekongsoftware.com\/ca\/wp-json\/wp\/v2\/types\/post"}],"author":[{"embeddable":true,"href":"https:\/\/tucomarca.whitekongsoftware.com\/ca\/wp-json\/wp\/v2\/users\/1"}],"replies":[{"embeddable":true,"href":"https:\/\/tucomarca.whitekongsoftware.com\/ca\/wp-json\/wp\/v2\/comments?post=205838"}],"version-history":[{"count":0,"href":"https:\/\/tucomarca.whitekongsoftware.com\/ca\/wp-json\/wp\/v2\/posts\/205838\/revisions"}],"wp:featuredmedia":[{"embeddable":true,"href":"https:\/\/tucomarca.whitekongsoftware.com\/ca\/wp-json\/wp\/v2\/media\/200428"}],"wp:attachment":[{"href":"https:\/\/tucomarca.whitekongsoftware.com\/ca\/wp-json\/wp\/v2\/media?parent=205838"}],"wp:term":[{"taxonomy":"category","embeddable":true,"href":"https:\/\/tucomarca.whitekongsoftware.com\/ca\/wp-json\/wp\/v2\/categories?post=205838"},{"taxonomy":"post_tag","embeddable":true,"href":"https:\/\/tucomarca.whitekongsoftware.com\/ca\/wp-json\/wp\/v2\/tags?post=205838"}],"curies":[{"name":"wp","href":"https:\/\/api.w.org\/{rel}","templated":true}]}}