{"id":205704,"date":"2023-12-19T12:15:00","date_gmt":"2023-12-19T11:15:00","guid":{"rendered":"https:\/\/www.tucomarca.com\/wordpress\/segunda\/?p=205704"},"modified":"2023-12-19T21:37:35","modified_gmt":"2023-12-19T20:37:35","slug":"xest-acull-lacte-drets-de-la-infancia-i-ladolescencia-posant-el-focus-en-la-realitat-dels-xiquets-i-xiquetes-tutelats","status":"publish","type":"post","link":"https:\/\/tucomarca.whitekongsoftware.com\/ca\/xest-acull-lacte-drets-de-la-infancia-i-ladolescencia-posant-el-focus-en-la-realitat-dels-xiquets-i-xiquetes-tutelats\/","title":{"rendered":"Xest acull l&#8217;acte \u201cDrets de la inf\u00e0ncia i l&#8217;adolesc\u00e8ncia\u201d posant el focus en la realitat dels xiquets i xiquetes tutelats"},"content":{"rendered":"\n<p class=\"wp-block-paragraph\">El teatre Liceu de Xest ha acollit aquest passat dissabte, 16 de desembre, l&#8217;acte&nbsp;<em>Drets de la inf\u00e0ncia i l&#8217;adolesc\u00e8ncia<\/em>, impulsat des de la Regidoria de Benestar Social a iniciativa de Acaronar, amb una exposici\u00f3 tem\u00e0tica sota el mateix t\u00edtol i la projecci\u00f3 d&#8217;Aix\u00ed&nbsp;<em>creixen els nans,&nbsp;<\/em>un documental sobre xiquets, xiquetes i adolescents tutelats, dirigit per R\u00e1ul Serrano.<\/p>\n\n\n\n<p class=\"wp-block-paragraph\"><strong>Exposici\u00f3<\/strong><\/p>\n\n\n\n<p class=\"wp-block-paragraph\">Les persones assistents van poder contemplar, en primer lloc, els panells de gran format instal\u00b7lats en el vest\u00edbul del teatre Liceu, en els quals s&#8217;explicaven alguns dels drets dels i les menors, acompanyats d&#8217;il\u00b7lustracions. La inauguraci\u00f3 es va fer a c\u00e0rrec de la regidora M\u00aa \u00c1ngeles Llorente, i la responsable de la Xarxa d&#8217;Oficines de l&#8217;Acolliment familiar de Acaronar, Luisa Vega.<\/p>\n\n\n\n<p class=\"wp-block-paragraph\">\u201cEls primers anys de la vida s\u00f3n fonamentals en el desenvolupament emocional de la persona i per a aix\u00f2, un entorn familiar que acaricie, cuide, eduque i proporcione experi\u00e8ncies gratificants \u00e9s imprescindible. A Espanya hi ha m\u00e9s de 50.000&nbsp;xiquets, xiquetes i adolescents sota programes de protecci\u00f3 de la inf\u00e0ncia i al voltant de 23.000 es troben en acolliment residencial, esperant a una fam\u00edlia\u201d, explicava la regidora. \u201cAcaronar compleix, en 2023, 30 anys treballant per a garantir els drets de la inf\u00e0ncia desprotegida a trav\u00e9s de l&#8217;acolliment familiar, d&#8217;una manera eficient i exemplar. Aix\u00f2 t\u00e9 un valor excepcional que mereix un reconeixement institucional i un suport social de llarg abast. Moltes gr\u00e0cies per fer un treball que dignifica a les persones i engrandeix a les societats\u201d.<\/p>\n\n\n\n<p class=\"wp-block-paragraph\">Per part seua, Luisa Vega va introduir l&#8217;exposici\u00f3, posant en relleu la import\u00e0ncia de con\u00e9ixer els drets per a poder complir amb ells. \u201cL&#8217;exposici\u00f3 pret\u00e9n acostar els drets a la vida quotidiana, ja que que s\u00f3n les condicions b\u00e0siques per a tindre una vida digna, i destacar que les persones menors de 18 anys tenen els mateixos que les adultes\u201d.<\/p>\n\n\n\n<p class=\"wp-block-paragraph\">Despr\u00e9s de les intervencions, va haver-hi un breu vi d&#8217;honor, com a avantsala a la projecci\u00f3.<\/p>\n\n\n\n<p class=\"wp-block-paragraph\"><strong><em>Aix\u00ed creixen els nans<\/em><\/strong><\/p>\n\n\n\n<p class=\"wp-block-paragraph\">Ja a l&#8217;interior del teatre, el president de Acaronar, Ricardo Casad\u00f3, va agrair a la regidoria de Benestar Social el suport per a la realitzaci\u00f3 de la jornada i va explicar el germen de la pel\u00b7l\u00edcula. \u201cLa hist\u00f2ria d&#8217;aquest projecte \u00e9s el fruit del treball col\u00b7laboratiu de persones que ens coneix\u00edem i ten\u00edem sintonia; vam con\u00e9ixer a Ra\u00fal, director i guionista, i el projecte ens va il\u00b7lusionar molt. Aquest documentals un regal per a poder reflexionar i analitzar amb profunditat el sistema de protecci\u00f3\u201d, apuntava Casad\u00f3, qui va donar pas a la projecci\u00f3.<\/p>\n\n\n\n<p class=\"wp-block-paragraph\"><em>Aix\u00ed creixen els nans<\/em>&nbsp;va presentar davant el p\u00fablic assistent un relat sobre la complexa realitat dels centres i fam\u00edlies acollidores a trav\u00e9s dels testimoniatges d&#8217;adults que van ser xiquets, xiquetes i adolescents tutelats, juntament amb les aportacions i reflexions de reconeguts professionals del m\u00f3n de la inf\u00e0ncia vulnerable.<\/p>\n\n\n\n<p class=\"wp-block-paragraph\">En acabar la projecci\u00f3, M\u00aa Angeles Llorente va obrir un col\u00b7loqui obert al p\u00fablic, presentant als tres participants: Eva S\u00e1nchez, educadora i treballadora social de Acaronar; Ra\u00fal Serrano, el director i guionista del documental, i Antonio Alba, fam\u00edlia acollidora.<\/p>\n\n\n\n<p class=\"wp-block-paragraph\">\u201cEl realment valu\u00f3s que ens porta el documental \u00e9s la necessitat d&#8217;acostar-nos a la societat i traslladar el missatge que aquests xiquets, xiquetes i adolescents necessiten una xarxa de suport que va m\u00e9s enll\u00e0 de les institucions, i l&#8217;acte de hui \u00e9s una oportunitat per a aix\u00f2\u201d, ressaltava Eva S\u00e1nchez, durant la seua intervenci\u00f3.<\/p>\n\n\n\n<p class=\"wp-block-paragraph\">Per part seua, Ra\u00fal Serrano tamb\u00e9 va incidir en la import\u00e0ncia de la fam\u00edlia acollidora. \u201cLa inf\u00e0ncia i l&#8217;adolesc\u00e8ncia \u00e9s quan m\u00e9s necessites a eixes persones de refer\u00e8ncia, que t&#8217;aporten eixa sensaci\u00f3 d&#8217;amor incondicional que et permeta connectar amb el m\u00f3n, que et constru\u00efsca com a individu i t&#8217;ensenye a voler\u201d.<\/p>\n\n\n\n<p class=\"wp-block-paragraph\">Finalment, Antonio Alba va resumir la seua experi\u00e8ncia com a pare acollidor. \u201cAquest documental em continua commovent, durant el visionat no he pogut deixar de pensar en el meu fill, en qu\u00e8 ell pot tindre&#8217;m a mi, en qu\u00e8 puc anar a fer-li una besada totes les nits o anar quan em demana que li tape; eixos detalls en un centre no existeixen. La import\u00e0ncia de l&#8217;acolliment familiar crec que \u00e9s la que hauria de prevaldre, per\u00f2 per desgr\u00e0cia la realitat no \u00e9s eixa\u201d.<\/p>\n\n\n\n<p class=\"wp-block-paragraph\">L&#8217;acte es va tancar amb les preguntes i reflexions de les persones assistents i amb el sorteig d&#8217;una quadre original d&#8217;artista local Pablo Izquierdo.<\/p>\n\n\n\n<p class=\"wp-block-paragraph\"><strong>Sobre l&#8217;acolliment familiar<\/strong><\/p>\n\n\n\n<p class=\"wp-block-paragraph\">Les persones interessades a informar-se sobre les possibilitats de ser fam\u00edlia acollidora poden contactar amb l&#8217;oficina municipal de l&#8217;acolliment familiar de la xarxa Acaronar a Xest, situada en el Passeig F\u00e9lix Rodr\u00edguez de la Font; en els tel\u00e8fons 96 251 27 55 i 692 35 02 48 o trav\u00e9s del correu acaronar@acaronar.org.<\/p>\n\n\n\n<figure class=\"wp-block-gallery has-nested-images columns-2 is-cropped wp-block-gallery-1 is-layout-flex wp-block-gallery-is-layout-flex\">\n<figure class=\"wp-block-image size-large\"><img loading=\"lazy\" decoding=\"async\" width=\"886\" height=\"591\" data-id=\"205681\" src=\"http:\/\/www.tucomarca.com\/wordpress\/segunda\/wp-content\/uploads\/2023\/12\/ChesteAcaronar_1.jpg\" alt=\"\" class=\"wp-image-205681\" srcset=\"https:\/\/tucomarca.whitekongsoftware.com\/wp-content\/uploads\/2023\/12\/ChesteAcaronar_1.jpg 886w, https:\/\/tucomarca.whitekongsoftware.com\/wp-content\/uploads\/2023\/12\/ChesteAcaronar_1-300x200.jpg 300w, https:\/\/tucomarca.whitekongsoftware.com\/wp-content\/uploads\/2023\/12\/ChesteAcaronar_1-768x512.jpg 768w\" sizes=\"auto, (max-width: 886px) 100vw, 886px\" \/><\/figure>\n\n\n\n<figure class=\"wp-block-image size-large\"><img loading=\"lazy\" decoding=\"async\" width=\"886\" height=\"591\" data-id=\"205683\" src=\"http:\/\/www.tucomarca.com\/wordpress\/segunda\/wp-content\/uploads\/2023\/12\/ChesteAcaronar_2.jpg\" alt=\"\" class=\"wp-image-205683\" srcset=\"https:\/\/tucomarca.whitekongsoftware.com\/wp-content\/uploads\/2023\/12\/ChesteAcaronar_2.jpg 886w, https:\/\/tucomarca.whitekongsoftware.com\/wp-content\/uploads\/2023\/12\/ChesteAcaronar_2-300x200.jpg 300w, https:\/\/tucomarca.whitekongsoftware.com\/wp-content\/uploads\/2023\/12\/ChesteAcaronar_2-768x512.jpg 768w\" sizes=\"auto, (max-width: 886px) 100vw, 886px\" \/><\/figure>\n\n\n\n<figure class=\"wp-block-image size-large\"><img loading=\"lazy\" decoding=\"async\" width=\"886\" height=\"591\" data-id=\"205685\" src=\"http:\/\/www.tucomarca.com\/wordpress\/segunda\/wp-content\/uploads\/2023\/12\/ChesteAcaronar_3.jpg\" alt=\"\" class=\"wp-image-205685\" srcset=\"https:\/\/tucomarca.whitekongsoftware.com\/wp-content\/uploads\/2023\/12\/ChesteAcaronar_3.jpg 886w, https:\/\/tucomarca.whitekongsoftware.com\/wp-content\/uploads\/2023\/12\/ChesteAcaronar_3-300x200.jpg 300w, https:\/\/tucomarca.whitekongsoftware.com\/wp-content\/uploads\/2023\/12\/ChesteAcaronar_3-768x512.jpg 768w\" sizes=\"auto, (max-width: 886px) 100vw, 886px\" \/><\/figure>\n\n\n\n<figure class=\"wp-block-image size-large\"><img loading=\"lazy\" decoding=\"async\" width=\"886\" height=\"591\" data-id=\"205687\" src=\"http:\/\/www.tucomarca.com\/wordpress\/segunda\/wp-content\/uploads\/2023\/12\/ChesteAcaronar_4.jpg\" alt=\"\" class=\"wp-image-205687\" srcset=\"https:\/\/tucomarca.whitekongsoftware.com\/wp-content\/uploads\/2023\/12\/ChesteAcaronar_4.jpg 886w, https:\/\/tucomarca.whitekongsoftware.com\/wp-content\/uploads\/2023\/12\/ChesteAcaronar_4-300x200.jpg 300w, https:\/\/tucomarca.whitekongsoftware.com\/wp-content\/uploads\/2023\/12\/ChesteAcaronar_4-768x512.jpg 768w\" sizes=\"auto, (max-width: 886px) 100vw, 886px\" \/><\/figure>\n\n\n\n<figure class=\"wp-block-image size-large\"><img loading=\"lazy\" decoding=\"async\" width=\"886\" height=\"591\" data-id=\"205689\" src=\"http:\/\/www.tucomarca.com\/wordpress\/segunda\/wp-content\/uploads\/2023\/12\/ChesteAcaronar_5.jpg\" alt=\"\" class=\"wp-image-205689\" srcset=\"https:\/\/tucomarca.whitekongsoftware.com\/wp-content\/uploads\/2023\/12\/ChesteAcaronar_5.jpg 886w, https:\/\/tucomarca.whitekongsoftware.com\/wp-content\/uploads\/2023\/12\/ChesteAcaronar_5-300x200.jpg 300w, https:\/\/tucomarca.whitekongsoftware.com\/wp-content\/uploads\/2023\/12\/ChesteAcaronar_5-768x512.jpg 768w\" sizes=\"auto, (max-width: 886px) 100vw, 886px\" \/><\/figure>\n\n\n\n<figure class=\"wp-block-image size-large\"><img loading=\"lazy\" decoding=\"async\" width=\"886\" height=\"591\" data-id=\"205693\" src=\"http:\/\/www.tucomarca.com\/wordpress\/segunda\/wp-content\/uploads\/2023\/12\/ChesteAcaronar_7.jpg\" alt=\"\" class=\"wp-image-205693\" srcset=\"https:\/\/tucomarca.whitekongsoftware.com\/wp-content\/uploads\/2023\/12\/ChesteAcaronar_7.jpg 886w, https:\/\/tucomarca.whitekongsoftware.com\/wp-content\/uploads\/2023\/12\/ChesteAcaronar_7-300x200.jpg 300w, https:\/\/tucomarca.whitekongsoftware.com\/wp-content\/uploads\/2023\/12\/ChesteAcaronar_7-768x512.jpg 768w\" sizes=\"auto, (max-width: 886px) 100vw, 886px\" \/><\/figure>\n\n\n\n<figure class=\"wp-block-image size-large\"><img loading=\"lazy\" decoding=\"async\" width=\"886\" height=\"591\" data-id=\"205695\" src=\"http:\/\/www.tucomarca.com\/wordpress\/segunda\/wp-content\/uploads\/2023\/12\/ChesteAcaronar_8.jpg\" alt=\"\" class=\"wp-image-205695\" srcset=\"https:\/\/tucomarca.whitekongsoftware.com\/wp-content\/uploads\/2023\/12\/ChesteAcaronar_8.jpg 886w, https:\/\/tucomarca.whitekongsoftware.com\/wp-content\/uploads\/2023\/12\/ChesteAcaronar_8-300x200.jpg 300w, https:\/\/tucomarca.whitekongsoftware.com\/wp-content\/uploads\/2023\/12\/ChesteAcaronar_8-768x512.jpg 768w\" sizes=\"auto, (max-width: 886px) 100vw, 886px\" \/><\/figure>\n\n\n\n<figure class=\"wp-block-image size-large\"><img loading=\"lazy\" decoding=\"async\" width=\"886\" height=\"591\" data-id=\"205697\" src=\"http:\/\/www.tucomarca.com\/wordpress\/segunda\/wp-content\/uploads\/2023\/12\/ChesteAcaronar_9.jpg\" alt=\"\" class=\"wp-image-205697\" srcset=\"https:\/\/tucomarca.whitekongsoftware.com\/wp-content\/uploads\/2023\/12\/ChesteAcaronar_9.jpg 886w, https:\/\/tucomarca.whitekongsoftware.com\/wp-content\/uploads\/2023\/12\/ChesteAcaronar_9-300x200.jpg 300w, https:\/\/tucomarca.whitekongsoftware.com\/wp-content\/uploads\/2023\/12\/ChesteAcaronar_9-768x512.jpg 768w\" sizes=\"auto, (max-width: 886px) 100vw, 886px\" \/><\/figure>\n\n\n\n<figure class=\"wp-block-image size-large\"><img loading=\"lazy\" decoding=\"async\" width=\"886\" height=\"591\" data-id=\"205699\" src=\"http:\/\/www.tucomarca.com\/wordpress\/segunda\/wp-content\/uploads\/2023\/12\/ChesteAcaronar_10.jpg\" alt=\"\" class=\"wp-image-205699\" srcset=\"https:\/\/tucomarca.whitekongsoftware.com\/wp-content\/uploads\/2023\/12\/ChesteAcaronar_10.jpg 886w, https:\/\/tucomarca.whitekongsoftware.com\/wp-content\/uploads\/2023\/12\/ChesteAcaronar_10-300x200.jpg 300w, https:\/\/tucomarca.whitekongsoftware.com\/wp-content\/uploads\/2023\/12\/ChesteAcaronar_10-768x512.jpg 768w\" sizes=\"auto, (max-width: 886px) 100vw, 886px\" \/><\/figure>\n\n\n\n<figure class=\"wp-block-image size-large\"><img loading=\"lazy\" decoding=\"async\" width=\"886\" height=\"591\" data-id=\"205701\" src=\"http:\/\/www.tucomarca.com\/wordpress\/segunda\/wp-content\/uploads\/2023\/12\/ChesteAcaronar_11.jpg\" alt=\"\" class=\"wp-image-205701\" srcset=\"https:\/\/tucomarca.whitekongsoftware.com\/wp-content\/uploads\/2023\/12\/ChesteAcaronar_11.jpg 886w, https:\/\/tucomarca.whitekongsoftware.com\/wp-content\/uploads\/2023\/12\/ChesteAcaronar_11-300x200.jpg 300w, https:\/\/tucomarca.whitekongsoftware.com\/wp-content\/uploads\/2023\/12\/ChesteAcaronar_11-768x512.jpg 768w\" sizes=\"auto, (max-width: 886px) 100vw, 886px\" \/><\/figure>\n<\/figure>\n","protected":false},"excerpt":{"rendered":"<div class=\"mh-excerpt\">El teatre Liceu de Xest ha acollit aquest passat dissabte, 16 de desembre, l&#8217;acte&nbsp;Drets de la inf\u00e0ncia i l&#8217;adolesc\u00e8ncia, impulsat des de la Regidoria de Benestar Social a iniciativa de Acaronar, amb una exposici\u00f3 tem\u00e0tica <a class=\"mh-excerpt-more\" href=\"https:\/\/tucomarca.whitekongsoftware.com\/ca\/xest-acull-lacte-drets-de-la-infancia-i-ladolescencia-posant-el-focus-en-la-realitat-dels-xiquets-i-xiquetes-tutelats\/\" title=\"Xest acull l&#8217;acte \u201cDrets de la inf\u00e0ncia i l&#8217;adolesc\u00e8ncia\u201d posant el focus en la realitat dels xiquets i xiquetes tutelats\">[+] <\/a><\/div>\n","protected":false},"author":12,"featured_media":205692,"comment_status":"open","ping_status":"open","sticky":false,"template":"","format":"gallery","meta":{"footnotes":""},"categories":[10894,10912,11007,10947,10896,10974],"tags":[11387,11071,10914],"class_list":["post-205704","post","type-post","status-publish","format-gallery","has-post-thumbnail","category-la-comarca-ca","category-la-hoya-ca","category-ocio-y-cultura-ca","category-politica","category-seccion-ca","category-cheste-ca","tag-acaronar-ca","tag-cheste","tag-la-hoya-de-bunol-chiva-ca","post_format-post-format-gallery"],"_links":{"self":[{"href":"https:\/\/tucomarca.whitekongsoftware.com\/ca\/wp-json\/wp\/v2\/posts\/205704","targetHints":{"allow":["GET"]}}],"collection":[{"href":"https:\/\/tucomarca.whitekongsoftware.com\/ca\/wp-json\/wp\/v2\/posts"}],"about":[{"href":"https:\/\/tucomarca.whitekongsoftware.com\/ca\/wp-json\/wp\/v2\/types\/post"}],"author":[{"embeddable":true,"href":"https:\/\/tucomarca.whitekongsoftware.com\/ca\/wp-json\/wp\/v2\/users\/12"}],"replies":[{"embeddable":true,"href":"https:\/\/tucomarca.whitekongsoftware.com\/ca\/wp-json\/wp\/v2\/comments?post=205704"}],"version-history":[{"count":0,"href":"https:\/\/tucomarca.whitekongsoftware.com\/ca\/wp-json\/wp\/v2\/posts\/205704\/revisions"}],"wp:featuredmedia":[{"embeddable":true,"href":"https:\/\/tucomarca.whitekongsoftware.com\/ca\/wp-json\/wp\/v2\/media\/205692"}],"wp:attachment":[{"href":"https:\/\/tucomarca.whitekongsoftware.com\/ca\/wp-json\/wp\/v2\/media?parent=205704"}],"wp:term":[{"taxonomy":"category","embeddable":true,"href":"https:\/\/tucomarca.whitekongsoftware.com\/ca\/wp-json\/wp\/v2\/categories?post=205704"},{"taxonomy":"post_tag","embeddable":true,"href":"https:\/\/tucomarca.whitekongsoftware.com\/ca\/wp-json\/wp\/v2\/tags?post=205704"}],"curies":[{"name":"wp","href":"https:\/\/api.w.org\/{rel}","templated":true}]}}