{"id":205385,"date":"2023-12-18T14:30:00","date_gmt":"2023-12-18T13:30:00","guid":{"rendered":"https:\/\/www.tucomarca.com\/wordpress\/segunda\/?p=205385"},"modified":"2023-12-18T20:41:02","modified_gmt":"2023-12-18T19:41:02","slug":"la-regidora-del-prya-angeles-lopez-fa-valoracio-dels-sis-primers-mesos-de-la-seua-gestio-al-capdavant-de-medi-ambient-camins-i-aigua-a-requena","status":"publish","type":"post","link":"https:\/\/tucomarca.whitekongsoftware.com\/ca\/la-regidora-del-prya-angeles-lopez-fa-valoracio-dels-sis-primers-mesos-de-la-seua-gestio-al-capdavant-de-medi-ambient-camins-i-aigua-a-requena\/","title":{"rendered":"La regidora del PRyA, \u00c1ngeles L\u00f3pez, fa valoraci\u00f3 dels sis primers mesos de la seua gesti\u00f3 al capdavant de Medi Ambient, Camins i Aigua a Requena"},"content":{"rendered":"\n<p class=\"wp-block-paragraph\">La regidora del PRyA, \u00c1ngeles L\u00f3pez, fa valoraci\u00f3 dels sis primers mesos de la seua gesti\u00f3 al capdavant de Medi Ambient, Camins i Aigua: &#8220;En els primers sis mesos de la meua gesti\u00f3 al capdavant de la regidoria de Medi Ambient, Camins i Aigua s&#8217;han realitzat de manera cont\u00ednua importants labors de treball en aquestes importants \u00e0rees&#8221;.&nbsp;<\/p>\n\n\n\n<figure class=\"wp-block-gallery has-nested-images columns-default is-cropped wp-block-gallery-1 is-layout-flex wp-block-gallery-is-layout-flex\">\n<figure class=\"wp-block-image size-large\"><img loading=\"lazy\" decoding=\"async\" width=\"1181\" height=\"886\" data-id=\"205379\" src=\"http:\/\/www.tucomarca.com\/wordpress\/segunda\/wp-content\/uploads\/2023\/12\/PRyAMedioAmbiente2.jpg\" alt=\"\" class=\"wp-image-205379\" srcset=\"https:\/\/tucomarca.whitekongsoftware.com\/wp-content\/uploads\/2023\/12\/PRyAMedioAmbiente2.jpg 1181w, https:\/\/tucomarca.whitekongsoftware.com\/wp-content\/uploads\/2023\/12\/PRyAMedioAmbiente2-300x225.jpg 300w, https:\/\/tucomarca.whitekongsoftware.com\/wp-content\/uploads\/2023\/12\/PRyAMedioAmbiente2-1024x768.jpg 1024w, https:\/\/tucomarca.whitekongsoftware.com\/wp-content\/uploads\/2023\/12\/PRyAMedioAmbiente2-768x576.jpg 768w, https:\/\/tucomarca.whitekongsoftware.com\/wp-content\/uploads\/2023\/12\/PRyAMedioAmbiente2-678x509.jpg 678w, https:\/\/tucomarca.whitekongsoftware.com\/wp-content\/uploads\/2023\/12\/PRyAMedioAmbiente2-326x245.jpg 326w, https:\/\/tucomarca.whitekongsoftware.com\/wp-content\/uploads\/2023\/12\/PRyAMedioAmbiente2-80x60.jpg 80w\" sizes=\"auto, (max-width: 1181px) 100vw, 1181px\" \/><\/figure>\n\n\n\n<figure class=\"wp-block-image size-large\"><img loading=\"lazy\" decoding=\"async\" width=\"1181\" height=\"886\" data-id=\"205381\" src=\"http:\/\/www.tucomarca.com\/wordpress\/segunda\/wp-content\/uploads\/2023\/12\/PRyAMedioAmbiente3.jpg\" alt=\"\" class=\"wp-image-205381\" srcset=\"https:\/\/tucomarca.whitekongsoftware.com\/wp-content\/uploads\/2023\/12\/PRyAMedioAmbiente3.jpg 1181w, https:\/\/tucomarca.whitekongsoftware.com\/wp-content\/uploads\/2023\/12\/PRyAMedioAmbiente3-300x225.jpg 300w, https:\/\/tucomarca.whitekongsoftware.com\/wp-content\/uploads\/2023\/12\/PRyAMedioAmbiente3-1024x768.jpg 1024w, https:\/\/tucomarca.whitekongsoftware.com\/wp-content\/uploads\/2023\/12\/PRyAMedioAmbiente3-768x576.jpg 768w, https:\/\/tucomarca.whitekongsoftware.com\/wp-content\/uploads\/2023\/12\/PRyAMedioAmbiente3-678x509.jpg 678w, https:\/\/tucomarca.whitekongsoftware.com\/wp-content\/uploads\/2023\/12\/PRyAMedioAmbiente3-326x245.jpg 326w, https:\/\/tucomarca.whitekongsoftware.com\/wp-content\/uploads\/2023\/12\/PRyAMedioAmbiente3-80x60.jpg 80w\" sizes=\"auto, (max-width: 1181px) 100vw, 1181px\" \/><\/figure>\n<\/figure>\n\n\n\n<p class=\"wp-block-paragraph\">&#8220;Aquestes han sigut algunes de les actuacions de la meua regidoria:<\/p>\n\n\n\n<p class=\"wp-block-paragraph\"><strong>Medi ambient:<\/strong> durant aquests mesos per part d&#8217;aquesta regidoria gestionada pel PRyA s&#8217;ha celebrat el \u201cDia sense cotxes&#8221;, jornades de \u201cBasuraleza&#8221;, concurs de joves talents, l&#8217;elaboraci\u00f3 d&#8217;un cat\u00e0leg d&#8217;arbres monumentals, instal\u00b7laci\u00f3 de zones de compostatge, campanya sensibilitzaci\u00f3 #zerowaste, col\u00b7laboraci\u00f3 amb els esdeveniments esportius de Wineland Cycling i Epic Race, aix\u00ed com amb els Ra\u00efms, Festa de la Verema i Ral\u00b7li Humor\u00edstic, inici de redacci\u00f3 del Pla Mobilitat Urbana Sostenible, control de plagues urbanes, control de la col\u00f2nia felina i actuacions en mat\u00e8ria de prevenci\u00f3 d&#8217;incendis forestals, entre altres actuacions.\u00a0<\/p>\n\n\n\n<p class=\"wp-block-paragraph\"><strong>Camins: <\/strong>per al PRyA s\u00f3n prioritaris, per aix\u00f2 s&#8217;han comen\u00e7at a fer les reparacions sol\u00b7licitades pels ve\u00efns amb la motoniveladora propietat de l&#8217;Ajuntament, a m\u00e9s d&#8217;amb la qual \u00e9s propietat de la Mancomunitat de l&#8217;Interior. Tamb\u00e9 s&#8217;han elaborat pressupostos per a augmentar considerablement els fons municipals destinats al manteniment de camins al pr\u00f2xim any, per a poder fer front d&#8217;una manera m\u00e9s efica\u00e7 als treballs d&#8217;adequaci\u00f3 i manteniment de les nostres vies agr\u00e0ries.\u00a0<\/p>\n\n\n\n<p class=\"wp-block-paragraph\">A m\u00e9s de tot aix\u00f2, hem sol\u00b7licitat l&#8217;augment d&#8217;inversions per part de la Conselleria d&#8217;Agricultura per a l&#8217;asfaltat dels nostres camins. Des del PRyA considerem que l&#8217;administraci\u00f3 valenciana s&#8217;ha d&#8217;implicar m\u00e9s en l&#8217;adequaci\u00f3 dels nostres camins, per la qual cosa esperem tindre bones not\u00edcies en aquest sentit en les pr\u00f2ximes setmanes.&nbsp;<\/p>\n\n\n\n<p class=\"wp-block-paragraph\"><strong>Aigua:<\/strong> s&#8217;ha procedit a realitzar reparacions en la xarxa d&#8217;aigua potable de tot el municipi, a m\u00e9s del prove\u00efment d&#8217;aigua mitjan\u00e7ant cubes on ha sigut necessari a causa del minvament dels pous per la sequera. En les pr\u00f2ximes setmanes es procedir\u00e0 a adjudicar el contracte d&#8217;aigua potable i clavegueram, pendent aquest des d&#8217;abril de 2015, tancant aix\u00ed la contractaci\u00f3 d&#8217;aquest important servei p\u00fablic&#8221;.<\/p>\n\n\n\n<p class=\"wp-block-paragraph\">Signat: \u00c1ngeles Pilar L\u00f3pez Hern\u00e1ndez (PRyA), regidora de Medi Ambient, Camins i Aigua.<\/p>\n","protected":false},"excerpt":{"rendered":"<div class=\"mh-excerpt\">La regidora del PRyA, \u00c1ngeles L\u00f3pez, fa valoraci\u00f3 dels sis primers mesos de la seua gesti\u00f3 al capdavant de Medi Ambient, Camins i Aigua: &#8220;En els primers sis mesos de la meua gesti\u00f3 al capdavant <a class=\"mh-excerpt-more\" href=\"https:\/\/tucomarca.whitekongsoftware.com\/ca\/la-regidora-del-prya-angeles-lopez-fa-valoracio-dels-sis-primers-mesos-de-la-seua-gestio-al-capdavant-de-medi-ambient-camins-i-aigua-a-requena\/\" title=\"La regidora del PRyA, \u00c1ngeles L\u00f3pez, fa valoraci\u00f3 dels sis primers mesos de la seua gesti\u00f3 al capdavant de Medi Ambient, Camins i Aigua a Requena\">[+] <\/a><\/div>\n","protected":false},"author":12,"featured_media":205378,"comment_status":"open","ping_status":"open","sticky":false,"template":"","format":"gallery","meta":{"footnotes":""},"categories":[10948,10894,10903,10947,10908,10909,10896],"tags":[12796,11099,10910],"class_list":["post-205385","post","type-post","status-publish","format-gallery","has-post-thumbnail","category-infraestructuras-ca","category-la-comarca-ca","category-medio-ambiente-la-comarca-ca","category-politica","category-requena-ca","category-requena-utiel-ca","category-seccion-ca","tag-prya-ca","tag-requena-ca","tag-requena-utiel-ca","post_format-post-format-gallery"],"_links":{"self":[{"href":"https:\/\/tucomarca.whitekongsoftware.com\/ca\/wp-json\/wp\/v2\/posts\/205385","targetHints":{"allow":["GET"]}}],"collection":[{"href":"https:\/\/tucomarca.whitekongsoftware.com\/ca\/wp-json\/wp\/v2\/posts"}],"about":[{"href":"https:\/\/tucomarca.whitekongsoftware.com\/ca\/wp-json\/wp\/v2\/types\/post"}],"author":[{"embeddable":true,"href":"https:\/\/tucomarca.whitekongsoftware.com\/ca\/wp-json\/wp\/v2\/users\/12"}],"replies":[{"embeddable":true,"href":"https:\/\/tucomarca.whitekongsoftware.com\/ca\/wp-json\/wp\/v2\/comments?post=205385"}],"version-history":[{"count":0,"href":"https:\/\/tucomarca.whitekongsoftware.com\/ca\/wp-json\/wp\/v2\/posts\/205385\/revisions"}],"wp:featuredmedia":[{"embeddable":true,"href":"https:\/\/tucomarca.whitekongsoftware.com\/ca\/wp-json\/wp\/v2\/media\/205378"}],"wp:attachment":[{"href":"https:\/\/tucomarca.whitekongsoftware.com\/ca\/wp-json\/wp\/v2\/media?parent=205385"}],"wp:term":[{"taxonomy":"category","embeddable":true,"href":"https:\/\/tucomarca.whitekongsoftware.com\/ca\/wp-json\/wp\/v2\/categories?post=205385"},{"taxonomy":"post_tag","embeddable":true,"href":"https:\/\/tucomarca.whitekongsoftware.com\/ca\/wp-json\/wp\/v2\/tags?post=205385"}],"curies":[{"name":"wp","href":"https:\/\/api.w.org\/{rel}","templated":true}]}}