{"id":205215,"date":"2023-12-14T12:30:00","date_gmt":"2023-12-14T11:30:00","guid":{"rendered":"https:\/\/www.tucomarca.com\/wordpress\/segunda\/?p=205215"},"modified":"2023-12-14T22:52:12","modified_gmt":"2023-12-14T21:52:12","slug":"requena-acull-lexposicio-al-llauradora-indumentaria-popular-femenina-a-linterior-valencia","status":"publish","type":"post","link":"https:\/\/tucomarca.whitekongsoftware.com\/ca\/requena-acull-lexposicio-al-llauradora-indumentaria-popular-femenina-a-linterior-valencia\/","title":{"rendered":"Requena acull l&#8217;exposici\u00f3 \u201cAl llauradora. Indument\u00e0ria popular femenina a l&#8217;interior valenci\u00e0\u201d"},"content":{"rendered":"\n<h4 class=\"wp-block-heading\">La mostra reuneix prop de 500 peces conservades generaci\u00f3 rere generaci\u00f3 al llarg dels \u00faltims 250 anys.<\/h4>\n\n\n\n<p class=\"wp-block-paragraph\">El Museu Municipal de Requena, amb el patrocini de L\u2019ETNO, Museu Valenci\u00e0 d\u2019Etnologia, inaugura diumenge que ve dia 17 de desembre l&#8217;exposici\u00f3 \u201cAl llauradora. Indument\u00e0ria popular femenina a l&#8217;interior valenci\u00e0\u201d.<br>La mostra \u00e9s el resultat d&#8217;un intens treball de camp a les comarques de l&#8217;Alt Pal\u00e0ncia, Els Serrans i Requena-Utiel pel qual s&#8217;han documentat m\u00e9s de 1.000 peces d&#8217;indument\u00e0ria hist\u00f2rica i de les quals s&#8217;han seleccionat seca de 500 per a mostrar al p\u00fablic en aquesta exposici\u00f3.<br>La directora del Museu del Vestit de Madrid, Helena L\u00f3pez del Ferro, \u00e9s l&#8217;autora del pr\u00f2leg del cat\u00e0leg, una publicaci\u00f3 de 350 p\u00e0gines en la qual s&#8217;aborda l&#8217;evoluci\u00f3 dels modes i modes del vestir popular femen\u00ed en aquestes zones de l&#8217;interior valenci\u00e0.&nbsp;<br>L&#8217;objectiu de la mostra \u00e9s posar en valor aquest ric patrimoni cultural conservat per les fam\u00edlies en baguls i que \u00e9s fidel testimoniatge de la forma de vida passada. A m\u00e9s, no sols s&#8217;analitzen les peces com a peces hist\u00f2riques d&#8217;un moment concret, sin\u00f3 tamb\u00e9 la seua reutilitzaci\u00f3 posterior en la fixaci\u00f3 dels vestits t\u00edpics que s&#8217;han configurat com a senyal d&#8217;identitat de les diferents poblacions i amb els quals se les representa dins i fora d&#8217;elles.<br>El Museu Municipal de Requena cont\u00ednua aix\u00ed amb la labor d&#8217;estudi i difusi\u00f3 del patrimoni cultural relacionat amb el vestir popular, que part del treball iniciat en la d\u00e8cada dels anys 70 per Ferm\u00edn Pardo Pardo, membre de l&#8217;Associaci\u00f3 Valenciana de Indumentaristas (AVI) i es completa amb les investigacions que en l&#8217;actualitat est\u00e0 desenvolupant des de l&#8217;Associaci\u00f3 Cantares Vells al costat de Javier Marco Casero i Pablo Mart\u00ednez Gil, continuant aix\u00ed la labor iniciada fa ara 50 anys.<\/p>\n","protected":false},"excerpt":{"rendered":"<div class=\"mh-excerpt\">La mostra reuneix prop de 500 peces conservades generaci\u00f3 rere generaci\u00f3 al llarg dels \u00faltims 250 anys. El Museu Municipal de Requena, amb el patrocini de L\u2019ETNO, Museu Valenci\u00e0 d\u2019Etnologia, inaugura diumenge que ve dia <a class=\"mh-excerpt-more\" href=\"https:\/\/tucomarca.whitekongsoftware.com\/ca\/requena-acull-lexposicio-al-llauradora-indumentaria-popular-femenina-a-linterior-valencia\/\" title=\"Requena acull l&#8217;exposici\u00f3 \u201cAl llauradora. Indument\u00e0ria popular femenina a l&#8217;interior valenci\u00e0\u201d\">[+] <\/a><\/div>\n","protected":false},"author":12,"featured_media":205214,"comment_status":"open","ping_status":"open","sticky":false,"template":"","format":"standard","meta":{"footnotes":""},"categories":[11019,10894,11007,10908,10909,10896],"tags":[20028,11099,10910],"class_list":["post-205215","post","type-post","status-publish","format-standard","has-post-thumbnail","category-agenda-ca","category-la-comarca-ca","category-ocio-y-cultura-ca","category-requena-ca","category-requena-utiel-ca","category-seccion-ca","tag-a-lo-labradora-ca","tag-requena-ca","tag-requena-utiel-ca"],"_links":{"self":[{"href":"https:\/\/tucomarca.whitekongsoftware.com\/ca\/wp-json\/wp\/v2\/posts\/205215","targetHints":{"allow":["GET"]}}],"collection":[{"href":"https:\/\/tucomarca.whitekongsoftware.com\/ca\/wp-json\/wp\/v2\/posts"}],"about":[{"href":"https:\/\/tucomarca.whitekongsoftware.com\/ca\/wp-json\/wp\/v2\/types\/post"}],"author":[{"embeddable":true,"href":"https:\/\/tucomarca.whitekongsoftware.com\/ca\/wp-json\/wp\/v2\/users\/12"}],"replies":[{"embeddable":true,"href":"https:\/\/tucomarca.whitekongsoftware.com\/ca\/wp-json\/wp\/v2\/comments?post=205215"}],"version-history":[{"count":0,"href":"https:\/\/tucomarca.whitekongsoftware.com\/ca\/wp-json\/wp\/v2\/posts\/205215\/revisions"}],"wp:featuredmedia":[{"embeddable":true,"href":"https:\/\/tucomarca.whitekongsoftware.com\/ca\/wp-json\/wp\/v2\/media\/205214"}],"wp:attachment":[{"href":"https:\/\/tucomarca.whitekongsoftware.com\/ca\/wp-json\/wp\/v2\/media?parent=205215"}],"wp:term":[{"taxonomy":"category","embeddable":true,"href":"https:\/\/tucomarca.whitekongsoftware.com\/ca\/wp-json\/wp\/v2\/categories?post=205215"},{"taxonomy":"post_tag","embeddable":true,"href":"https:\/\/tucomarca.whitekongsoftware.com\/ca\/wp-json\/wp\/v2\/tags?post=205215"}],"curies":[{"name":"wp","href":"https:\/\/api.w.org\/{rel}","templated":true}]}}