{"id":205209,"date":"2023-12-14T09:00:00","date_gmt":"2023-12-14T08:00:00","guid":{"rendered":"https:\/\/www.tucomarca.com\/wordpress\/segunda\/?p=205209"},"modified":"2023-12-14T12:23:34","modified_gmt":"2023-12-14T11:23:34","slug":"algemesi-acull-la-presentacio-del-llibre-a-la-vaga-del-periodista-enrique-llopis","status":"publish","type":"post","link":"https:\/\/tucomarca.whitekongsoftware.com\/ca\/algemesi-acull-la-presentacio-del-llibre-a-la-vaga-del-periodista-enrique-llopis\/","title":{"rendered":"Algemes\u00ed acull la presentaci\u00f3 del llibre &#8216;A la vaga!, del periodista Enrique Llopis"},"content":{"rendered":"\n<p class=\"wp-block-paragraph\">Este dijous 14 de desembre a les 19:00h a la sala Vicent Castell de la Biblioteca municipal d&#8217;Algemes\u00ed tindr\u00e0 lloc la presentaci\u00f3 del llibre &#8220;\u00a1A la Huelga! Militancia y lucha de clases en Valencia (1975-2022)&#8221; d&#8217;Enric Llopis. A l&#8217;acte, que organitza Esquerra Unida d&#8217;Algemes\u00ed i que estar\u00e0 presentat per Fina Mach\u00ed, comptar\u00e0 amb la presencia de l\u2019autor, Enric Llopis, i de Vicent Maur\u00ed i Ventura Montalban, hist\u00f2rics sindicalistes valencians. Vicent Maur\u00ed es va afiliar al STEPV el 1985 i des d\u2019aleshores ha tingut c\u00e0rrecs de diferents responsabilitats com ser el portaveu fins la seua jubilaci\u00f3 el 2022. Ventura Montalban milita des de fa molts anys a CCOO PV i actualment \u00e9s el seu Secretari de Migraci\u00f3 i Cooperaci\u00f3.&nbsp;<\/p>\n\n\n\n<p class=\"wp-block-paragraph\">El llibre \u201c\u00a1A la huelga! Militancia y lucha de clases en Valencia (1975-2022)\u201d relata biografies i conflictes laborals en qu\u00e8 van participar nou sindicalistes durant quatre d\u00e8cades: Antonio P\u00e9rez Collado; Catalina Socias; Maxi Moro i Nicol Comes; Mamen Soler; Vicent Maur\u00ed; Ximo Jord\u00e0; Ventura Montalb\u00e1n; Gloria Mart\u00ednez i Alberto Guerrero. Ja jubilats, van estar empleats en diferents sectors, com el t\u00e8xtil, l&#8217;automobil\u00edstic, l&#8217;educaci\u00f3, l&#8217;ebenisteria o l&#8217;\u00e0mbit rural a l\u2019Horta de Val\u00e8ncia.<\/p>\n\n\n\n<p class=\"wp-block-paragraph\">Enric Llopis (1971) \u00e9s periodista i des de 2008 col\u00b7labora habitualment en les diferents seccions del peri\u00f2dic Rebelion.org. Durant una d\u00e8cada, ha simultaniejat el seu treball professional en gabinets de comunicaci\u00f3 institucionals amb la col\u00b7laboraci\u00f3 en mitjans \u2018alternatius\u2019 del Pa\u00eds Valenci\u00e0 com a L\u2019Avan\u00e7, L\u2019Accent o R\u00e0dio Klara. Ha publicat articles period\u00edstics durant la seua estada en Palestina, Cuba i Guatemala, a m\u00e9s d&#8217;articles i entrevistes a Diagonal, El Vell Talp, Kaos en la Red i Cr\u00f2nica Popular. \u00c9s autor, junt a Manolo Monereo i H\u00e9ctor Illueca, del llibre \u201cPer Europa i contra el sistema euro\u201d.<\/p>\n","protected":false},"excerpt":{"rendered":"<div class=\"mh-excerpt\">Este dijous 14 de desembre a les 19:00h a la sala Vicent Castell de la Biblioteca municipal d&#8217;Algemes\u00ed tindr\u00e0 lloc la presentaci\u00f3 del llibre &#8220;\u00a1A la Huelga! Militancia y lucha de clases en Valencia (1975-2022)&#8221; <a class=\"mh-excerpt-more\" href=\"https:\/\/tucomarca.whitekongsoftware.com\/ca\/algemesi-acull-la-presentacio-del-llibre-a-la-vaga-del-periodista-enrique-llopis\/\" title=\"Algemes\u00ed acull la presentaci\u00f3 del llibre &#8216;A la vaga!, del periodista Enrique Llopis\">[+] <\/a><\/div>\n","protected":false},"author":1,"featured_media":205207,"comment_status":"open","ping_status":"open","sticky":false,"template":"","format":"standard","meta":{"footnotes":""},"categories":[11019,10983,10894,10902,10947,10896],"tags":[11081,11592,11077],"class_list":["post-205209","post","type-post","status-publish","format-standard","has-post-thumbnail","category-agenda-ca","category-algemesi-ca","category-la-comarca-ca","category-la-ribera-ca","category-politica","category-seccion-ca","tag-algemesi-ca","tag-esquerra-unida-ca","tag-la-ribera-alta-ca"],"_links":{"self":[{"href":"https:\/\/tucomarca.whitekongsoftware.com\/ca\/wp-json\/wp\/v2\/posts\/205209","targetHints":{"allow":["GET"]}}],"collection":[{"href":"https:\/\/tucomarca.whitekongsoftware.com\/ca\/wp-json\/wp\/v2\/posts"}],"about":[{"href":"https:\/\/tucomarca.whitekongsoftware.com\/ca\/wp-json\/wp\/v2\/types\/post"}],"author":[{"embeddable":true,"href":"https:\/\/tucomarca.whitekongsoftware.com\/ca\/wp-json\/wp\/v2\/users\/1"}],"replies":[{"embeddable":true,"href":"https:\/\/tucomarca.whitekongsoftware.com\/ca\/wp-json\/wp\/v2\/comments?post=205209"}],"version-history":[{"count":0,"href":"https:\/\/tucomarca.whitekongsoftware.com\/ca\/wp-json\/wp\/v2\/posts\/205209\/revisions"}],"wp:featuredmedia":[{"embeddable":true,"href":"https:\/\/tucomarca.whitekongsoftware.com\/ca\/wp-json\/wp\/v2\/media\/205207"}],"wp:attachment":[{"href":"https:\/\/tucomarca.whitekongsoftware.com\/ca\/wp-json\/wp\/v2\/media?parent=205209"}],"wp:term":[{"taxonomy":"category","embeddable":true,"href":"https:\/\/tucomarca.whitekongsoftware.com\/ca\/wp-json\/wp\/v2\/categories?post=205209"},{"taxonomy":"post_tag","embeddable":true,"href":"https:\/\/tucomarca.whitekongsoftware.com\/ca\/wp-json\/wp\/v2\/tags?post=205209"}],"curies":[{"name":"wp","href":"https:\/\/api.w.org\/{rel}","templated":true}]}}