{"id":204953,"date":"2023-12-11T10:20:00","date_gmt":"2023-12-11T09:20:00","guid":{"rendered":"https:\/\/www.tucomarca.com\/wordpress\/segunda\/?p=204953"},"modified":"2023-12-11T20:54:39","modified_gmt":"2023-12-11T19:54:39","slug":"la-xxvi-edicio-de-la-mostra-de-teatre-de-xest-arriba-a-la-seua-fi-amb-la-gala-de-lliurament-de-premis","status":"publish","type":"post","link":"https:\/\/tucomarca.whitekongsoftware.com\/ca\/la-xxvi-edicio-de-la-mostra-de-teatre-de-xest-arriba-a-la-seua-fi-amb-la-gala-de-lliurament-de-premis\/","title":{"rendered":"La XXVI edici\u00f3 de la Mostra de teatre de Xest arriba a la seua fi amb la gala de lliurament de premis&nbsp;"},"content":{"rendered":"\n<p class=\"wp-block-paragraph\">El teatre Liceu ha acollit aquest diumenge, 10 de desembre, la celebraci\u00f3 de l&#8217;acte de clausura i el lliurament de premis de la XXVI edici\u00f3 de la Mostra de teatre no professional de Xest. La gala va estar condu\u00efda pel grup local Far\u00e0ndula, que va fer un homenatge al Teatre oferint al p\u00fablic un emotiu relat basat en records i experi\u00e8ncies personals. L&#8217;obra encarregada de clausurar la mostra en aquesta ocasi\u00f3 va ser Marina, de Rocambolesc teatre,una complexa hist\u00f2ria d&#8217;amor que va captivar al p\u00fablic i es va guanyar una ovaci\u00f3 final.&nbsp;<\/p>\n\n\n\n<p class=\"wp-block-paragraph\"><strong>Lliurament de premis<br><\/strong>Despr\u00e9s de la representaci\u00f3, es va procedir al lliurament de premis, a c\u00e0rrec de la regidora de Cultura, M\u00aa \u00c1ngeles Llorente, en la qual la triomfadora va ser la companyia Carpe Diem, l&#8217;obra de la qual, La visita, va aconseguir quatre dels sis guardons: millor interpretaci\u00f3 femenina, millor escenografia, millor espectacle i premi del p\u00fablic. Els premis a la millor direcci\u00f3 i a la millor interpretaci\u00f3 masculina van ser tots dos per a Stres de Quatre, per la pe\u00e7a Cantant sota les bales.<\/p>\n\n\n\n<p class=\"wp-block-paragraph\">Finalment, la regidora va intervindre per a fer un ampli agra\u00efment a les persones implicades en el desenvolupament de la mostra de teatre: a les companyies participants, a les quals es van presentar, als grups de teatre locals i al jurat, aix\u00ed com a les gestores culturals, al gabinet de premsa i a l&#8217;equip t\u00e8cnic del teatre, posant l&#8217;accent principalment en el reconeixement als i les artistes locals. \u201cGr\u00e0cies a Plateatro per oferir Campanades de boda en aquesta mostra, per l&#8217;intens treball realitzat, i per l&#8217;\u00e8xit collit; a Rocambolesc per portar l&#8217;especial Marina a aquesta clausura i a Far\u00e0ndula per conduir aquest acte\u201d, manifestava Llorente. \u201cLa Cultura amb maj\u00fascules canvia percepcions i realitats, produeix canvis en les persones, construeix pensament cr\u00edtic, fa reflexionar. Aquesta mostra participa en la construcci\u00f3 d&#8217;aquest pensament col\u00b7lectiu; Xest no seria el mateix sense els grups de teatre que han participat en ella any rere any i sense el seu p\u00fablic fidel\u201d.<\/p>\n\n\n\n<figure class=\"wp-block-gallery has-nested-images columns-2 is-cropped wp-block-gallery-1 is-layout-flex wp-block-gallery-is-layout-flex\">\n<figure class=\"wp-block-image size-large\"><img loading=\"lazy\" decoding=\"async\" width=\"886\" height=\"591\" data-id=\"204948\" src=\"http:\/\/www.tucomarca.com\/wordpress\/segunda\/wp-content\/uploads\/2023\/12\/ChesteMuestrateatro23_3.jpg\" alt=\"\" class=\"wp-image-204948\" srcset=\"https:\/\/tucomarca.whitekongsoftware.com\/wp-content\/uploads\/2023\/12\/ChesteMuestrateatro23_3.jpg 886w, https:\/\/tucomarca.whitekongsoftware.com\/wp-content\/uploads\/2023\/12\/ChesteMuestrateatro23_3-300x200.jpg 300w, https:\/\/tucomarca.whitekongsoftware.com\/wp-content\/uploads\/2023\/12\/ChesteMuestrateatro23_3-768x512.jpg 768w\" sizes=\"auto, (max-width: 886px) 100vw, 886px\" \/><\/figure>\n\n\n\n<figure class=\"wp-block-image size-large\"><img loading=\"lazy\" decoding=\"async\" width=\"886\" height=\"591\" data-id=\"204950\" src=\"http:\/\/www.tucomarca.com\/wordpress\/segunda\/wp-content\/uploads\/2023\/12\/ChesteMuestrateatro23_4.jpg\" alt=\"\" class=\"wp-image-204950\" srcset=\"https:\/\/tucomarca.whitekongsoftware.com\/wp-content\/uploads\/2023\/12\/ChesteMuestrateatro23_4.jpg 886w, https:\/\/tucomarca.whitekongsoftware.com\/wp-content\/uploads\/2023\/12\/ChesteMuestrateatro23_4-300x200.jpg 300w, https:\/\/tucomarca.whitekongsoftware.com\/wp-content\/uploads\/2023\/12\/ChesteMuestrateatro23_4-768x512.jpg 768w\" sizes=\"auto, (max-width: 886px) 100vw, 886px\" \/><\/figure>\n\n\n\n<figure class=\"wp-block-image size-large\"><img loading=\"lazy\" decoding=\"async\" width=\"886\" height=\"591\" data-id=\"204946\" src=\"http:\/\/www.tucomarca.com\/wordpress\/segunda\/wp-content\/uploads\/2023\/12\/ChesteMuestrateatro23_2.jpg\" alt=\"\" class=\"wp-image-204946\" srcset=\"https:\/\/tucomarca.whitekongsoftware.com\/wp-content\/uploads\/2023\/12\/ChesteMuestrateatro23_2.jpg 886w, https:\/\/tucomarca.whitekongsoftware.com\/wp-content\/uploads\/2023\/12\/ChesteMuestrateatro23_2-300x200.jpg 300w, https:\/\/tucomarca.whitekongsoftware.com\/wp-content\/uploads\/2023\/12\/ChesteMuestrateatro23_2-768x512.jpg 768w\" sizes=\"auto, (max-width: 886px) 100vw, 886px\" \/><\/figure>\n<\/figure>\n","protected":false},"excerpt":{"rendered":"<div class=\"mh-excerpt\">El teatre Liceu ha acollit aquest diumenge, 10 de desembre, la celebraci\u00f3 de l&#8217;acte de clausura i el lliurament de premis de la XXVI edici\u00f3 de la Mostra de teatre no professional de Xest. La <a class=\"mh-excerpt-more\" href=\"https:\/\/tucomarca.whitekongsoftware.com\/ca\/la-xxvi-edicio-de-la-mostra-de-teatre-de-xest-arriba-a-la-seua-fi-amb-la-gala-de-lliurament-de-premis\/\" title=\"La XXVI edici\u00f3 de la Mostra de teatre de Xest arriba a la seua fi amb la gala de lliurament de premis&nbsp;\">[+] <\/a><\/div>\n","protected":false},"author":12,"featured_media":204945,"comment_status":"open","ping_status":"open","sticky":false,"template":"","format":"gallery","meta":{"footnotes":""},"categories":[10898,10894,10912,11007,10896,10974],"tags":[11071,10914,12771],"class_list":["post-204953","post","type-post","status-publish","format-gallery","has-post-thumbnail","category-ventana-ca","category-la-comarca-ca","category-la-hoya-ca","category-ocio-y-cultura-ca","category-seccion-ca","category-cheste-ca","tag-cheste","tag-la-hoya-de-bunol-chiva-ca","tag-muestra-de-teatro-no-profesional-ca","post_format-post-format-gallery"],"_links":{"self":[{"href":"https:\/\/tucomarca.whitekongsoftware.com\/ca\/wp-json\/wp\/v2\/posts\/204953","targetHints":{"allow":["GET"]}}],"collection":[{"href":"https:\/\/tucomarca.whitekongsoftware.com\/ca\/wp-json\/wp\/v2\/posts"}],"about":[{"href":"https:\/\/tucomarca.whitekongsoftware.com\/ca\/wp-json\/wp\/v2\/types\/post"}],"author":[{"embeddable":true,"href":"https:\/\/tucomarca.whitekongsoftware.com\/ca\/wp-json\/wp\/v2\/users\/12"}],"replies":[{"embeddable":true,"href":"https:\/\/tucomarca.whitekongsoftware.com\/ca\/wp-json\/wp\/v2\/comments?post=204953"}],"version-history":[{"count":0,"href":"https:\/\/tucomarca.whitekongsoftware.com\/ca\/wp-json\/wp\/v2\/posts\/204953\/revisions"}],"wp:featuredmedia":[{"embeddable":true,"href":"https:\/\/tucomarca.whitekongsoftware.com\/ca\/wp-json\/wp\/v2\/media\/204945"}],"wp:attachment":[{"href":"https:\/\/tucomarca.whitekongsoftware.com\/ca\/wp-json\/wp\/v2\/media?parent=204953"}],"wp:term":[{"taxonomy":"category","embeddable":true,"href":"https:\/\/tucomarca.whitekongsoftware.com\/ca\/wp-json\/wp\/v2\/categories?post=204953"},{"taxonomy":"post_tag","embeddable":true,"href":"https:\/\/tucomarca.whitekongsoftware.com\/ca\/wp-json\/wp\/v2\/tags?post=204953"}],"curies":[{"name":"wp","href":"https:\/\/api.w.org\/{rel}","templated":true}]}}