{"id":204842,"date":"2023-12-09T12:00:00","date_gmt":"2023-12-09T11:00:00","guid":{"rendered":"https:\/\/www.tucomarca.com\/wordpress\/segunda\/?p=204842"},"modified":"2023-12-10T11:42:27","modified_gmt":"2023-12-10T10:42:27","slug":"godelleta-presenta-mujeres-que-hacen-pueblo-un-corto-que-cuenta-historias-de-mujeres-godelletanas-luchadoras-fuertes-y-valientes","status":"publish","type":"post","link":"https:\/\/tucomarca.whitekongsoftware.com\/ca\/godelleta-presenta-mujeres-que-hacen-pueblo-un-corto-que-cuenta-historias-de-mujeres-godelletanas-luchadoras-fuertes-y-valientes\/","title":{"rendered":"Godelleta presenta \u201cDones que fan poble\u201d un curt que conta hist\u00f2ries de dones godelletanas lluitadores, fortes i valentes"},"content":{"rendered":"\n<p class=\"wp-block-paragraph\">L&#8217;Ajuntament de Godelleta ha presentat el curtmetratge que forma part del projecte municipal &#8220;Dones que fan poble\u201d, un projecte que busca recon\u00e9ixer i homenatjar el treball, la dedicaci\u00f3 i l&#8217;esfor\u00e7 de totes les dones godelletanas a l&#8217;avan\u00e7 del municipi, segons han informat des del consistori.<\/p>\n\n\n\n<p class=\"wp-block-paragraph\">La presentaci\u00f3 d&#8217;aquest projecte municipal ha tingut lloc el passat dia 30 de novembre en el sal\u00f3 multiusos de la localitat. &#8220;Godelleta est\u00e0 formada per moltes de grans hist\u00f2ries, de dones lluitadores, fortes i valentes com aquestes que mereixen ser conegudes i reconegudes. Gr\u00e0cies a \u00c1gueda Ruiz, Celia Navarro, Ana Mar\u00eda Latorre, Paquita Hern\u00e1ndez, Silvia L\u00f3pez, Alicia Vicente i Mar\u00eda Isabel Ruiz, per compartir la seua i a la resta de persones que vau participar en aquest esdeveniment&#8221;, han afegit des del consistori.<\/p>\n\n\n\n<figure class=\"wp-block-gallery has-nested-images columns-2 is-cropped wp-block-gallery-1 is-layout-flex wp-block-gallery-is-layout-flex\">\n<figure class=\"wp-block-image size-full\"><img loading=\"lazy\" decoding=\"async\" width=\"886\" height=\"886\" data-id=\"204839\" src=\"http:\/\/www.tucomarca.com\/wordpress\/segunda\/wp-content\/uploads\/2023\/12\/GodelletaMujeres02.jpg\" alt=\"\" class=\"wp-image-204839\" srcset=\"https:\/\/tucomarca.whitekongsoftware.com\/wp-content\/uploads\/2023\/12\/GodelletaMujeres02.jpg 886w, https:\/\/tucomarca.whitekongsoftware.com\/wp-content\/uploads\/2023\/12\/GodelletaMujeres02-300x300.jpg 300w, https:\/\/tucomarca.whitekongsoftware.com\/wp-content\/uploads\/2023\/12\/GodelletaMujeres02-290x290.jpg 290w, https:\/\/tucomarca.whitekongsoftware.com\/wp-content\/uploads\/2023\/12\/GodelletaMujeres02-768x768.jpg 768w\" sizes=\"auto, (max-width: 886px) 100vw, 886px\" \/><\/figure>\n\n\n\n<figure class=\"wp-block-image size-large\"><img loading=\"lazy\" decoding=\"async\" width=\"886\" height=\"886\" data-id=\"204837\" src=\"http:\/\/www.tucomarca.com\/wordpress\/segunda\/wp-content\/uploads\/2023\/12\/GodelletaMujeres01.jpg\" alt=\"\" class=\"wp-image-204837\" srcset=\"https:\/\/tucomarca.whitekongsoftware.com\/wp-content\/uploads\/2023\/12\/GodelletaMujeres01.jpg 886w, https:\/\/tucomarca.whitekongsoftware.com\/wp-content\/uploads\/2023\/12\/GodelletaMujeres01-300x300.jpg 300w, https:\/\/tucomarca.whitekongsoftware.com\/wp-content\/uploads\/2023\/12\/GodelletaMujeres01-290x290.jpg 290w, https:\/\/tucomarca.whitekongsoftware.com\/wp-content\/uploads\/2023\/12\/GodelletaMujeres01-768x768.jpg 768w\" sizes=\"auto, (max-width: 886px) 100vw, 886px\" \/><\/figure>\n\n\n\n<figure class=\"wp-block-image size-large\"><img loading=\"lazy\" decoding=\"async\" width=\"886\" height=\"886\" data-id=\"204835\" src=\"http:\/\/www.tucomarca.com\/wordpress\/segunda\/wp-content\/uploads\/2023\/12\/GodelletaMujeres05.jpg\" alt=\"\" class=\"wp-image-204835\" srcset=\"https:\/\/tucomarca.whitekongsoftware.com\/wp-content\/uploads\/2023\/12\/GodelletaMujeres05.jpg 886w, https:\/\/tucomarca.whitekongsoftware.com\/wp-content\/uploads\/2023\/12\/GodelletaMujeres05-300x300.jpg 300w, https:\/\/tucomarca.whitekongsoftware.com\/wp-content\/uploads\/2023\/12\/GodelletaMujeres05-290x290.jpg 290w, https:\/\/tucomarca.whitekongsoftware.com\/wp-content\/uploads\/2023\/12\/GodelletaMujeres05-768x768.jpg 768w\" sizes=\"auto, (max-width: 886px) 100vw, 886px\" \/><\/figure>\n\n\n\n<figure class=\"wp-block-image size-large\"><img loading=\"lazy\" decoding=\"async\" width=\"886\" height=\"886\" data-id=\"204833\" src=\"http:\/\/www.tucomarca.com\/wordpress\/segunda\/wp-content\/uploads\/2023\/12\/GodelletaMujeres04.jpg\" alt=\"\" class=\"wp-image-204833\" srcset=\"https:\/\/tucomarca.whitekongsoftware.com\/wp-content\/uploads\/2023\/12\/GodelletaMujeres04.jpg 886w, https:\/\/tucomarca.whitekongsoftware.com\/wp-content\/uploads\/2023\/12\/GodelletaMujeres04-300x300.jpg 300w, https:\/\/tucomarca.whitekongsoftware.com\/wp-content\/uploads\/2023\/12\/GodelletaMujeres04-290x290.jpg 290w, https:\/\/tucomarca.whitekongsoftware.com\/wp-content\/uploads\/2023\/12\/GodelletaMujeres04-768x768.jpg 768w\" sizes=\"auto, (max-width: 886px) 100vw, 886px\" \/><\/figure>\n<\/figure>\n","protected":false},"excerpt":{"rendered":"<div class=\"mh-excerpt\">L&#8217;Ajuntament de Godelleta ha presentat el curtmetratge que forma part del projecte municipal &#8220;Dones que fan poble\u201d, un projecte que busca recon\u00e9ixer i homenatjar el treball, la dedicaci\u00f3 i l&#8217;esfor\u00e7 de totes les dones godelletanas <a class=\"mh-excerpt-more\" href=\"https:\/\/tucomarca.whitekongsoftware.com\/ca\/godelleta-presenta-mujeres-que-hacen-pueblo-un-corto-que-cuenta-historias-de-mujeres-godelletanas-luchadoras-fuertes-y-valientes\/\" title=\"Godelleta presenta \u201cDones que fan poble\u201d un curt que conta hist\u00f2ries de dones godelletanas lluitadores, fortes i valentes\">[+] <\/a><\/div>\n","protected":false},"author":12,"featured_media":204832,"comment_status":"open","ping_status":"open","sticky":false,"template":"","format":"gallery","meta":{"footnotes":""},"categories":[10977,10894,10912,11007,10947,10896],"tags":[11087,10914,20010],"class_list":["post-204842","post","type-post","status-publish","format-gallery","has-post-thumbnail","category-godelleta-ca","category-la-comarca-ca","category-la-hoya-ca","category-ocio-y-cultura-ca","category-politica","category-seccion-ca","tag-godelleta-ca","tag-la-hoya-de-bunol-chiva-ca","tag-mujeres-que-hacen-pueblo-ca","post_format-post-format-gallery"],"_links":{"self":[{"href":"https:\/\/tucomarca.whitekongsoftware.com\/ca\/wp-json\/wp\/v2\/posts\/204842","targetHints":{"allow":["GET"]}}],"collection":[{"href":"https:\/\/tucomarca.whitekongsoftware.com\/ca\/wp-json\/wp\/v2\/posts"}],"about":[{"href":"https:\/\/tucomarca.whitekongsoftware.com\/ca\/wp-json\/wp\/v2\/types\/post"}],"author":[{"embeddable":true,"href":"https:\/\/tucomarca.whitekongsoftware.com\/ca\/wp-json\/wp\/v2\/users\/12"}],"replies":[{"embeddable":true,"href":"https:\/\/tucomarca.whitekongsoftware.com\/ca\/wp-json\/wp\/v2\/comments?post=204842"}],"version-history":[{"count":0,"href":"https:\/\/tucomarca.whitekongsoftware.com\/ca\/wp-json\/wp\/v2\/posts\/204842\/revisions"}],"wp:featuredmedia":[{"embeddable":true,"href":"https:\/\/tucomarca.whitekongsoftware.com\/ca\/wp-json\/wp\/v2\/media\/204832"}],"wp:attachment":[{"href":"https:\/\/tucomarca.whitekongsoftware.com\/ca\/wp-json\/wp\/v2\/media?parent=204842"}],"wp:term":[{"taxonomy":"category","embeddable":true,"href":"https:\/\/tucomarca.whitekongsoftware.com\/ca\/wp-json\/wp\/v2\/categories?post=204842"},{"taxonomy":"post_tag","embeddable":true,"href":"https:\/\/tucomarca.whitekongsoftware.com\/ca\/wp-json\/wp\/v2\/tags?post=204842"}],"curies":[{"name":"wp","href":"https:\/\/api.w.org\/{rel}","templated":true}]}}