{"id":204565,"date":"2023-12-05T14:30:00","date_gmt":"2023-12-05T13:30:00","guid":{"rendered":"https:\/\/www.tucomarca.com\/wordpress\/segunda\/?p=204565"},"modified":"2023-12-06T11:12:07","modified_gmt":"2023-12-06T10:12:07","slug":"el-nou-servei-public-dautobusos-atendra-mes-de-67-000-persones-de-26-municipis-dutiel-requena-la-vall-daiora-cofrents-i-els-serrans","status":"publish","type":"post","link":"https:\/\/tucomarca.whitekongsoftware.com\/ca\/el-nou-servei-public-dautobusos-atendra-mes-de-67-000-persones-de-26-municipis-dutiel-requena-la-vall-daiora-cofrents-i-els-serrans\/","title":{"rendered":"El nou servei p\u00fablic d&#8217;autobusos atendr\u00e0 m\u00e9s de 67.000 persones de 26 municipis d&#8217;Utiel-Requena, la Vall d&#8217;Aiora-Cofrents i Els Serrans"},"content":{"rendered":"\n<p class=\"wp-block-paragraph\">La consellera de Medi Ambient, Aigua, Infraestructures i Territori, Salom\u00e9 Pradas, ha explicat que les noves concessions d&#8217;autobusos per al transport de viatgers per carretera adjudicades pel seu departament, que atendran usuaris de 26 municipis de les comarques de la Plana d&#8217;Utiel-Requena, la Vall de Cofrents-Aiora i Els Serrans. Les noves concessions -la CV104 i la CV105- suposaran per a la Generalitat un cost de 239.000 i 273.000 euros anuals, respectivament.<br>Pradas ha avan\u00e7at la posada en marxa de les noves concessions despr\u00e9s de la seua trobada de treball amb l&#8217;alcaldessa de Requena, Roc\u00edo Cortes, amb qui s&#8217;ha comprom\u00e9s a millorar aquests serveis, amb una nova parada per als ve\u00efns de la pedania dels Isidros.<\/p>\n\n\n\n<figure class=\"wp-block-image size-full\"><img loading=\"lazy\" decoding=\"async\" width=\"886\" height=\"665\" src=\"http:\/\/www.tucomarca.com\/wordpress\/segunda\/wp-content\/uploads\/2023\/12\/AutobusesRequena2.jpg\" alt=\"\" class=\"wp-image-204562\" srcset=\"https:\/\/tucomarca.whitekongsoftware.com\/wp-content\/uploads\/2023\/12\/AutobusesRequena2.jpg 886w, https:\/\/tucomarca.whitekongsoftware.com\/wp-content\/uploads\/2023\/12\/AutobusesRequena2-300x225.jpg 300w, https:\/\/tucomarca.whitekongsoftware.com\/wp-content\/uploads\/2023\/12\/AutobusesRequena2-768x576.jpg 768w, https:\/\/tucomarca.whitekongsoftware.com\/wp-content\/uploads\/2023\/12\/AutobusesRequena2-678x509.jpg 678w, https:\/\/tucomarca.whitekongsoftware.com\/wp-content\/uploads\/2023\/12\/AutobusesRequena2-326x245.jpg 326w, https:\/\/tucomarca.whitekongsoftware.com\/wp-content\/uploads\/2023\/12\/AutobusesRequena2-80x60.jpg 80w\" sizes=\"auto, (max-width: 886px) 100vw, 886px\" \/><\/figure>\n\n\n\n<p class=\"wp-block-paragraph\">La consellera ha destacat que la mobilitat \u201c\u00e9s un dret dels ciutadans i aquestes noves l\u00ednies permetran garantir a m\u00e9s de 67.000 persones la mobilitat per al seu treball, formaci\u00f3, serveis i tamb\u00e9, oci\u201d. La nostra missi\u00f3 \u2013 ha puntualitzat- \u201c\u00e9s prestar amb la major qualitat i oferta aquest servei p\u00fablic, essencial per al nostre progr\u00e9s i desenvolupament\u201d. Pradas ha afegit que, despr\u00e9s de l&#8217;adjudicaci\u00f3 de les dues concessions, est\u00e0 previst que entren en servei en breu.<br>La concessi\u00f3 CV104 Aiora-Requena-Val\u00e8ncia atendr\u00e0 una poblaci\u00f3 aproximada de 43.000 habitants dels municipis d&#8217;Aiora, Cofrents, Xalans, Xarafull, Requena, Setaig\u00fces, Teresa de Cofrents, Utiel i Zarra. A m\u00e9s de les poblacions esmentades, la l\u00ednia tamb\u00e9 oferir\u00e0 connexions directes amb els hospitals de Requena i Almansa, aix\u00ed com amb l&#8217;estaci\u00f3 de Renfe d&#8217;aquesta \u00faltima localitat d&#8217;Albacete. La concessi\u00f3 CV104 disposar\u00e0 de tres l\u00ednies amb parades en les pedanies dels Pedrones, La Portera i el Pont\u00f3.<br>Per part seua, la concessi\u00f3 CV105 atendr\u00e0 una poblaci\u00f3 de 24.000 habitants aproximadament de les comarques de la Plana d&#8217;Utiel-Requena i Els Serrans. En concret prestar\u00e0 servei -a trav\u00e9s de les seues quatre l\u00ednies- als municipis de Benaixeve, Camporrobles, Caudete de las Fuentes, Xera, Fuenterrobles, Requena, Sinarques, Utiel, Venta del Moro i Villargordo del Cabriel a la prov\u00edncia de Val\u00e8ncia, mentre que en la de Conca passaran per Alcal\u00e1 de la Vega, Algarra, Landete, Moya, Salvaca\u00f1ete i Talayuelas.<br>El servei inclou tamb\u00e9 les connexions amb les pedanies dels Ruices, Cases de Eufemia, Els Ducs, Camp Arc\u00eds, El Pont\u00f3, Calder\u00f3n, Sant Joan, Barri Rierol, Roma, Vessador i L&#8217;Assagador. Unes l\u00ednies que se sumen a la de la pedania de Sant Antoni, aprovada pel departament que dirigeix Pradas la setmana passada. Informa, <strong>Luis Ib\u00e1\u00f1ez.<\/strong><\/p>\n","protected":false},"excerpt":{"rendered":"<div class=\"mh-excerpt\">La consellera de Medi Ambient, Aigua, Infraestructures i Territori, Salom\u00e9 Pradas, ha explicat que les noves concessions d&#8217;autobusos per al transport de viatgers per carretera adjudicades pel seu departament, que atendran usuaris de 26 municipis <a class=\"mh-excerpt-more\" href=\"https:\/\/tucomarca.whitekongsoftware.com\/ca\/el-nou-servei-public-dautobusos-atendra-mes-de-67-000-persones-de-26-municipis-dutiel-requena-la-vall-daiora-cofrents-i-els-serrans\/\" title=\"El nou servei p\u00fablic d&#8217;autobusos atendr\u00e0 m\u00e9s de 67.000 persones de 26 municipis d&#8217;Utiel-Requena, la Vall d&#8217;Aiora-Cofrents i Els Serrans\">[+] <\/a><\/div>\n","protected":false},"author":12,"featured_media":204561,"comment_status":"open","ping_status":"open","sticky":false,"template":"","format":"standard","meta":{"footnotes":""},"categories":[10954,10951,11041,11031,11032,11054,10955,11046,10898,11055,10948,10956,10957,10894,10912,10947,10908,10909,10896,10979,11058,10958,11059,11060,11061,10959],"tags":[10910,19995,11440],"class_list":["post-204565","post","type-post","status-publish","format-standard","has-post-thumbnail","category-ayora-ca","category-ayora-cofrentes-ca","category-benageber-ca","category-camporrobles-ca","category-caudete-ca","category-chera-ca","category-cofrentes-ca","category-los-serranos-ca","category-ventana-ca","category-fuenterrobles-ca","category-infraestructuras-ca","category-jalance-ca","category-jarafuel-ca","category-la-comarca-ca","category-la-hoya-ca","category-politica","category-requena-ca","category-requena-utiel-ca","category-seccion-ca","category-siete-aguas-ca","category-sinarcas-ca","category-teresa-de-cofrentes-ca","category-utiel-ca","category-venta-del-moro-ca","category-villargordo-del-cabriel-ca","category-zarra-ca","tag-requena-utiel-ca","tag-servicio-publico-de-autobuses-ca","tag-valle-de-ayora-cofrentes-ca"],"_links":{"self":[{"href":"https:\/\/tucomarca.whitekongsoftware.com\/ca\/wp-json\/wp\/v2\/posts\/204565","targetHints":{"allow":["GET"]}}],"collection":[{"href":"https:\/\/tucomarca.whitekongsoftware.com\/ca\/wp-json\/wp\/v2\/posts"}],"about":[{"href":"https:\/\/tucomarca.whitekongsoftware.com\/ca\/wp-json\/wp\/v2\/types\/post"}],"author":[{"embeddable":true,"href":"https:\/\/tucomarca.whitekongsoftware.com\/ca\/wp-json\/wp\/v2\/users\/12"}],"replies":[{"embeddable":true,"href":"https:\/\/tucomarca.whitekongsoftware.com\/ca\/wp-json\/wp\/v2\/comments?post=204565"}],"version-history":[{"count":0,"href":"https:\/\/tucomarca.whitekongsoftware.com\/ca\/wp-json\/wp\/v2\/posts\/204565\/revisions"}],"wp:featuredmedia":[{"embeddable":true,"href":"https:\/\/tucomarca.whitekongsoftware.com\/ca\/wp-json\/wp\/v2\/media\/204561"}],"wp:attachment":[{"href":"https:\/\/tucomarca.whitekongsoftware.com\/ca\/wp-json\/wp\/v2\/media?parent=204565"}],"wp:term":[{"taxonomy":"category","embeddable":true,"href":"https:\/\/tucomarca.whitekongsoftware.com\/ca\/wp-json\/wp\/v2\/categories?post=204565"},{"taxonomy":"post_tag","embeddable":true,"href":"https:\/\/tucomarca.whitekongsoftware.com\/ca\/wp-json\/wp\/v2\/tags?post=204565"}],"curies":[{"name":"wp","href":"https:\/\/api.w.org\/{rel}","templated":true}]}}