{"id":204546,"date":"2023-12-05T12:12:00","date_gmt":"2023-12-05T11:12:00","guid":{"rendered":"https:\/\/www.tucomarca.com\/wordpress\/segunda\/?p=204546"},"modified":"2023-12-06T12:37:07","modified_gmt":"2023-12-06T11:37:07","slug":"jubilats-de-requena-celebren-la-seua-setmana-cultural-i-visiten-la-planta-de-tractament-de-residus-de-lliria","status":"publish","type":"post","link":"https:\/\/tucomarca.whitekongsoftware.com\/ca\/jubilats-de-requena-celebren-la-seua-setmana-cultural-i-visiten-la-planta-de-tractament-de-residus-de-lliria\/","title":{"rendered":"Jubilats de Requena celebren la seua setmana cultural i visiten la planta de tractament de residus de Ll\u00edria&nbsp;"},"content":{"rendered":"\n<p class=\"wp-block-paragraph\">La Llar de Jubilats i Pensionistes de Requena ha celebrat amb \u00e8xit la seua setmana cultural. Els actes van concloure&nbsp; amb una visita a la poblaci\u00f3 castellonenca d&#8217;Onda, on van realitzar un recorregut guiat a l&#8217;impressionant&nbsp; Museu de la Cer\u00e0mica, que va resultar del grat dels majors. Tamb\u00e9 van rec\u00f3rrer el centre hist\u00f2ric de la poblaci\u00f3 .<\/p>\n\n\n\n<p class=\"wp-block-paragraph\">Posteriorment es van despla\u00e7ar a Castell\u00f3, on en el restaurant Llar de Rosi van celebrar el menjar de confraternitat, que va posar fi als actes de la Setmana Cultural.<\/p>\n\n\n\n<figure class=\"wp-block-image size-full\"><img loading=\"lazy\" decoding=\"async\" width=\"886\" height=\"585\" src=\"http:\/\/www.tucomarca.com\/wordpress\/segunda\/wp-content\/uploads\/2023\/12\/MuseoCeramica2.jpg\" alt=\"\" class=\"wp-image-204537\" srcset=\"https:\/\/tucomarca.whitekongsoftware.com\/wp-content\/uploads\/2023\/12\/MuseoCeramica2.jpg 886w, https:\/\/tucomarca.whitekongsoftware.com\/wp-content\/uploads\/2023\/12\/MuseoCeramica2-300x198.jpg 300w, https:\/\/tucomarca.whitekongsoftware.com\/wp-content\/uploads\/2023\/12\/MuseoCeramica2-768x507.jpg 768w\" sizes=\"auto, (max-width: 886px) 100vw, 886px\" \/><\/figure>\n\n\n\n<p class=\"wp-block-paragraph\"><strong>Visita a la planta de tractament de residus de Ll\u00edria<\/strong><\/p>\n\n\n\n<p class=\"wp-block-paragraph\">D&#8217;altra banda, socis de la Llar del Pensionista de Requena van realitzar una visita a la planta de tractament de residus que t\u00e9 el consorci Val\u00e8ncia Interior a Ll\u00edria. En aquest centre van poder con\u00e9ixer el proc\u00e9s de selecci\u00f3 que s&#8217;est\u00e0 duent a terme amb els residus i la import\u00e0ncia de reciclar. Tamb\u00e9 els va quedar clar que no reciclar a m\u00e9s dels perjudicis mediambientals que provoca, augmenta considerablement els costos de selecci\u00f3 dels residus.<\/p>\n\n\n\n<p class=\"wp-block-paragraph\">Les visites que s&#8217;estan realitzant des del municipi requenense estan organitzades per \u00c1ngeles Pilar L\u00f3pez Hern\u00e1ndez, regidora&nbsp; de Medi ambient, Camins i Aigua de l&#8217;Ajuntament de Requena. Informa,<strong>&nbsp;Luis Ib\u00e1\u00f1ez.<\/strong><\/p>\n","protected":false},"excerpt":{"rendered":"<div class=\"mh-excerpt\">La Llar de Jubilats i Pensionistes de Requena ha celebrat amb \u00e8xit la seua setmana cultural. Els actes van concloure&nbsp; amb una visita a la poblaci\u00f3 castellonenca d&#8217;Onda, on van realitzar un recorregut guiat a <a class=\"mh-excerpt-more\" href=\"https:\/\/tucomarca.whitekongsoftware.com\/ca\/jubilats-de-requena-celebren-la-seua-setmana-cultural-i-visiten-la-planta-de-tractament-de-residus-de-lliria\/\" title=\"Jubilats de Requena celebren la seua setmana cultural i visiten la planta de tractament de residus de Ll\u00edria&nbsp;\">[+] <\/a><\/div>\n","protected":false},"author":12,"featured_media":204536,"comment_status":"open","ping_status":"open","sticky":false,"template":"","format":"image","meta":{"footnotes":""},"categories":[10894,11007,10908,10909,10896],"tags":[19993,11099,10910],"class_list":["post-204546","post","type-post","status-publish","format-image","has-post-thumbnail","category-la-comarca-ca","category-ocio-y-cultura-ca","category-requena-ca","category-requena-utiel-ca","category-seccion-ca","tag-hogar-de-jubilados-de-requena-ca","tag-requena-ca","tag-requena-utiel-ca","post_format-post-format-image"],"_links":{"self":[{"href":"https:\/\/tucomarca.whitekongsoftware.com\/ca\/wp-json\/wp\/v2\/posts\/204546","targetHints":{"allow":["GET"]}}],"collection":[{"href":"https:\/\/tucomarca.whitekongsoftware.com\/ca\/wp-json\/wp\/v2\/posts"}],"about":[{"href":"https:\/\/tucomarca.whitekongsoftware.com\/ca\/wp-json\/wp\/v2\/types\/post"}],"author":[{"embeddable":true,"href":"https:\/\/tucomarca.whitekongsoftware.com\/ca\/wp-json\/wp\/v2\/users\/12"}],"replies":[{"embeddable":true,"href":"https:\/\/tucomarca.whitekongsoftware.com\/ca\/wp-json\/wp\/v2\/comments?post=204546"}],"version-history":[{"count":0,"href":"https:\/\/tucomarca.whitekongsoftware.com\/ca\/wp-json\/wp\/v2\/posts\/204546\/revisions"}],"wp:featuredmedia":[{"embeddable":true,"href":"https:\/\/tucomarca.whitekongsoftware.com\/ca\/wp-json\/wp\/v2\/media\/204536"}],"wp:attachment":[{"href":"https:\/\/tucomarca.whitekongsoftware.com\/ca\/wp-json\/wp\/v2\/media?parent=204546"}],"wp:term":[{"taxonomy":"category","embeddable":true,"href":"https:\/\/tucomarca.whitekongsoftware.com\/ca\/wp-json\/wp\/v2\/categories?post=204546"},{"taxonomy":"post_tag","embeddable":true,"href":"https:\/\/tucomarca.whitekongsoftware.com\/ca\/wp-json\/wp\/v2\/tags?post=204546"}],"curies":[{"name":"wp","href":"https:\/\/api.w.org\/{rel}","templated":true}]}}