{"id":204350,"date":"2023-12-04T14:15:00","date_gmt":"2023-12-04T13:15:00","guid":{"rendered":"https:\/\/www.tucomarca.com\/wordpress\/segunda\/?p=204350"},"modified":"2023-12-04T20:34:35","modified_gmt":"2023-12-04T19:34:35","slug":"el-director-general-dadministracio-local-jose-antonio-redorat-es-reuneix-amb-lalcalde-dutiel-per-a-analitzar-accions-de-cooperacio","status":"publish","type":"post","link":"https:\/\/tucomarca.whitekongsoftware.com\/ca\/el-director-general-dadministracio-local-jose-antonio-redorat-es-reuneix-amb-lalcalde-dutiel-per-a-analitzar-accions-de-cooperacio\/","title":{"rendered":"El director general d&#8217;Administraci\u00f3 Local, Jos\u00e9 Antonio Redorat, es reuneix amb l&#8217;alcalde d&#8217;Utiel per a analitzar accions de cooperaci\u00f3\u00a0"},"content":{"rendered":"\n<h4 class=\"wp-block-heading\">El responsable auton\u00f2mic ha recorregut les instal\u00b7lacions municipals i ha conegut el celler subterrani situat en el propi consistori.<\/h4>\n\n\n\n<p class=\"wp-block-paragraph\">Aquest mat\u00ed, el Director General d&#8217;Administraci\u00f3 Local de la Generalitat Valenciana, Jos\u00e9 Antonio Redorat, es traslladava a l&#8217;Ajuntament d&#8217;Utiel per a con\u00e9ixer de primera m\u00e0 els recursos amb els quals compta el consistori i possibles accions a emprendre per a generar oportunitats de creixement en el municipi.<\/p>\n\n\n\n<p class=\"wp-block-paragraph\">\u201cUtiel compta amb un gran ventall de recursos diferenciadors que hem de potenciar i impulsar per a afavorir el creixement de municipis i comarques d&#8217;interior que permeten generar ocupaci\u00f3 i l&#8217;augment de poblaci\u00f3\u201d, remarcava Redorat.<\/p>\n\n\n\n<p class=\"wp-block-paragraph\">L&#8217;alcalde d&#8217;Utiel, Ricardo Gabald\u00f3n ha insistit en la import\u00e0ncia d&#8217;establir una relaci\u00f3 directa amb el departament d&#8217;administraci\u00f3 local de Presid\u00e8ncia de la Generalitat perqu\u00e8 coneguen les demandes espec\u00edfiques de cada ajuntament, amb les seues peculiaritats per a afrontar reptes i posar en marxa pol\u00edtiques p\u00fabliques que permeten ofereixen serveis i recursos adequats als seus ve\u00efns.<br>\u201cL&#8217;assessorament en mat\u00e8ria d&#8217;administraci\u00f3 local \u00e9s fonamental per a coordinar l&#8217;acc\u00e9s a fons de diferents entitats tant de Generalitat, com a Diputaci\u00f3 i tamb\u00e9 de fons europeus, amb els quals atorgar valor afegit a l&#8217;acci\u00f3 municipal\u201d, apuntava l&#8217;alcalde d&#8217;Utiel.<\/p>\n\n\n\n<p class=\"wp-block-paragraph\"><\/p>\n","protected":false},"excerpt":{"rendered":"<div class=\"mh-excerpt\">El responsable auton\u00f2mic ha recorregut les instal\u00b7lacions municipals i ha conegut el celler subterrani situat en el propi consistori. Aquest mat\u00ed, el Director General d&#8217;Administraci\u00f3 Local de la Generalitat Valenciana, Jos\u00e9 Antonio Redorat, es traslladava <a class=\"mh-excerpt-more\" href=\"https:\/\/tucomarca.whitekongsoftware.com\/ca\/el-director-general-dadministracio-local-jose-antonio-redorat-es-reuneix-amb-lalcalde-dutiel-per-a-analitzar-accions-de-cooperacio\/\" title=\"El director general d&#8217;Administraci\u00f3 Local, Jos\u00e9 Antonio Redorat, es reuneix amb l&#8217;alcalde d&#8217;Utiel per a analitzar accions de cooperaci\u00f3\u00a0\">[+] <\/a><\/div>\n","protected":false},"author":12,"featured_media":204349,"comment_status":"open","ping_status":"open","sticky":false,"template":"","format":"standard","meta":{"footnotes":""},"categories":[10894,10947,10909,10896,11059],"tags":[19977,10910,11174],"class_list":["post-204350","post","type-post","status-publish","format-standard","has-post-thumbnail","category-la-comarca-ca","category-politica","category-requena-utiel-ca","category-seccion-ca","category-utiel-ca","tag-acciones-de-cooperacion-ca","tag-requena-utiel-ca","tag-utiel-ca"],"_links":{"self":[{"href":"https:\/\/tucomarca.whitekongsoftware.com\/ca\/wp-json\/wp\/v2\/posts\/204350","targetHints":{"allow":["GET"]}}],"collection":[{"href":"https:\/\/tucomarca.whitekongsoftware.com\/ca\/wp-json\/wp\/v2\/posts"}],"about":[{"href":"https:\/\/tucomarca.whitekongsoftware.com\/ca\/wp-json\/wp\/v2\/types\/post"}],"author":[{"embeddable":true,"href":"https:\/\/tucomarca.whitekongsoftware.com\/ca\/wp-json\/wp\/v2\/users\/12"}],"replies":[{"embeddable":true,"href":"https:\/\/tucomarca.whitekongsoftware.com\/ca\/wp-json\/wp\/v2\/comments?post=204350"}],"version-history":[{"count":0,"href":"https:\/\/tucomarca.whitekongsoftware.com\/ca\/wp-json\/wp\/v2\/posts\/204350\/revisions"}],"wp:featuredmedia":[{"embeddable":true,"href":"https:\/\/tucomarca.whitekongsoftware.com\/ca\/wp-json\/wp\/v2\/media\/204349"}],"wp:attachment":[{"href":"https:\/\/tucomarca.whitekongsoftware.com\/ca\/wp-json\/wp\/v2\/media?parent=204350"}],"wp:term":[{"taxonomy":"category","embeddable":true,"href":"https:\/\/tucomarca.whitekongsoftware.com\/ca\/wp-json\/wp\/v2\/categories?post=204350"},{"taxonomy":"post_tag","embeddable":true,"href":"https:\/\/tucomarca.whitekongsoftware.com\/ca\/wp-json\/wp\/v2\/tags?post=204350"}],"curies":[{"name":"wp","href":"https:\/\/api.w.org\/{rel}","templated":true}]}}