{"id":204259,"date":"2023-12-03T18:00:00","date_gmt":"2023-12-03T17:00:00","guid":{"rendered":"https:\/\/www.tucomarca.com\/wordpress\/segunda\/?p=204259"},"modified":"2023-12-04T13:49:12","modified_gmt":"2023-12-04T12:49:12","slug":"la-diputacio-atorga-el-reconeixement-de-la-cultura-2023-a-la-federacio-de-societats-musicals-de-la-comunitat-valenciana","status":"publish","type":"post","link":"https:\/\/tucomarca.whitekongsoftware.com\/ca\/la-diputacio-atorga-el-reconeixement-de-la-cultura-2023-a-la-federacio-de-societats-musicals-de-la-comunitat-valenciana\/","title":{"rendered":"La Diputaci\u00f3 atorga el \u2018Reconeixement de la Cultura 2023\u2019 a la Federaci\u00f3 de Societats Musicals de la Comunitat Valenciana"},"content":{"rendered":"\n<h4 class=\"wp-block-heading\">El diputat de Cultura, Paco Teruel, destaca \u201cla tasca de vertebraci\u00f3 del territori que la Federaci\u00f3 realitza a trav\u00e9s de les bandes i els centres d&#8217;ensenyament musicals\u201d<\/h4>\n\n\n\n<h4 class=\"wp-block-heading\">L&#8217;entitat est\u00e0 integrada per 547 societats musicals, amb 47.000 m\u00fasics, 60.000 alumnes, 5.000 docents i m\u00e9s de 200.000 persones associades<\/h4>\n\n\n\n<figure class=\"wp-block-image size-full\"><img loading=\"lazy\" decoding=\"async\" width=\"1024\" height=\"682\" src=\"http:\/\/www.tucomarca.com\/wordpress\/segunda\/wp-content\/uploads\/2023\/12\/DipuReconeixementUtiel2.jpg\" alt=\"\" class=\"wp-image-204256\" srcset=\"https:\/\/tucomarca.whitekongsoftware.com\/wp-content\/uploads\/2023\/12\/DipuReconeixementUtiel2.jpg 1024w, https:\/\/tucomarca.whitekongsoftware.com\/wp-content\/uploads\/2023\/12\/DipuReconeixementUtiel2-300x200.jpg 300w, https:\/\/tucomarca.whitekongsoftware.com\/wp-content\/uploads\/2023\/12\/DipuReconeixementUtiel2-768x512.jpg 768w\" sizes=\"auto, (max-width: 1024px) 100vw, 1024px\" \/><\/figure>\n\n\n\n<p class=\"wp-block-paragraph\">La Diputaci\u00f3 ha atorgat el \u2018Reconeixement de la Cultura 2023\u2019 a la Federaci\u00f3 de Societats Musicals de la Comunitat Valenciana pel seu \u201cimpacte innegable en la nostra societat\u201d, ha subratllat el diputat de Cultura, Paco Teruel, qui ahir va presidir l&#8217;acte de lliurament del guard\u00f3 en el Teatre Rambal d&#8217;Utiel.<\/p>\n\n\n\n<p class=\"wp-block-paragraph\">Amb este reconeixement, l&#8217;\u00e0rea de Cultura de la Diputaci\u00f3 ha premiat a la Federaci\u00f3 per \u201cvertebrar tot el territori valenci\u00e0 a trav\u00e9s de les bandes de m\u00fasica i els centres d&#8217;ensenyament musical, on es comparteix no sols l&#8217;afici\u00f3 per la m\u00fasica, sin\u00f3 tamb\u00e9 valors col\u00b7lectius i el comprom\u00eds sociocultural enfront del desafiament global de la societat actual\u201d, ha explicat Teruel. Igualment, ha defensat, \u201cel nostre territori no s&#8217;ent\u00e9n sense m\u00fasica, la m\u00fasica ens singularitza com a poble i ning\u00fa dubta a situar al poble valenci\u00e0 com un dels m\u00e9s excel\u00b7lents del planeta pel que fa a la cultura musical\u201d.<\/p>\n\n\n\n<p class=\"wp-block-paragraph\">Per part seua, el diputat de Bandes de M\u00fasica i alcalde d&#8217;Utiel ha explicat que \u201ceste reconeixement reivindica la gran labor de la Federaci\u00f3 pel seu enorme treball i dedicaci\u00f3 al llarg de tots estos anys ajudant a mantindre i preservar el patrimoni cultural de tots els valencians i valencianes\u201d.&nbsp;<\/p>\n\n\n\n<p class=\"wp-block-paragraph\">A m\u00e9s, ha esgrimit, \u201cservix tamb\u00e9 per a enaltir i posar en valor l&#8217;esfor\u00e7 i la dedicaci\u00f3 de les societats musicals i tots els seus components, col\u00b7laboradors i aficionats, ja que, gr\u00e0cies a la suma de tots ells podem gaudir d&#8217;una de les manifestacions culturals i art\u00edstiques m\u00e9s rellevants del m\u00f3n, reconeguda recentment com B\u00e9 d&#8217;Inter\u00e9s Cultural Immaterial, que defieixen la nostra identitat com a poble i que donen sentit al car\u00e0cter festiu i alegre de tota la societat valenciana\u201d.<br><br>Finalment, ha assegurat Gabald\u00f3n, \u201cla Diputaci\u00f3 de Val\u00e8ncia continuar\u00e0 col\u00b7laborant conjuntament a trav\u00e9s de diferents projectes, com el Certamen Provincial de Bandes, l&#8217;objectiu de les quals \u00e9s fomentar, protegir i difondre este tipus de manifestacions art\u00edstiques, afavorint la sana compet\u00e8ncia entre les societats musicals participants per a potenciar l&#8217;estudi i la cerca de l&#8217;excel\u00b7l\u00e8ncia en la interpretaci\u00f3 musical\u201d.<\/p>\n","protected":false},"excerpt":{"rendered":"<div class=\"mh-excerpt\">El diputat de Cultura, Paco Teruel, destaca \u201cla tasca de vertebraci\u00f3 del territori que la Federaci\u00f3 realitza a trav\u00e9s de les bandes i els centres d&#8217;ensenyament musicals\u201d L&#8217;entitat est\u00e0 integrada per 547 societats musicals, amb <a class=\"mh-excerpt-more\" href=\"https:\/\/tucomarca.whitekongsoftware.com\/ca\/la-diputacio-atorga-el-reconeixement-de-la-cultura-2023-a-la-federacio-de-societats-musicals-de-la-comunitat-valenciana\/\" title=\"La Diputaci\u00f3 atorga el \u2018Reconeixement de la Cultura 2023\u2019 a la Federaci\u00f3 de Societats Musicals de la Comunitat Valenciana\">[+] <\/a><\/div>\n","protected":false},"author":12,"featured_media":204255,"comment_status":"open","ping_status":"open","sticky":false,"template":"","format":"image","meta":{"footnotes":""},"categories":[11005,10898,10894,10904,11007,10947,10909,10896,11059],"tags":[11246,11210,19965,10910],"class_list":["post-204259","post","type-post","status-publish","format-image","has-post-thumbnail","category-canal-musica","category-ventana-ca","category-la-comarca-ca","category-sin-categorizar-ca","category-ocio-y-cultura-ca","category-politica","category-requena-utiel-ca","category-seccion-ca","category-utiel-ca","tag-diputacio-de-valencia-ca","tag-fsmcv-ca","tag-reconocimiento-cultura-2023-ca","tag-requena-utiel-ca","post_format-post-format-image"],"_links":{"self":[{"href":"https:\/\/tucomarca.whitekongsoftware.com\/ca\/wp-json\/wp\/v2\/posts\/204259","targetHints":{"allow":["GET"]}}],"collection":[{"href":"https:\/\/tucomarca.whitekongsoftware.com\/ca\/wp-json\/wp\/v2\/posts"}],"about":[{"href":"https:\/\/tucomarca.whitekongsoftware.com\/ca\/wp-json\/wp\/v2\/types\/post"}],"author":[{"embeddable":true,"href":"https:\/\/tucomarca.whitekongsoftware.com\/ca\/wp-json\/wp\/v2\/users\/12"}],"replies":[{"embeddable":true,"href":"https:\/\/tucomarca.whitekongsoftware.com\/ca\/wp-json\/wp\/v2\/comments?post=204259"}],"version-history":[{"count":0,"href":"https:\/\/tucomarca.whitekongsoftware.com\/ca\/wp-json\/wp\/v2\/posts\/204259\/revisions"}],"wp:featuredmedia":[{"embeddable":true,"href":"https:\/\/tucomarca.whitekongsoftware.com\/ca\/wp-json\/wp\/v2\/media\/204255"}],"wp:attachment":[{"href":"https:\/\/tucomarca.whitekongsoftware.com\/ca\/wp-json\/wp\/v2\/media?parent=204259"}],"wp:term":[{"taxonomy":"category","embeddable":true,"href":"https:\/\/tucomarca.whitekongsoftware.com\/ca\/wp-json\/wp\/v2\/categories?post=204259"},{"taxonomy":"post_tag","embeddable":true,"href":"https:\/\/tucomarca.whitekongsoftware.com\/ca\/wp-json\/wp\/v2\/tags?post=204259"}],"curies":[{"name":"wp","href":"https:\/\/api.w.org\/{rel}","templated":true}]}}