{"id":204173,"date":"2023-12-02T10:00:00","date_gmt":"2023-12-02T09:00:00","guid":{"rendered":"https:\/\/www.tucomarca.com\/wordpress\/segunda\/?p=204173"},"modified":"2023-12-02T11:20:06","modified_gmt":"2023-12-02T10:20:06","slug":"fotogaleria-se-presenta-la-37-edicion-de-las-finales-del-interpueblos-de-galotxa-que-se-desarrollaran-en-godelleta-y-algimia-dalfara","status":"publish","type":"post","link":"https:\/\/tucomarca.whitekongsoftware.com\/ca\/fotogaleria-se-presenta-la-37-edicion-de-las-finales-del-interpueblos-de-galotxa-que-se-desarrollaran-en-godelleta-y-algimia-dalfara\/","title":{"rendered":"Fotogaler\u00eda: Es presenta la 37 edici\u00f3 de les finals del Interpueblos de galotxa que es desenvoluparan a Godelleta i Alg\u00edmia d&#8217;Alfara"},"content":{"rendered":"\n<p class=\"wp-block-paragraph\"><strong>Del 5 al 10 de desembre, el carrer de Godelleta i el trinquet d&#8217;Alg\u00edmia d&#8217;Alfara acolliran les 12 finals del 37 Campionat Interpobles<\/strong><\/p>\n\n\n\n<p class=\"wp-block-paragraph\"><strong>La final de primer carrer, entre Marquesat i Montserrat, es disputar\u00e0 el diumenge 10 a les 11.30 hores i es podr\u00e0 seguir en streaming pel YouTube de la FPV<\/strong><\/p>\n\n\n\n<p class=\"wp-block-paragraph\">Les instal\u00b7lacions de la seu de Edicom al parc tecnol\u00f2gic de Paterna han acollit la presentaci\u00f3 de les partides Finals del 37 Campionat Interpobles de Galotxa, Gran Premi Edicom. La setmana vinent, entre els dies 5 i 10 de desembre, 24 equips protagonitzaran les 12 finals, presentades aquest dijous, per a al\u00e7ar-se amb els t\u00edtols de les diferents categories tant en la modalitat en carrer com en trinquet. Per clubs, Trinquet de Torrent \u00e9s el que m\u00e9s equips aporta a les finals, amb un total de 4, pels 3 de Montserrat.<\/p>\n\n\n\n<p class=\"wp-block-paragraph\">Aquest dijous, la seu de l&#8217;empresa Edicom, al Parc Tecnol\u00f2gic de Paterna, va acollir la tradicional cita de presentaci\u00f3 de les finals de l&#8217;edici\u00f3 d&#8217;enguany. Representants de clubs i equips que van participar en les diferents partides pels t\u00edtols van ser presents en la vetlada amb la galotxa com a protagonista, juntament amb Enrique Buenaventura, m\u00e0rqueting manager de Edicom; Vicent Molines, president de la Federaci\u00f3 de Pilota Valenciana; Juanba Camarelles, vicepresident de la FPV de l&#8217;\u00c0rea de Galotxa; Ernest Buralla, alcalde d&#8217;Alg\u00edmia d&#8217;Alfara; i Juan Tar\u00edn, regidor d&#8217;Esports de l&#8217;ajuntament de Godelleta, els dos municipis que acolliran les 12 finals de la competici\u00f3.<\/p>\n\n\n\n<p class=\"wp-block-paragraph\">Per a Enrique Buenaventura, &#8220;independentment de les motivacions econ\u00f2miques o de visibilitat que podem aconseguir, el que hi ha darrere \u00e9s ser conscient que formem part d&#8217;aquesta societat i que som valencians i per a nosaltres \u00e9s un orgull, m\u00e9s que un benefici. Tindre un esport tan nostre, tan d&#8217;ac\u00ed i tan arrelat especialment als pobles de la rodalia \u00e9s una cosa que cal fomentar, \u00e9s com si es tractara del valenci\u00e0. Som una companyia d&#8217;ac\u00ed i \u00e9s quasi una obligaci\u00f3 moral&#8221;.<\/p>\n\n\n\n<p class=\"wp-block-paragraph\">Segons Vicent Molines, &#8220;El trofeu Edicom \u00e9s una competici\u00f3 referent. Cal destacar el comprom\u00eds que t\u00e9 l&#8217;empresa Edicom amb aquest campionat, que fomenta uns valors molt importants de la pilota valenciana com \u00e9s la pedrera, ja que tots els jugadors han d&#8217;haver sigut formats en el club o haver estat molts anys jugant en el club&#8221;.<\/p>\n\n\n\n<p class=\"wp-block-paragraph\">En paraules de Juanba Camarelles, &#8220;\u00c9s un goig veure la sala plena dels equips finalistes, i sobretot que la galotxa est\u00e0 en moviment, que la pilota no deixa de rodar, encara que hi ha dificultats i incerteses en la societat en general, la pilota no deixa mai de botar. Que una empresa com Edicom estiga al nostre costat sempre li dona eixa imatge tant a la galotxa com la Federaci\u00f3, que mereixen un campionat d&#8217;aquesta categoria&#8221;.<\/p>\n\n\n\n<p class=\"wp-block-paragraph\">Gr\u00e0cies a la col\u00b7laboraci\u00f3 dels seus ajuntaments i clubs de pilota, el carrer de Godelleta acollir\u00e0 7 finals -Primera, Segona, Tercera, Femenina, Adobes A i B i Juvenil-, mentre que el trinquet d&#8217;Alg\u00edmia d&#8217;Alfara ser\u00e0 l&#8217;escenari de les 5 finals restants -Primera, Segona, Tercera, Quarta A i Quarta B-, que es disputaran totes el dimecres 6.<\/p>\n\n\n\n<p class=\"wp-block-paragraph\"><br>Ovocity Marquesat i Llan\u00e7adora Montserrat tornen a citar-se pel t\u00edtol de la m\u00e0xima categoria. Marquesat A va eliminar a Borbot\u00f3 en semifinals, mentre que Montserrat, per part seua, es va imposar a Beniparrell.<\/p>\n\n\n\n<p class=\"wp-block-paragraph\">Aquesta \u00e9s una de les finals m\u00e9s esperades, ja que l&#8217;any passat va v\u00e9ncer Marquesat despr\u00e9s de 5 anys seguits de domini de Montserrat i enguany es tornen a veure les cares en la gran final, programada per al diumenge 10 de desembre a les 11:30h i es podr\u00e0 seguir en streaming a trav\u00e9s del canal de YouTube de la Federaci\u00f3.<\/p>\n\n\n\n<p class=\"wp-block-paragraph\">En segona categoria, Montserrat B i Actuacions Meliana jugaran el diumenge 10 a les 16:00h. En Tercera, Navagro Faura C i Albuixec s&#8217;enfrontaran a continuaci\u00f3 de la de Segona, a les 17:15h.<\/p>\n\n\n\n<p class=\"wp-block-paragraph\">En Curtes A, Foios B i Meliana D es veuran les cares en la final que es jugar\u00e0 el dissabte 9 de desembre a les 9:30h. Ajuntament de Beniparrell C i Caixa Popular Godelleta B protagonitzaran la final de Curtes B seguidament, a les 11:15h.<\/p>\n\n\n\n<p class=\"wp-block-paragraph\">La final de la categoria femenina ser\u00e0 la primera de totes, ja que es jugar\u00e0 el dimarts 5 de desembre a les 19:00h amb Ovocity Marquesat i Justo Ballester Meliana. Finalment, Montserrat i Massamagrell competiran pel t\u00edtol Juvenil el diumenge dia 10 a les 10:00h, pr\u00e8via a la final de Primera.<\/p>\n\n\n\n<p class=\"wp-block-paragraph\">La Baronia i Torrent s\u00f3n els finalistes del Edicom trinquet. La Baronia, un \u2018cl\u00e0ssic\u2019 de les finals de la modalitat, va superar en semifinals a Caixa Popular La Pobla de Vallbona. El seu rival ser\u00e0 Torrent, despr\u00e9s d&#8217;una igualada eliminat\u00f2ria contra Caixa Popular Manises. La final es disputar\u00e0 a les 11:00h en el trinquet algimi\u00e0.<\/p>\n\n\n\n<p class=\"wp-block-paragraph\">En segona categoria, Torrent B i Amics de la Ribera A se mesuraran a les 16:00h. Quant a Tercera, Onda A i Torrent D competiran a les 17:15h. En Quarta A, Exrumjar Alberic B i Gabriel Luna Massalfassar C buscaran el t\u00edtol a les 12:30h. Finalment, en Quarta B, Trinquet de Torrent F i Borriol B se citaran a les 9:45h.<\/p>\n\n\n\n<p class=\"wp-block-paragraph\">Este jueves, la sede de la empresa Edicom, en el Parque Tecnol\u00f3gico de Paterna, acogi\u00f3 la tradicional cita de presentaci\u00f3n de las finales de la edici\u00f3n de este a\u00f1o. Representantes de clubes y equipos que participaron en las diferentes partidas por los t\u00edtulos estuvieron presentes en la velada con la galotxa como protagonista, junto con Enrique Buenaventura, marketing manager de Edicom; Vicent Molines, presidente de la Federaci\u00f3 de Pilota Valenciana; Juanba Camarelles, vicepresidente de la FPV del \u00c1rea de Galotxa; Ernest Buralla, alcalde de Alg\u00edmia d&#8217;Alfara; y Juan Tar\u00edn, regidor de Deportes del ayuntamiento de Godelleta, los dos municipios que acoger\u00e1n las 12 finales de la competici\u00f3n.<\/p>\n\n\n\n<p class=\"wp-block-paragraph\">Para Enrique Buenaventura, &#8220;independientemente de las motivaciones econ\u00f3micas o de visibilidad que podemos conseguir, lo que hay detr\u00e1s es ser consciente de que formamos parte de esta sociedad y que somos valencianos y para nosotros es un orgullo, m\u00e1s que un beneficio. Tener un deporte tan nuestro, tan de aqu\u00ed y tan arraigado especialmente en los pueblos de las cercan\u00edas es una cosa que hay que fomentar, es como si se tratara del valenciano. Somos una compa\u00f1\u00eda de aqu\u00ed y es casi una obligaci\u00f3n moral&#8221;.<\/p>\n\n\n\n<p class=\"wp-block-paragraph\">Seg\u00fan Vicent Molines, &#8220;El trofeo Edicom es una competici\u00f3n referente. Hay que destacar el compromiso que tiene la empresa Edicom con este campeonato, que fomenta unos valores muy importantes de la pilota valenciana como es la cantera, puesto que todos los jugadores tienen que haber sido formados en el club o haber estado muchos a\u00f1os jugando en el club&#8221;.<\/p>\n\n\n\n<p class=\"wp-block-paragraph\">En palabras de Juanba Camarelles, &#8220;Es un gozo ver la sala llena de los equipos finalistas, y sobre todo que la galotxa est\u00e1 en movimiento, que la pelota no deja de rodar, aunque hay dificultades e incertidumbres en la sociedad en general, la pelota no deja nunca de botar. Que una empresa como Edicom est\u00e9 a nuestro lado siempre le da esa imagen tanto a la galotxa como la Federaci\u00f3n, que merecen un campeonato de esta categor\u00eda&#8221;.<\/p>\n\n\n\n<p class=\"wp-block-paragraph\">Gracias a la colaboraci\u00f3n de sus ayuntamientos y clubes de pilota, la calle de Godelleta acoger\u00e1 7 finales -Primera, Segunda, Tercera, Femenina, Curtes A y B y Juvenil-, mientras que el trinquet de Alg\u00edmia d&#8217;Alfara ser\u00e1 el escenario de las 5 finales restantes -Primera, Segunda, Tercera, Cuarta A y Cuarta B-, que se disputar\u00e1n todas el mi\u00e9rcoles 6.<\/p>\n\n\n\n<p class=\"wp-block-paragraph\">Ovocity Marquesat y Lanzadera Montserrat vuelven a citarse por el t\u00edtulo de la m\u00e1xima categor\u00eda. Marquesado A elimin\u00f3 a Borbot\u00f3 en semifinales, mientras que Montserrat, por su parte, se impuso a Beniparrell.<\/p>\n\n\n\n<p class=\"wp-block-paragraph\">Esta es una de las finales m\u00e1s esperadas, puesto que el a\u00f1o pasado venci\u00f3 Marquesat despu\u00e9s de 5 a\u00f1os seguidos de dominio de Montserrat y este a\u00f1o se vuelven a ver las caras en la gran final, programada para el domingo 10 de diciembre a las 11:30h y se podr\u00e1 seguir en streaming a trav\u00e9s del canal de YouTube de la Federaci\u00f3.<\/p>\n\n\n\n<p class=\"wp-block-paragraph\">En segunda categor\u00eda, Montserrat B y Autos Meliana jugar\u00e1n el domingo 10 a las 16:00h. En Tercera, Navagro Faura C y Albuixech se enfrentar\u00e1n a continuaci\u00f3n de la de Segunda, a las 17:15h.<\/p>\n\n\n\n<p class=\"wp-block-paragraph\">En Curtes A, Foios B y Meliana D se ver\u00e1n las caras en la final que se jugar\u00e1 el s\u00e1bado 9 de diciembre a las 9:30h. Ayuntamiento de Beniparrell C y Caixa Popular Godelleta B protagonizar\u00e1n la final de Curtes B seguidamente, a las 11:15h.<\/p>\n\n\n\n<p class=\"wp-block-paragraph\">La final de la categor\u00eda femenina ser\u00e1 la primera de todas, puesto que se jugar\u00e1 el martes 5 de diciembre a las 19:00h con Ovocity Marquesat y Justo Ballester Meliana. Por \u00faltimo, Montserrat y Massamagrell competir\u00e1n por el t\u00edtulo Juvenil el domingo d\u00eda 10 a las 10:00h, previa a la final de Primera.<\/p>\n\n\n\n<p class=\"wp-block-paragraph\">La Baronia y Torrent son los finalistas del Edicom trinquet. La Baron\u00eda, un \u2018cl\u00e1sico\u2019 de las finales de la modalidad, super\u00f3 en semifinales a Caixa Popular La Pobla de Vallbona. Su rival ser\u00e1 Torrent, despu\u00e9s de una igualada eliminatoria contra Caixa Popular Manises. La final se disputar\u00e1 a las 11:00h en el trinquet algimi\u00e0.<\/p>\n\n\n\n<p class=\"wp-block-paragraph\">En segunda categor\u00eda, Torrent B y Amics de la Ribera A se medir\u00e1n a las 16:00h. En cuanto a Tercera, Onda A y Torrent D competir\u00e1n a las 17:15h. En Cuarta A, Exrumjar Alberic B y Gabriel Luna Massalfassar C buscar\u00e1n el t\u00edtulo a las 12:30h. Por \u00faltimo, en Cuarta B, Trinquet de Torrent F y Borriol B se citar\u00e1n a las 9:45h.<\/p>\n\n\n\n<figure class=\"wp-block-gallery has-nested-images columns-2 is-cropped wp-block-gallery-1 is-layout-flex wp-block-gallery-is-layout-flex\">\n<figure class=\"wp-block-image size-large\"><img loading=\"lazy\" decoding=\"async\" width=\"1600\" height=\"1200\" data-id=\"204165\" src=\"http:\/\/www.tucomarca.com\/wordpress\/segunda\/wp-content\/uploads\/2023\/12\/37Galotxa2.jpeg\" alt=\"\" class=\"wp-image-204165\" srcset=\"https:\/\/tucomarca.whitekongsoftware.com\/wp-content\/uploads\/2023\/12\/37Galotxa2.jpeg 1600w, https:\/\/tucomarca.whitekongsoftware.com\/wp-content\/uploads\/2023\/12\/37Galotxa2-300x225.jpeg 300w, https:\/\/tucomarca.whitekongsoftware.com\/wp-content\/uploads\/2023\/12\/37Galotxa2-1024x768.jpeg 1024w, https:\/\/tucomarca.whitekongsoftware.com\/wp-content\/uploads\/2023\/12\/37Galotxa2-768x576.jpeg 768w, https:\/\/tucomarca.whitekongsoftware.com\/wp-content\/uploads\/2023\/12\/37Galotxa2-1536x1152.jpeg 1536w, https:\/\/tucomarca.whitekongsoftware.com\/wp-content\/uploads\/2023\/12\/37Galotxa2-678x509.jpeg 678w, https:\/\/tucomarca.whitekongsoftware.com\/wp-content\/uploads\/2023\/12\/37Galotxa2-326x245.jpeg 326w, https:\/\/tucomarca.whitekongsoftware.com\/wp-content\/uploads\/2023\/12\/37Galotxa2-80x60.jpeg 80w\" sizes=\"auto, (max-width: 1600px) 100vw, 1600px\" \/><\/figure>\n\n\n\n<figure class=\"wp-block-image size-large\"><img loading=\"lazy\" decoding=\"async\" width=\"1600\" height=\"1200\" data-id=\"204163\" src=\"http:\/\/www.tucomarca.com\/wordpress\/segunda\/wp-content\/uploads\/2023\/12\/37Galotxa1.jpeg\" alt=\"\" class=\"wp-image-204163\" srcset=\"https:\/\/tucomarca.whitekongsoftware.com\/wp-content\/uploads\/2023\/12\/37Galotxa1.jpeg 1600w, https:\/\/tucomarca.whitekongsoftware.com\/wp-content\/uploads\/2023\/12\/37Galotxa1-300x225.jpeg 300w, https:\/\/tucomarca.whitekongsoftware.com\/wp-content\/uploads\/2023\/12\/37Galotxa1-1024x768.jpeg 1024w, https:\/\/tucomarca.whitekongsoftware.com\/wp-content\/uploads\/2023\/12\/37Galotxa1-768x576.jpeg 768w, https:\/\/tucomarca.whitekongsoftware.com\/wp-content\/uploads\/2023\/12\/37Galotxa1-1536x1152.jpeg 1536w, https:\/\/tucomarca.whitekongsoftware.com\/wp-content\/uploads\/2023\/12\/37Galotxa1-678x509.jpeg 678w, https:\/\/tucomarca.whitekongsoftware.com\/wp-content\/uploads\/2023\/12\/37Galotxa1-326x245.jpeg 326w, https:\/\/tucomarca.whitekongsoftware.com\/wp-content\/uploads\/2023\/12\/37Galotxa1-80x60.jpeg 80w\" sizes=\"auto, (max-width: 1600px) 100vw, 1600px\" \/><\/figure>\n\n\n\n<figure class=\"wp-block-image size-large\"><img loading=\"lazy\" decoding=\"async\" width=\"1600\" height=\"1200\" data-id=\"204167\" src=\"http:\/\/www.tucomarca.com\/wordpress\/segunda\/wp-content\/uploads\/2023\/12\/37Galotxa3.jpeg\" alt=\"\" class=\"wp-image-204167\" srcset=\"https:\/\/tucomarca.whitekongsoftware.com\/wp-content\/uploads\/2023\/12\/37Galotxa3.jpeg 1600w, https:\/\/tucomarca.whitekongsoftware.com\/wp-content\/uploads\/2023\/12\/37Galotxa3-300x225.jpeg 300w, https:\/\/tucomarca.whitekongsoftware.com\/wp-content\/uploads\/2023\/12\/37Galotxa3-1024x768.jpeg 1024w, https:\/\/tucomarca.whitekongsoftware.com\/wp-content\/uploads\/2023\/12\/37Galotxa3-768x576.jpeg 768w, https:\/\/tucomarca.whitekongsoftware.com\/wp-content\/uploads\/2023\/12\/37Galotxa3-1536x1152.jpeg 1536w, https:\/\/tucomarca.whitekongsoftware.com\/wp-content\/uploads\/2023\/12\/37Galotxa3-678x509.jpeg 678w, https:\/\/tucomarca.whitekongsoftware.com\/wp-content\/uploads\/2023\/12\/37Galotxa3-326x245.jpeg 326w, https:\/\/tucomarca.whitekongsoftware.com\/wp-content\/uploads\/2023\/12\/37Galotxa3-80x60.jpeg 80w\" sizes=\"auto, (max-width: 1600px) 100vw, 1600px\" \/><\/figure>\n<\/figure>\n","protected":false},"excerpt":{"rendered":"<div class=\"mh-excerpt\">Del 5 al 10 de desembre, el carrer de Godelleta i el trinquet d&#8217;Alg\u00edmia d&#8217;Alfara acolliran les 12 finals del 37 Campionat Interpobles La final de primer carrer, entre Marquesat i Montserrat, es disputar\u00e0 el <a class=\"mh-excerpt-more\" href=\"https:\/\/tucomarca.whitekongsoftware.com\/ca\/fotogaleria-se-presenta-la-37-edicion-de-las-finales-del-interpueblos-de-galotxa-que-se-desarrollaran-en-godelleta-y-algimia-dalfara\/\" title=\"Fotogaler\u00eda: Es presenta la 37 edici\u00f3 de les finals del Interpueblos de galotxa que es desenvoluparan a Godelleta i Alg\u00edmia d&#8217;Alfara\">[+] <\/a><\/div>\n","protected":false},"author":1,"featured_media":204170,"comment_status":"open","ping_status":"open","sticky":false,"template":"","format":"gallery","meta":{"footnotes":""},"categories":[11019,11003,10898,10977,10894,10904,10912,10902,11000,11009,10896],"tags":[11087,10914],"class_list":["post-204173","post","type-post","status-publish","format-gallery","has-post-thumbnail","category-agenda-ca","category-sports","category-ventana-ca","category-godelleta-ca","category-la-comarca-ca","category-sin-categorizar-ca","category-la-hoya-ca","category-la-ribera-ca","category-monserrat-ca","category-polideportivo-ca","category-seccion-ca","tag-godelleta-ca","tag-la-hoya-de-bunol-chiva-ca","post_format-post-format-gallery"],"_links":{"self":[{"href":"https:\/\/tucomarca.whitekongsoftware.com\/ca\/wp-json\/wp\/v2\/posts\/204173","targetHints":{"allow":["GET"]}}],"collection":[{"href":"https:\/\/tucomarca.whitekongsoftware.com\/ca\/wp-json\/wp\/v2\/posts"}],"about":[{"href":"https:\/\/tucomarca.whitekongsoftware.com\/ca\/wp-json\/wp\/v2\/types\/post"}],"author":[{"embeddable":true,"href":"https:\/\/tucomarca.whitekongsoftware.com\/ca\/wp-json\/wp\/v2\/users\/1"}],"replies":[{"embeddable":true,"href":"https:\/\/tucomarca.whitekongsoftware.com\/ca\/wp-json\/wp\/v2\/comments?post=204173"}],"version-history":[{"count":0,"href":"https:\/\/tucomarca.whitekongsoftware.com\/ca\/wp-json\/wp\/v2\/posts\/204173\/revisions"}],"wp:featuredmedia":[{"embeddable":true,"href":"https:\/\/tucomarca.whitekongsoftware.com\/ca\/wp-json\/wp\/v2\/media\/204170"}],"wp:attachment":[{"href":"https:\/\/tucomarca.whitekongsoftware.com\/ca\/wp-json\/wp\/v2\/media?parent=204173"}],"wp:term":[{"taxonomy":"category","embeddable":true,"href":"https:\/\/tucomarca.whitekongsoftware.com\/ca\/wp-json\/wp\/v2\/categories?post=204173"},{"taxonomy":"post_tag","embeddable":true,"href":"https:\/\/tucomarca.whitekongsoftware.com\/ca\/wp-json\/wp\/v2\/tags?post=204173"}],"curies":[{"name":"wp","href":"https:\/\/api.w.org\/{rel}","templated":true}]}}