{"id":204123,"date":"2023-11-30T15:00:00","date_gmt":"2023-11-30T14:00:00","guid":{"rendered":"https:\/\/www.tucomarca.com\/wordpress\/segunda\/?p=204123"},"modified":"2023-11-30T20:22:04","modified_gmt":"2023-11-30T19:22:04","slug":"ximo-puig-i-enric-juliana-repassen-la-situacio-politica-i-social-actual-en-una-nova-trobada-de-aplec-a-riba-roja","status":"publish","type":"post","link":"https:\/\/tucomarca.whitekongsoftware.com\/ca\/ximo-puig-i-enric-juliana-repassen-la-situacio-politica-i-social-actual-en-una-nova-trobada-de-aplec-a-riba-roja\/","title":{"rendered":"Ximo Puig i Enric Juliana repassen la situaci\u00f3 pol\u00edtica i social actual en una nova trobada de APLEC\u00a0a Riba-roja"},"content":{"rendered":"\n<h4 class=\"wp-block-heading\">L&#8217;expresident de la Generalitat Valenciana reivindica el dret a canviar d&#8217;opini\u00f3 mentre Enric Juliana parla d&#8217;un novembre que ser\u00e0 estudiat pels historiadors<\/h4>\n\n\n\n<figure class=\"wp-block-image size-full\"><img loading=\"lazy\" decoding=\"async\" width=\"886\" height=\"665\" src=\"http:\/\/www.tucomarca.com\/wordpress\/segunda\/wp-content\/uploads\/2023\/11\/RibaAplec2.jpg\" alt=\"\" class=\"wp-image-204119\" srcset=\"https:\/\/tucomarca.whitekongsoftware.com\/wp-content\/uploads\/2023\/11\/RibaAplec2.jpg 886w, https:\/\/tucomarca.whitekongsoftware.com\/wp-content\/uploads\/2023\/11\/RibaAplec2-300x225.jpg 300w, https:\/\/tucomarca.whitekongsoftware.com\/wp-content\/uploads\/2023\/11\/RibaAplec2-768x576.jpg 768w, https:\/\/tucomarca.whitekongsoftware.com\/wp-content\/uploads\/2023\/11\/RibaAplec2-678x509.jpg 678w, https:\/\/tucomarca.whitekongsoftware.com\/wp-content\/uploads\/2023\/11\/RibaAplec2-326x245.jpg 326w, https:\/\/tucomarca.whitekongsoftware.com\/wp-content\/uploads\/2023\/11\/RibaAplec2-80x60.jpg 80w\" sizes=\"auto, (max-width: 886px) 100vw, 886px\" \/><\/figure>\n\n\n\n<p class=\"wp-block-paragraph\">L&#8217;Ajuntament de Riba-roja de T\u00faria ha organitzat aquest dimecres 29 de novembre la seua segona trobada de APLEC, amb la pres\u00e8ncia de l&#8217;expresident de la Generalitat Valenciana Ximo Puig i l&#8217;escriptor i periodista Enric Juliana, per a abordar temes d&#8217;actualitat social i pol\u00edtica, a m\u00e9s de tractar el llibre de Puig, \u2018Una idea d&#8217;esperan\u00e7a\u2019.<br>La trobada que s&#8217;ha articulat com un di\u00e0leg entre els dos homes as Castell de Riba-roja i amb m\u00e9s d&#8217;un centenar d&#8217;assistents, ha abordat com a eix central la q\u00fcesti\u00f3 de l&#8217;amnistia i les actuals tensions existents en determinats sectors socials que els dos homes han titllat de \u201cnovembre que ser\u00e0 estudiat pels historiadors\u201d, i on Puig ha reivindicat \u201cel dret a canviar d&#8217;opini\u00f3\u201d prenent per prestades les paraules de Joan Fuster.<br>Puig ha explicat durant la seua conversa que \u201cel que passa ac\u00ed \u00e9s el que est\u00e0 passant en el m\u00f3n\u201d referint-se a la pujada de l&#8217;extrema dreta i a la \u201cvisibilitat\u201d que ja tenen no sols en els parlaments sin\u00f3 tamb\u00e9 al carrer. Aix\u00ed, l&#8217;ara senador ha emmarcat els altercats i tota la ret\u00f2rica \u201cpopulista\u201d d&#8217;uns certs sectors de dretes, en \u201cuna resituaci\u00f3 del neoliberalisme sota el populisme\u201d. \u201cEl sense complexos del senyor Aznar \u00e9s ara un sense complexos general\u201d ha afirmat, rebaixant no obstant aix\u00f2 la import\u00e0ncia que cal donar a les manifestacions contra la aminist\u00eda ocorregudes durant el mes de novembre.<br>\u201cEs parla de grans manifestacions, per\u00f2 cal tindre clar que hi ha hagut majors manifestacions al nostre pa\u00eds com per exemple les del proc\u00e9s, la lluita pels drets de l&#8217;avortament o lgtbi, o en contra de la privatitzaci\u00f3 de la sanitat\u201d ha comentat Puig per a \u201ccontextualitzar\u201d el que \u00e9s una \u201cgran manifestaci\u00f3\u201d. \u201cLa difer\u00e8ncia est\u00e0 en la virul\u00e8ncia amb la qual s&#8217;exerceix i forma part del que ocorre en el m\u00f3n\u201d ha sentenciat.<br>Per part seua, el director adjunt al peri\u00f2dic de La Vanguardia, Enric Juliana, ha volgut assenyalar com a \u201cpunt cr\u00edtic\u201d de la reacci\u00f3 social per l&#8217;amnistia, \u201cla sobreactuaci\u00f3n superba d&#8217;estaments de l&#8217;aparell de l&#8217;Estat\u201d. \u201cNo hi ha hagut cap cos de funcionariat de l&#8217;Estat que no s&#8217;haja pronunciat excepte els militars\u201d ha afirmat de manera cr\u00edtica per la pres\u00e8ncia de manifestacions o cr\u00edtiques que \u201cno competeixen\u201d a aquests cossos.<br>Juliana ha volgut fer a m\u00e9s una lectura dels setges a les seus del PSOE que atribueix al partit VOX per voler \u201csobrexpresarse\u201d a la vista de la baixada de suport en les \u00faltimes eleccions. Per part seua, Puig ha parlat de \u201cvirus general\u201d referint-se al hypernacionalismo espanyol en el qual es \u201cpatrimonializa Espanya per part de les elits, dificultant en moltes ocasions la pr\u00f2pia entesa entre espanyols\u201d. Aix\u00ed, Puig a defensat que hi ha diverses visions de ser espanyol \u201cigual que ser valenci\u00e0\u201d i ha criticat \u201cels vestits a mesura que ens obliguen a tindre per a ser un bon espanyol, catal\u00e0 o finland\u00e9s\u201d.<br>Durant la trobada Puig i Juliana han respost a preguntes del p\u00fablic. Una d&#8217;elles sobre el futur del expresident en relaci\u00f3 al PSPV, Puig ha respost que el seu futur passa per les futures decisions que el seu partit prendr\u00e0 de manera \u201cdemocr\u00e0tica\u201d per\u00f2 que mentre estiga de secretari general continuar\u00e0 treballant en un projecte \u201cobert, progressista i valencianista i no sectari que no sols estiga compost per un sector, sin\u00f3 que siga el m\u00e9s ampli possible\u201d.<\/p>\n\n\n\n<p class=\"wp-block-paragraph\">SEGONA TROBADA DE APLEC<\/p>\n\n\n\n<p class=\"wp-block-paragraph\">El \u2018\u00c0gora del Pensament Lliure Espai Cultural\u2019 \u00e9s el nou programa de confer\u00e8ncies i trobades dedicades al di\u00e0leg i el pensament intel\u00b7lectual que en paraules de l&#8217;alcalde de Riba-roja de T\u00faria, Robert Raga, \u201cpret\u00e9n ser un nou referent avantguardista a la prov\u00edncia per a abordar una \u00e0mplia gamma de temes, des de pol\u00edtica i ci\u00e8ncia fins a q\u00fcestions d&#8217;actualitat o cultura, a trav\u00e9s de convidats referents en les seues respectives \u00e0rees de treball que aportaran coneixements, a m\u00e9s de di\u00e0legs significatius i diversitat de pensament\u201d.<br>Segons va explicar l&#8217;Ajuntament durant la seua presentaci\u00f3 a principi del mes de novembre, APLEC busca convertir-se en un far de coneixement i reflexi\u00f3 per a la societat en un moment \u201ctan convuls\u201d a tots els nivells i \u201con \u00e9s necessari parar i desxifrar el que ens envolta\u201d. Segons va explicar el regidor d&#8217;Art i Cultura, Jos\u00e9 Manuel Vila, \u201c APLEC pret\u00e9n aportar a la societat claus i perspectives fins i tot diferents a les que estem acostumats per a oferir un referent seri\u00f3s i de qualitat on trobar respostes, sense caure en di\u00e0legs incomprensibles o elitistes\u201d.<br>La setmana passada APLEC va rebre al director d&#8217;Amnistia Internacional Espa\u00f1a Esteban Beltr\u00e1n en una confer\u00e8ncia en la qual es va abordar el tema dels Drets Humans i l&#8217;actual situaci\u00f3 entre Israel i Palestina.<\/p>\n","protected":false},"excerpt":{"rendered":"<div class=\"mh-excerpt\">L&#8217;expresident de la Generalitat Valenciana reivindica el dret a canviar d&#8217;opini\u00f3 mentre Enric Juliana parla d&#8217;un novembre que ser\u00e0 estudiat pels historiadors L&#8217;Ajuntament de Riba-roja de T\u00faria ha organitzat aquest dimecres 29 de novembre la <a class=\"mh-excerpt-more\" href=\"https:\/\/tucomarca.whitekongsoftware.com\/ca\/ximo-puig-i-enric-juliana-repassen-la-situacio-politica-i-social-actual-en-una-nova-trobada-de-aplec-a-riba-roja\/\" title=\"Ximo Puig i Enric Juliana repassen la situaci\u00f3 pol\u00edtica i social actual en una nova trobada de APLEC\u00a0a Riba-roja\">[+] <\/a><\/div>\n","protected":false},"author":12,"featured_media":204118,"comment_status":"open","ping_status":"open","sticky":false,"template":"","format":"standard","meta":{"footnotes":""},"categories":[10892,10894,10947,10906,10896],"tags":[19948,10899,15024],"class_list":["post-204123","post","type-post","status-publish","format-standard","has-post-thumbnail","category-camp-de-turia-ca","category-la-comarca-ca","category-politica","category-riba-roja-ca","category-seccion-ca","tag-aplec-ca","tag-camp-de-turia-ca","tag-riba-roja-de-turia-ca"],"_links":{"self":[{"href":"https:\/\/tucomarca.whitekongsoftware.com\/ca\/wp-json\/wp\/v2\/posts\/204123","targetHints":{"allow":["GET"]}}],"collection":[{"href":"https:\/\/tucomarca.whitekongsoftware.com\/ca\/wp-json\/wp\/v2\/posts"}],"about":[{"href":"https:\/\/tucomarca.whitekongsoftware.com\/ca\/wp-json\/wp\/v2\/types\/post"}],"author":[{"embeddable":true,"href":"https:\/\/tucomarca.whitekongsoftware.com\/ca\/wp-json\/wp\/v2\/users\/12"}],"replies":[{"embeddable":true,"href":"https:\/\/tucomarca.whitekongsoftware.com\/ca\/wp-json\/wp\/v2\/comments?post=204123"}],"version-history":[{"count":0,"href":"https:\/\/tucomarca.whitekongsoftware.com\/ca\/wp-json\/wp\/v2\/posts\/204123\/revisions"}],"wp:featuredmedia":[{"embeddable":true,"href":"https:\/\/tucomarca.whitekongsoftware.com\/ca\/wp-json\/wp\/v2\/media\/204118"}],"wp:attachment":[{"href":"https:\/\/tucomarca.whitekongsoftware.com\/ca\/wp-json\/wp\/v2\/media?parent=204123"}],"wp:term":[{"taxonomy":"category","embeddable":true,"href":"https:\/\/tucomarca.whitekongsoftware.com\/ca\/wp-json\/wp\/v2\/categories?post=204123"},{"taxonomy":"post_tag","embeddable":true,"href":"https:\/\/tucomarca.whitekongsoftware.com\/ca\/wp-json\/wp\/v2\/tags?post=204123"}],"curies":[{"name":"wp","href":"https:\/\/api.w.org\/{rel}","templated":true}]}}